{"id":834,"date":"2015-05-04T23:12:15","date_gmt":"2015-05-05T04:12:15","guid":{"rendered":"http:\/\/www.on-school.com\/blog\/?p=834"},"modified":"2015-05-07T23:21:57","modified_gmt":"2015-05-08T04:21:57","slug":"el-reto-de-la-educacion-en-mexico-por-stephanie-guichard","status":"publish","type":"post","link":"https:\/\/www.on-school.com\/blog\/el-reto-de-la-educacion-en-mexico-por-stephanie-guichard\/","title":{"rendered":"El reto de la Educaci\u00f3n en M\u00e9xico por St\u00e9phanie Guichard"},"content":{"rendered":"<p>El presente art\u00edculo completo en Ingl\u00e9s lo puedes encontrar en el siguiente link:\u00a0<a href=\"http:\/\/www.oecd-ilibrary.org\/content\/workingpaper\/047122723082?crawler=true&amp;mimetype=application\/pdf\" target=\"_blank\">El reto de la Educaci\u00f3n en M\u00e9xico<\/a><\/p>\n<p><strong>RESUMEN<\/strong><\/p>\n<p>El reto de la educaci\u00f3n en M\u00e9xico: la entrega de una educaci\u00f3n de calidad para todos<\/p>\n<p>El crecimiento del PIB potencial en M\u00e9xico no es lo suficientemente r\u00e1pido como para reducir la brecha de ingresos con otros pa\u00edses de la OCDE a un ritmo suficiente. La persistente debilidad en el desarrollo del capital humano contribuye a esta situaci\u00f3n. En particular, los mexicanos gastan relativamente pocos a\u00f1os en la educaci\u00f3n formal, y la calidad de la educaci\u00f3n que reciben es menor que en otros pa\u00edses de la OCDE. En este trabajo se analiza el desempe\u00f1o de los servicios de educaci\u00f3n hasta el nivel secundario superior. Se eval\u00faa tanto la eficiencia (resultado de dinero invertido) y la equidad del sistema y muestra que el sistema educativo tiene que ser mejorado a\u00fan m\u00e1s para reducir la brecha de capital humano con otros pa\u00edses de la OCDE a un ritmo m\u00e1s r\u00e1pido y para preparar mejor a los ni\u00f1os para la vida y trabajar en una econom\u00eda moderna. El problema clave no es la falta de recursos, sino m\u00e1s bien ineficiencias y mala asignaci\u00f3n del gasto, junto con incentivos d\u00e9biles para profesionales de la educaci\u00f3n para un buen desempe\u00f1o. El documento hace recomendaciones espec\u00edficas para mejorar el sistema. Los continuos esfuerzos emprendidos por las autoridades van en la direcci\u00f3n correcta, pero no son suficientes.<\/p>\n<p><strong><a href=\"http:\/\/www.oecd-ilibrary.org\/content\/workingpaper\/047122723082?crawler=true&amp;mimetype=application\/pdf\" target=\"_blank\">Introducci\u00f3n: el desaf\u00edo del capital humano<\/a><\/strong><\/p>\n<p>1. Desde la crisis financiera de 1995, M\u00e9xico ha logrado avances sustanciales en cuanto a la estabilizaci\u00f3n macroecon\u00f3mica y las reformas importantes se han comprometido a abrir a\u00fan m\u00e1s la econom\u00eda, mejorar el funcionamiento de los mercados de productos y fortalecer el sector financiero. Sin embargo, la mejora en el desempe\u00f1o econ\u00f3mico ha seguido siendo insuficiente para reducir notablemente la brecha de ingresos con los pa\u00edses m\u00e1s avanzados de la OCDE. Con el crecimiento de la producci\u00f3n potencial estimada actualmente en torno al 4%, se necesitar\u00edan varias generaciones de M\u00e9xico para ponerse al d\u00eda con el PIB medio per c\u00e1pita de la OCDE. El principal reto para los responsables pol\u00edticos en M\u00e9xico es elevar el crecimiento potencial, y con ello la convergencia de las normas hacia los de los pa\u00edses m\u00e1s avanzados de la OCDE que viven. La brecha de ingresos en M\u00e9xico es en gran medida se explica por la baja productividad del trabajo, y la persistencia de la brecha por bajas ganancias de crecimiento de la productividad en las \u00faltimas d\u00e9cadas.<\/p>\n<p>2. Un factor importante detr\u00e1s de la baja productividad es el bajo nivel de capital humano. El capital humano en M\u00e9xico, medido por el promedio de a\u00f1os de escolaridad entre la poblaci\u00f3n en edad de trabajar, es la m\u00e1s baja de la OCDE y no s\u00f3lo se ha limitado el progreso en las \u00faltimas d\u00e9cadas (en contraste con Corea o incluso Espa\u00f1a y Grecia). Por otra parte, mientras que la educaci\u00f3n primaria se ha convertido en casi universal, las tasas de matr\u00edcula mexicanos siguen quedando en niveles de educaci\u00f3n secundaria inferior y superior. Alrededor del 20% de la poblaci\u00f3n de 12-15 a\u00f1os de edad ya ha abandonado la escuela y una cuarta parte de los que siguen en la escuela ya han repetido al menos una clase.<\/p>\n<p><strong>BIBLIOGRAF\u00cdA<\/strong><\/p>\n<p>Guichard, S. (2005). The education challenge in Mexico.<\/p>\n<figure id=\"attachment_835\" aria-describedby=\"caption-attachment-835\" style=\"width: 450px\" class=\"wp-caption aligncenter\"><a href=\"http:\/\/www.oecd-ilibrary.org\/content\/workingpaper\/047122723082?crawler=true&amp;mimetype=application\/pdf\" target=\"_blank\"><img fetchpriority=\"high\" decoding=\"async\" class=\"size-full wp-image-835\" src=\"http:\/\/www.on-school.com\/blog\/wp-content\/uploads\/2015\/05\/light-jackets-books-education-learning-volume_wallpaperwind.com_641.jpg\" alt=\"Retos de la Educaci\u00f3n\" width=\"450\" height=\"319\" srcset=\"https:\/\/www.on-school.com\/blog\/wp-content\/uploads\/2015\/05\/light-jackets-books-education-learning-volume_wallpaperwind.com_641.jpg 450w, https:\/\/www.on-school.com\/blog\/wp-content\/uploads\/2015\/05\/light-jackets-books-education-learning-volume_wallpaperwind.com_641-300x213.jpg 300w, https:\/\/www.on-school.com\/blog\/wp-content\/uploads\/2015\/05\/light-jackets-books-education-learning-volume_wallpaperwind.com_641-140x100.jpg 140w\" sizes=\"(max-width: 450px) 100vw, 450px\" \/><\/a><figcaption id=\"caption-attachment-835\" class=\"wp-caption-text\">Retos de la Educaci\u00f3n<\/figcaption><\/figure>\n","protected":false},"excerpt":{"rendered":"<p>El presente art\u00edculo completo en Ingl\u00e9s lo puedes encontrar en el siguiente link:\u00a0El reto de la Educaci\u00f3n en M\u00e9xico RESUMEN El reto de la educaci\u00f3n en M\u00e9xico: la entrega de una educaci\u00f3n de calidad para todos El crecimiento del PIB potencial en M\u00e9xico no es lo suficientemente r\u00e1pido como para reducir la brecha de ingresos [&hellip;]<\/p>\n","protected":false},"author":1,"featured_media":835,"comment_status":"open","ping_status":"open","sticky":false,"template":"","format":"standard","meta":{"om_disable_all_campaigns":false,"_monsterinsights_skip_tracking":false,"_monsterinsights_sitenote_active":false,"_monsterinsights_sitenote_note":"","_monsterinsights_sitenote_category":0,"_uf_show_specific_survey":0,"_uf_disable_surveys":false,"jetpack_post_was_ever_published":false,"_jetpack_newsletter_access":"","_jetpack_dont_email_post_to_subs":false,"_jetpack_newsletter_tier_id":0,"_jetpack_memberships_contains_paywalled_content":false,"_jetpack_memberships_contains_paid_content":false,"footnotes":"","jetpack_publicize_message":"","jetpack_publicize_feature_enabled":true,"jetpack_social_post_already_shared":true,"jetpack_social_options":{"image_generator_settings":{"template":"highway","default_image_id":0,"font":"","enabled":false},"version":2}},"categories":[819],"tags":[897,17,895,896,190],"class_list":["post-834","post","type-post","status-publish","format-standard","has-post-thumbnail","hentry","category-articulos","tag-capital-humano","tag-educacion","tag-education","tag-human-capital","tag-mexico"],"yoast_head":"<!-- This site is optimized with the Yoast SEO plugin v27.5 - https:\/\/yoast.com\/product\/yoast-seo-wordpress\/ -->\n<title>El reto de la Educaci\u00f3n en M\u00e9xico por St\u00e9phanie Guichard - On-School<\/title>\n<meta name=\"description\" content=\"El reto de la Educaci\u00f3n en M\u00e9xico por St\u00e9phanie Guichard\" \/>\n<meta name=\"robots\" content=\"index, follow, max-snippet:-1, max-image-preview:large, max-video-preview:-1\" \/>\n<link rel=\"canonical\" href=\"https:\/\/www.on-school.com\/blog\/el-reto-de-la-educacion-en-mexico-por-stephanie-guichard\/\" \/>\n<meta property=\"og:locale\" content=\"en_US\" \/>\n<meta property=\"og:type\" content=\"article\" \/>\n<meta property=\"og:title\" content=\"El reto de la Educaci\u00f3n en M\u00e9xico por St\u00e9phanie Guichard - On-School\" \/>\n<meta property=\"og:description\" content=\"El reto de la Educaci\u00f3n en M\u00e9xico por St\u00e9phanie Guichard\" \/>\n<meta property=\"og:url\" content=\"https:\/\/www.on-school.com\/blog\/el-reto-de-la-educacion-en-mexico-por-stephanie-guichard\/\" \/>\n<meta property=\"og:site_name\" content=\"On-School\" \/>\n<meta property=\"article:publisher\" content=\"https:\/\/www.facebook.com\/pages\/On-School-Plataforma-Educativa-Virtual\/359347014214506\" \/>\n<meta property=\"article:author\" content=\"https:\/\/www.facebook.com\/jolusafe5\" \/>\n<meta property=\"article:published_time\" content=\"2015-05-05T04:12:15+00:00\" \/>\n<meta property=\"article:modified_time\" content=\"2015-05-08T04:21:57+00:00\" \/>\n<meta property=\"og:image\" content=\"https:\/\/www.on-school.com\/blog\/wp-content\/uploads\/2015\/05\/light-jackets-books-education-learning-volume_wallpaperwind.com_641.jpg\" \/>\n\t<meta property=\"og:image:width\" content=\"450\" \/>\n\t<meta property=\"og:image:height\" content=\"319\" \/>\n\t<meta property=\"og:image:type\" content=\"image\/jpeg\" \/>\n<meta name=\"author\" content=\"jolusafe5\" \/>\n<meta name=\"twitter:card\" content=\"summary_large_image\" \/>\n<meta name=\"twitter:creator\" content=\"@jolusafe5\" \/>\n<meta name=\"twitter:site\" content=\"@dannyrq0103\" \/>\n<meta name=\"twitter:label1\" content=\"Written by\" \/>\n\t<meta name=\"twitter:data1\" content=\"jolusafe5\" \/>\n\t<meta name=\"twitter:label2\" content=\"Est. reading time\" \/>\n\t<meta name=\"twitter:data2\" content=\"3 minutes\" \/>\n<script type=\"application\/ld+json\" class=\"yoast-schema-graph\">{\"@context\":\"https:\\\/\\\/schema.org\",\"@graph\":[{\"@type\":\"Article\",\"@id\":\"https:\\\/\\\/www.on-school.com\\\/blog\\\/el-reto-de-la-educacion-en-mexico-por-stephanie-guichard\\\/#article\",\"isPartOf\":{\"@id\":\"https:\\\/\\\/www.on-school.com\\\/blog\\\/el-reto-de-la-educacion-en-mexico-por-stephanie-guichard\\\/\"},\"author\":{\"name\":\"jolusafe5\",\"@id\":\"https:\\\/\\\/www.on-school.com\\\/blog\\\/#\\\/schema\\\/person\\\/60396eb2dba803d5c761e33f467a0e58\"},\"headline\":\"El reto de la Educaci\u00f3n en M\u00e9xico por St\u00e9phanie Guichard\",\"datePublished\":\"2015-05-05T04:12:15+00:00\",\"dateModified\":\"2015-05-08T04:21:57+00:00\",\"mainEntityOfPage\":{\"@id\":\"https:\\\/\\\/www.on-school.com\\\/blog\\\/el-reto-de-la-educacion-en-mexico-por-stephanie-guichard\\\/\"},\"wordCount\":644,\"commentCount\":0,\"publisher\":{\"@id\":\"https:\\\/\\\/www.on-school.com\\\/blog\\\/#organization\"},\"image\":{\"@id\":\"https:\\\/\\\/www.on-school.com\\\/blog\\\/el-reto-de-la-educacion-en-mexico-por-stephanie-guichard\\\/#primaryimage\"},\"thumbnailUrl\":\"https:\\\/\\\/www.on-school.com\\\/blog\\\/wp-content\\\/uploads\\\/2015\\\/05\\\/light-jackets-books-education-learning-volume_wallpaperwind.com_641.jpg\",\"keywords\":[\"Capital humano\",\"educaci\u00f3n\",\"Education\",\"Human capital\",\"m\u00e9xico\"],\"articleSection\":[\"Art\u00edculos\"],\"inLanguage\":\"en-US\",\"potentialAction\":[{\"@type\":\"CommentAction\",\"name\":\"Comment\",\"target\":[\"https:\\\/\\\/www.on-school.com\\\/blog\\\/el-reto-de-la-educacion-en-mexico-por-stephanie-guichard\\\/#respond\"]}]},{\"@type\":\"WebPage\",\"@id\":\"https:\\\/\\\/www.on-school.com\\\/blog\\\/el-reto-de-la-educacion-en-mexico-por-stephanie-guichard\\\/\",\"url\":\"https:\\\/\\\/www.on-school.com\\\/blog\\\/el-reto-de-la-educacion-en-mexico-por-stephanie-guichard\\\/\",\"name\":\"El reto de la Educaci\u00f3n en M\u00e9xico por St\u00e9phanie Guichard - On-School\",\"isPartOf\":{\"@id\":\"https:\\\/\\\/www.on-school.com\\\/blog\\\/#website\"},\"primaryImageOfPage\":{\"@id\":\"https:\\\/\\\/www.on-school.com\\\/blog\\\/el-reto-de-la-educacion-en-mexico-por-stephanie-guichard\\\/#primaryimage\"},\"image\":{\"@id\":\"https:\\\/\\\/www.on-school.com\\\/blog\\\/el-reto-de-la-educacion-en-mexico-por-stephanie-guichard\\\/#primaryimage\"},\"thumbnailUrl\":\"https:\\\/\\\/www.on-school.com\\\/blog\\\/wp-content\\\/uploads\\\/2015\\\/05\\\/light-jackets-books-education-learning-volume_wallpaperwind.com_641.jpg\",\"datePublished\":\"2015-05-05T04:12:15+00:00\",\"dateModified\":\"2015-05-08T04:21:57+00:00\",\"description\":\"El reto de la Educaci\u00f3n en M\u00e9xico por St\u00e9phanie Guichard\",\"breadcrumb\":{\"@id\":\"https:\\\/\\\/www.on-school.com\\\/blog\\\/el-reto-de-la-educacion-en-mexico-por-stephanie-guichard\\\/#breadcrumb\"},\"inLanguage\":\"en-US\",\"potentialAction\":[{\"@type\":\"ReadAction\",\"target\":[\"https:\\\/\\\/www.on-school.com\\\/blog\\\/el-reto-de-la-educacion-en-mexico-por-stephanie-guichard\\\/\"]}]},{\"@type\":\"ImageObject\",\"inLanguage\":\"en-US\",\"@id\":\"https:\\\/\\\/www.on-school.com\\\/blog\\\/el-reto-de-la-educacion-en-mexico-por-stephanie-guichard\\\/#primaryimage\",\"url\":\"https:\\\/\\\/www.on-school.com\\\/blog\\\/wp-content\\\/uploads\\\/2015\\\/05\\\/light-jackets-books-education-learning-volume_wallpaperwind.com_641.jpg\",\"contentUrl\":\"https:\\\/\\\/www.on-school.com\\\/blog\\\/wp-content\\\/uploads\\\/2015\\\/05\\\/light-jackets-books-education-learning-volume_wallpaperwind.com_641.jpg\",\"width\":450,\"height\":319,\"caption\":\"Retos de la Educaci\u00f3n\"},{\"@type\":\"BreadcrumbList\",\"@id\":\"https:\\\/\\\/www.on-school.com\\\/blog\\\/el-reto-de-la-educacion-en-mexico-por-stephanie-guichard\\\/#breadcrumb\",\"itemListElement\":[{\"@type\":\"ListItem\",\"position\":1,\"name\":\"Inicio\",\"item\":\"https:\\\/\\\/www.on-school.com\\\/blog\\\/\"},{\"@type\":\"ListItem\",\"position\":2,\"name\":\"El reto de la Educaci\u00f3n en M\u00e9xico por St\u00e9phanie Guichard\"}]},{\"@type\":\"WebSite\",\"@id\":\"https:\\\/\\\/www.on-school.com\\\/blog\\\/#website\",\"url\":\"https:\\\/\\\/www.on-school.com\\\/blog\\\/\",\"name\":\"On-School\",\"description\":\"Aula Virtual Educativa\",\"publisher\":{\"@id\":\"https:\\\/\\\/www.on-school.com\\\/blog\\\/#organization\"},\"potentialAction\":[{\"@type\":\"SearchAction\",\"target\":{\"@type\":\"EntryPoint\",\"urlTemplate\":\"https:\\\/\\\/www.on-school.com\\\/blog\\\/?s={search_term_string}\"},\"query-input\":{\"@type\":\"PropertyValueSpecification\",\"valueRequired\":true,\"valueName\":\"search_term_string\"}}],\"inLanguage\":\"en-US\"},{\"@type\":\"Organization\",\"@id\":\"https:\\\/\\\/www.on-school.com\\\/blog\\\/#organization\",\"name\":\"On-School\",\"url\":\"https:\\\/\\\/www.on-school.com\\\/blog\\\/\",\"logo\":{\"@type\":\"ImageObject\",\"inLanguage\":\"en-US\",\"@id\":\"https:\\\/\\\/www.on-school.com\\\/blog\\\/#\\\/schema\\\/logo\\\/image\\\/\",\"url\":\"https:\\\/\\\/www.on-school.com\\\/blog\\\/wp-content\\\/uploads\\\/2025\\\/09\\\/logoNewSchool.jpg\",\"contentUrl\":\"https:\\\/\\\/www.on-school.com\\\/blog\\\/wp-content\\\/uploads\\\/2025\\\/09\\\/logoNewSchool.jpg\",\"width\":778,\"height\":777,\"caption\":\"On-School\"},\"image\":{\"@id\":\"https:\\\/\\\/www.on-school.com\\\/blog\\\/#\\\/schema\\\/logo\\\/image\\\/\"},\"sameAs\":[\"https:\\\/\\\/www.facebook.com\\\/pages\\\/On-School-Plataforma-Educativa-Virtual\\\/359347014214506\",\"https:\\\/\\\/x.com\\\/dannyrq0103\"]},{\"@type\":\"Person\",\"@id\":\"https:\\\/\\\/www.on-school.com\\\/blog\\\/#\\\/schema\\\/person\\\/60396eb2dba803d5c761e33f467a0e58\",\"name\":\"jolusafe5\",\"image\":{\"@type\":\"ImageObject\",\"inLanguage\":\"en-US\",\"@id\":\"https:\\\/\\\/secure.gravatar.com\\\/avatar\\\/d2a6967d3c1736c22d3eca3839cb5260e71ac1ef16ce076cb36aeea8ca491315?s=96&d=mm&r=g\",\"url\":\"https:\\\/\\\/secure.gravatar.com\\\/avatar\\\/d2a6967d3c1736c22d3eca3839cb5260e71ac1ef16ce076cb36aeea8ca491315?s=96&d=mm&r=g\",\"contentUrl\":\"https:\\\/\\\/secure.gravatar.com\\\/avatar\\\/d2a6967d3c1736c22d3eca3839cb5260e71ac1ef16ce076cb36aeea8ca491315?s=96&d=mm&r=g\",\"caption\":\"jolusafe5\"},\"description\":\"Apasionado por los temas educativos, ciencias sociales y tecnolog\u00eda. Ingeniero en Computaci\u00f3n y Sistemas por la Universidad Popular Aut\u00f3noma del Estado de Puebla (UPAEP) . Maestr\u00eda en Inform\u00e1tica Aplicada por el Instituto Tecnol\u00f3gico y de Estudios Superiores de Occidente (ITESO). Estudiante de Maestr\u00eda en Inteligencia Artificial por ALINNCO.\",\"sameAs\":[\"http:\\\/\\\/www.on-school.com\",\"https:\\\/\\\/www.facebook.com\\\/jolusafe5\",\"https:\\\/\\\/x.com\\\/jolusafe5\"],\"url\":\"https:\\\/\\\/www.on-school.com\\\/blog\\\/author\\\/jolusafe5\\\/\"}]}<\/script>\n<!-- \/ Yoast SEO plugin. -->","yoast_head_json":{"title":"El reto de la Educaci\u00f3n en M\u00e9xico por St\u00e9phanie Guichard - On-School","description":"El reto de la Educaci\u00f3n en M\u00e9xico por St\u00e9phanie Guichard","robots":{"index":"index","follow":"follow","max-snippet":"max-snippet:-1","max-image-preview":"max-image-preview:large","max-video-preview":"max-video-preview:-1"},"canonical":"https:\/\/www.on-school.com\/blog\/el-reto-de-la-educacion-en-mexico-por-stephanie-guichard\/","og_locale":"en_US","og_type":"article","og_title":"El reto de la Educaci\u00f3n en M\u00e9xico por St\u00e9phanie Guichard - On-School","og_description":"El reto de la Educaci\u00f3n en M\u00e9xico por St\u00e9phanie Guichard","og_url":"https:\/\/www.on-school.com\/blog\/el-reto-de-la-educacion-en-mexico-por-stephanie-guichard\/","og_site_name":"On-School","article_publisher":"https:\/\/www.facebook.com\/pages\/On-School-Plataforma-Educativa-Virtual\/359347014214506","article_author":"https:\/\/www.facebook.com\/jolusafe5","article_published_time":"2015-05-05T04:12:15+00:00","article_modified_time":"2015-05-08T04:21:57+00:00","og_image":[{"width":450,"height":319,"url":"https:\/\/www.on-school.com\/blog\/wp-content\/uploads\/2015\/05\/light-jackets-books-education-learning-volume_wallpaperwind.com_641.jpg","type":"image\/jpeg"}],"author":"jolusafe5","twitter_card":"summary_large_image","twitter_creator":"@jolusafe5","twitter_site":"@dannyrq0103","twitter_misc":{"Written by":"jolusafe5","Est. reading time":"3 minutes"},"schema":{"@context":"https:\/\/schema.org","@graph":[{"@type":"Article","@id":"https:\/\/www.on-school.com\/blog\/el-reto-de-la-educacion-en-mexico-por-stephanie-guichard\/#article","isPartOf":{"@id":"https:\/\/www.on-school.com\/blog\/el-reto-de-la-educacion-en-mexico-por-stephanie-guichard\/"},"author":{"name":"jolusafe5","@id":"https:\/\/www.on-school.com\/blog\/#\/schema\/person\/60396eb2dba803d5c761e33f467a0e58"},"headline":"El reto de la Educaci\u00f3n en M\u00e9xico por St\u00e9phanie Guichard","datePublished":"2015-05-05T04:12:15+00:00","dateModified":"2015-05-08T04:21:57+00:00","mainEntityOfPage":{"@id":"https:\/\/www.on-school.com\/blog\/el-reto-de-la-educacion-en-mexico-por-stephanie-guichard\/"},"wordCount":644,"commentCount":0,"publisher":{"@id":"https:\/\/www.on-school.com\/blog\/#organization"},"image":{"@id":"https:\/\/www.on-school.com\/blog\/el-reto-de-la-educacion-en-mexico-por-stephanie-guichard\/#primaryimage"},"thumbnailUrl":"https:\/\/www.on-school.com\/blog\/wp-content\/uploads\/2015\/05\/light-jackets-books-education-learning-volume_wallpaperwind.com_641.jpg","keywords":["Capital humano","educaci\u00f3n","Education","Human capital","m\u00e9xico"],"articleSection":["Art\u00edculos"],"inLanguage":"en-US","potentialAction":[{"@type":"CommentAction","name":"Comment","target":["https:\/\/www.on-school.com\/blog\/el-reto-de-la-educacion-en-mexico-por-stephanie-guichard\/#respond"]}]},{"@type":"WebPage","@id":"https:\/\/www.on-school.com\/blog\/el-reto-de-la-educacion-en-mexico-por-stephanie-guichard\/","url":"https:\/\/www.on-school.com\/blog\/el-reto-de-la-educacion-en-mexico-por-stephanie-guichard\/","name":"El reto de la Educaci\u00f3n en M\u00e9xico por St\u00e9phanie Guichard - On-School","isPartOf":{"@id":"https:\/\/www.on-school.com\/blog\/#website"},"primaryImageOfPage":{"@id":"https:\/\/www.on-school.com\/blog\/el-reto-de-la-educacion-en-mexico-por-stephanie-guichard\/#primaryimage"},"image":{"@id":"https:\/\/www.on-school.com\/blog\/el-reto-de-la-educacion-en-mexico-por-stephanie-guichard\/#primaryimage"},"thumbnailUrl":"https:\/\/www.on-school.com\/blog\/wp-content\/uploads\/2015\/05\/light-jackets-books-education-learning-volume_wallpaperwind.com_641.jpg","datePublished":"2015-05-05T04:12:15+00:00","dateModified":"2015-05-08T04:21:57+00:00","description":"El reto de la Educaci\u00f3n en M\u00e9xico por St\u00e9phanie Guichard","breadcrumb":{"@id":"https:\/\/www.on-school.com\/blog\/el-reto-de-la-educacion-en-mexico-por-stephanie-guichard\/#breadcrumb"},"inLanguage":"en-US","potentialAction":[{"@type":"ReadAction","target":["https:\/\/www.on-school.com\/blog\/el-reto-de-la-educacion-en-mexico-por-stephanie-guichard\/"]}]},{"@type":"ImageObject","inLanguage":"en-US","@id":"https:\/\/www.on-school.com\/blog\/el-reto-de-la-educacion-en-mexico-por-stephanie-guichard\/#primaryimage","url":"https:\/\/www.on-school.com\/blog\/wp-content\/uploads\/2015\/05\/light-jackets-books-education-learning-volume_wallpaperwind.com_641.jpg","contentUrl":"https:\/\/www.on-school.com\/blog\/wp-content\/uploads\/2015\/05\/light-jackets-books-education-learning-volume_wallpaperwind.com_641.jpg","width":450,"height":319,"caption":"Retos de la Educaci\u00f3n"},{"@type":"BreadcrumbList","@id":"https:\/\/www.on-school.com\/blog\/el-reto-de-la-educacion-en-mexico-por-stephanie-guichard\/#breadcrumb","itemListElement":[{"@type":"ListItem","position":1,"name":"Inicio","item":"https:\/\/www.on-school.com\/blog\/"},{"@type":"ListItem","position":2,"name":"El reto de la Educaci\u00f3n en M\u00e9xico por St\u00e9phanie Guichard"}]},{"@type":"WebSite","@id":"https:\/\/www.on-school.com\/blog\/#website","url":"https:\/\/www.on-school.com\/blog\/","name":"On-School","description":"Aula Virtual Educativa","publisher":{"@id":"https:\/\/www.on-school.com\/blog\/#organization"},"potentialAction":[{"@type":"SearchAction","target":{"@type":"EntryPoint","urlTemplate":"https:\/\/www.on-school.com\/blog\/?s={search_term_string}"},"query-input":{"@type":"PropertyValueSpecification","valueRequired":true,"valueName":"search_term_string"}}],"inLanguage":"en-US"},{"@type":"Organization","@id":"https:\/\/www.on-school.com\/blog\/#organization","name":"On-School","url":"https:\/\/www.on-school.com\/blog\/","logo":{"@type":"ImageObject","inLanguage":"en-US","@id":"https:\/\/www.on-school.com\/blog\/#\/schema\/logo\/image\/","url":"https:\/\/www.on-school.com\/blog\/wp-content\/uploads\/2025\/09\/logoNewSchool.jpg","contentUrl":"https:\/\/www.on-school.com\/blog\/wp-content\/uploads\/2025\/09\/logoNewSchool.jpg","width":778,"height":777,"caption":"On-School"},"image":{"@id":"https:\/\/www.on-school.com\/blog\/#\/schema\/logo\/image\/"},"sameAs":["https:\/\/www.facebook.com\/pages\/On-School-Plataforma-Educativa-Virtual\/359347014214506","https:\/\/x.com\/dannyrq0103"]},{"@type":"Person","@id":"https:\/\/www.on-school.com\/blog\/#\/schema\/person\/60396eb2dba803d5c761e33f467a0e58","name":"jolusafe5","image":{"@type":"ImageObject","inLanguage":"en-US","@id":"https:\/\/secure.gravatar.com\/avatar\/d2a6967d3c1736c22d3eca3839cb5260e71ac1ef16ce076cb36aeea8ca491315?s=96&d=mm&r=g","url":"https:\/\/secure.gravatar.com\/avatar\/d2a6967d3c1736c22d3eca3839cb5260e71ac1ef16ce076cb36aeea8ca491315?s=96&d=mm&r=g","contentUrl":"https:\/\/secure.gravatar.com\/avatar\/d2a6967d3c1736c22d3eca3839cb5260e71ac1ef16ce076cb36aeea8ca491315?s=96&d=mm&r=g","caption":"jolusafe5"},"description":"Apasionado por los temas educativos, ciencias sociales y tecnolog\u00eda. Ingeniero en Computaci\u00f3n y Sistemas por la Universidad Popular Aut\u00f3noma del Estado de Puebla (UPAEP) . Maestr\u00eda en Inform\u00e1tica Aplicada por el Instituto Tecnol\u00f3gico y de Estudios Superiores de Occidente (ITESO). Estudiante de Maestr\u00eda en Inteligencia Artificial por ALINNCO.","sameAs":["http:\/\/www.on-school.com","https:\/\/www.facebook.com\/jolusafe5","https:\/\/x.com\/jolusafe5"],"url":"https:\/\/www.on-school.com\/blog\/author\/jolusafe5\/"}]}},"jetpack_publicize_connections":[],"jetpack_featured_media_url":"https:\/\/www.on-school.com\/blog\/wp-content\/uploads\/2015\/05\/light-jackets-books-education-learning-volume_wallpaperwind.com_641.jpg","jetpack_shortlink":"https:\/\/wp.me\/p4Yboc-ds","jetpack_sharing_enabled":true,"jetpack-related-posts":[{"id":27,"url":"https:\/\/www.on-school.com\/blog\/gestion-de-servicios-y-la-educacion-vista-como-un-sistema-de-servicio\/","url_meta":{"origin":834,"position":0},"title":"Gesti\u00f3n de Servicios y la Educaci\u00f3n vista como un Sistema de Servicio (I)","author":"jolusafe5","date":"23\/08\/2014","format":false,"excerpt":"Un tema por dem\u00e1s interesante y pol\u00e9mico para m\u00ed es la Educaci\u00f3n en M\u00e9xico. Es un tema que me apasiona desde el punto de vista de educar a la sociedad para que M\u00e9xico salga adelante. Esto me ha llevado a enfocar mi tema de servicios hacia la educaci\u00f3n, en todos\u2026","rel":"","context":"In &quot;Gesti\u00f3n de Servicios de TI&quot;","block_context":{"text":"Gesti\u00f3n de Servicios de TI","link":"https:\/\/www.on-school.com\/blog\/category\/tecnologias-de-la-informacion\/informatica-aplicada\/gestion-de-servicios-de-ti\/"},"img":{"alt_text":"Educaci\u00f3n como Servicio","src":"https:\/\/i0.wp.com\/www.on-school.com\/blog\/wp-content\/uploads\/2014\/08\/Servicio-Pa%C3%ADs-Educaci%C3%B3n1.jpg?resize=350%2C200&ssl=1","width":350,"height":200,"srcset":"https:\/\/i0.wp.com\/www.on-school.com\/blog\/wp-content\/uploads\/2014\/08\/Servicio-Pa%C3%ADs-Educaci%C3%B3n1.jpg?resize=350%2C200&ssl=1 1x, https:\/\/i0.wp.com\/www.on-school.com\/blog\/wp-content\/uploads\/2014\/08\/Servicio-Pa%C3%ADs-Educaci%C3%B3n1.jpg?resize=525%2C300&ssl=1 1.5x, https:\/\/i0.wp.com\/www.on-school.com\/blog\/wp-content\/uploads\/2014\/08\/Servicio-Pa%C3%ADs-Educaci%C3%B3n1.jpg?resize=700%2C400&ssl=1 2x"},"classes":[]},{"id":38,"url":"https:\/\/www.on-school.com\/blog\/gestion-de-servicios-y-la-educacion-vista-como-un-sistema-de-servicio-ii\/","url_meta":{"origin":834,"position":1},"title":"Gesti\u00f3n de Servicios y la Educaci\u00f3n vista como un Sistema de Servicio (II)","author":"jolusafe5","date":"24\/08\/2014","format":false,"excerpt":"Jeffrey Puryear nos dice que estos problemas no son exclusivos de M\u00e9xico, sino que Am\u00e9rica Latina necesita un nuevo enfoque de la educaci\u00f3n (Puryear, 1997).\u00a0 Tambi\u00e9n nos da un panorama de las pol\u00edticas que se han estado siguiendo, basadas principalmente en la extensi\u00f3n de la cobertura a m\u00e1s alumnos que\u2026","rel":"","context":"In &quot;Gesti\u00f3n de Servicios de TI&quot;","block_context":{"text":"Gesti\u00f3n de Servicios de TI","link":"https:\/\/www.on-school.com\/blog\/category\/tecnologias-de-la-informacion\/informatica-aplicada\/gestion-de-servicios-de-ti\/"},"img":{"alt_text":"Calidad en el servicio educativo","src":"https:\/\/i0.wp.com\/www.on-school.com\/blog\/wp-content\/uploads\/2014\/08\/calidad-en-el-servicio-educativo-21.jpg?resize=350%2C200&ssl=1","width":350,"height":200},"classes":[]},{"id":152,"url":"https:\/\/www.on-school.com\/blog\/que-es-el-funcionalismo-desde-la-teoria-de-durkheim\/","url_meta":{"origin":834,"position":2},"title":"Qu\u00e9 es el Funcionalismo desde la teor\u00eda de Durkheim","author":"Daniela Robles","date":"09\/09\/2014","format":false,"excerpt":"El presente trabajo analiza la teor\u00eda funcionalista de Emile Durkheim y de Max Weber. Se abordan las ideas que Durkheim comenta en su libro \u201cEducaci\u00f3n y Sociolog\u00eda\u201d. As\u00ed mismo, se reflexionan laslecturas, videos, ensayos, textos, con relaci\u00f3n a la educaci\u00f3n funcionalista en las sociedades. Se analizan los temas en base\u2026","rel":"","context":"In &quot;Ciencias de la Educaci\u00f3n&quot;","block_context":{"text":"Ciencias de la Educaci\u00f3n","link":"https:\/\/www.on-school.com\/blog\/category\/ciencias-de-la-educacion\/"},"img":{"alt_text":"","src":"https:\/\/i0.wp.com\/www.on-school.com\/blog\/wp-content\/uploads\/2014\/09\/durkheim_emile1.jpg?resize=350%2C200&ssl=1","width":350,"height":200},"classes":[]},{"id":363,"url":"https:\/\/www.on-school.com\/blog\/los-fundamentos-filosoficos-y-psicologicos-para-una-educacion-humanista\/","url_meta":{"origin":834,"position":3},"title":"Los fundamentos filos\u00f3ficos y psicol\u00f3gicos para una educaci\u00f3n humanista","author":"Daniela Robles","date":"07\/10\/2014","format":false,"excerpt":"INTRODUCCI\u00d3N: UN CONTINUO RETO. \u00bfESTABLECIENDO FUNDAMENTOS O CONSTRUYENDO FUNDAMENTOS? NUESTRO DESEO DE VIVIR: LA FUENTE DE LOS FUNDAMENTOS Este es un proceso dial\u00e9ctico, un proceso de avance y retroceso, de progreso y declinaci\u00f3n, de descubrimiento y oscuridades pero all\u00ed est\u00e1 la fuente de los fundamentos de lo educativo. EL DEBER\u2026","rel":"","context":"In &quot;Desarrollo en un mundo globalizado&quot;","block_context":{"text":"Desarrollo en un mundo globalizado","link":"https:\/\/www.on-school.com\/blog\/category\/procesos-educativos\/desarrollo-en-un-mundo-globalizado\/"},"img":{"alt_text":"Mundo unido","src":"https:\/\/i0.wp.com\/www.on-school.com\/blog\/wp-content\/uploads\/2014\/10\/mundo-manos1.png?resize=350%2C200&ssl=1","width":350,"height":200,"srcset":"https:\/\/i0.wp.com\/www.on-school.com\/blog\/wp-content\/uploads\/2014\/10\/mundo-manos1.png?resize=350%2C200&ssl=1 1x, https:\/\/i0.wp.com\/www.on-school.com\/blog\/wp-content\/uploads\/2014\/10\/mundo-manos1.png?resize=525%2C300&ssl=1 1.5x"},"classes":[]},{"id":133,"url":"https:\/\/www.on-school.com\/blog\/gestion-de-servicios-y-la-educacion-vista-como-un-sistema-de-servicio-xvii\/","url_meta":{"origin":834,"position":4},"title":"Gesti\u00f3n de Servicios y la Educaci\u00f3n vista como un Sistema de Servicio (XVII)","author":"jolusafe5","date":"07\/09\/2014","format":false,"excerpt":"CONCLUSIONES Y PUNTOS DE VISTA SOBRE LA GESTI\u00d3N DE SERVICIOS DE TI En conclusi\u00f3n podemos llegar que es necesario adecuar nuestro actual sistema de educaci\u00f3n. Existen muchos modelos y sistemas que nos pueden servir como ejemplo y que nos pueden dar los resultados que M\u00e9xico necesita. Mediante mi presente ensayo\u2026","rel":"","context":"In &quot;Gesti\u00f3n de Servicios de TI&quot;","block_context":{"text":"Gesti\u00f3n de Servicios de TI","link":"https:\/\/www.on-school.com\/blog\/category\/tecnologias-de-la-informacion\/informatica-aplicada\/gestion-de-servicios-de-ti\/"},"img":{"alt_text":"Educaci\u00f3n","src":"https:\/\/i0.wp.com\/www.on-school.com\/blog\/wp-content\/uploads\/2014\/08\/education1.jpg?resize=350%2C200&ssl=1","width":350,"height":200},"classes":[]},{"id":706,"url":"https:\/\/www.on-school.com\/blog\/evaluacion-educativa-y-pruebas-estandarizadas-elementos-para-enriquecer-el-debate-felipe-martinez-rizo\/","url_meta":{"origin":834,"position":5},"title":"Evaluaci\u00f3n Educativa y pruebas estandarizadas. Elementos para enriquecer el debate. Felipe Mart\u00ednez Rizo.","author":"Daniela Robles","date":"11\/01\/2015","format":false,"excerpt":"La presente investigaci\u00f3n rescata aspectos importantes que expresan las ideas dichas por el autor Felipe Mart\u00ednez Rizo, sobre los elementos que constituye la evaluaci\u00f3n educativa y las pruebas que se realizan para dicha evaluaci\u00f3n. La evaluaci\u00f3n educativa en M\u00e9xico se dice centrarse en el profesor, posteriormente se inclina en la\u2026","rel":"","context":"In &quot;An\u00e1lisis de las Organizaciones Educativas&quot;","block_context":{"text":"An\u00e1lisis de las Organizaciones Educativas","link":"https:\/\/www.on-school.com\/blog\/category\/ciencias-de-la-educacion\/analisis-de-las-organizaciones-educativas\/"},"img":{"alt_text":"La evaluacion educativa de Felipe Martinez","src":"https:\/\/i0.wp.com\/www.on-school.com\/blog\/wp-content\/uploads\/2015\/02\/image0011.gif?resize=350%2C200&ssl=1","width":350,"height":200},"classes":[]}],"jetpack_likes_enabled":true,"_links":{"self":[{"href":"https:\/\/www.on-school.com\/blog\/wp-json\/wp\/v2\/posts\/834","targetHints":{"allow":["GET"]}}],"collection":[{"href":"https:\/\/www.on-school.com\/blog\/wp-json\/wp\/v2\/posts"}],"about":[{"href":"https:\/\/www.on-school.com\/blog\/wp-json\/wp\/v2\/types\/post"}],"author":[{"embeddable":true,"href":"https:\/\/www.on-school.com\/blog\/wp-json\/wp\/v2\/users\/1"}],"replies":[{"embeddable":true,"href":"https:\/\/www.on-school.com\/blog\/wp-json\/wp\/v2\/comments?post=834"}],"version-history":[{"count":1,"href":"https:\/\/www.on-school.com\/blog\/wp-json\/wp\/v2\/posts\/834\/revisions"}],"predecessor-version":[{"id":836,"href":"https:\/\/www.on-school.com\/blog\/wp-json\/wp\/v2\/posts\/834\/revisions\/836"}],"wp:featuredmedia":[{"embeddable":true,"href":"https:\/\/www.on-school.com\/blog\/wp-json\/wp\/v2\/media\/835"}],"wp:attachment":[{"href":"https:\/\/www.on-school.com\/blog\/wp-json\/wp\/v2\/media?parent=834"}],"wp:term":[{"taxonomy":"category","embeddable":true,"href":"https:\/\/www.on-school.com\/blog\/wp-json\/wp\/v2\/categories?post=834"},{"taxonomy":"post_tag","embeddable":true,"href":"https:\/\/www.on-school.com\/blog\/wp-json\/wp\/v2\/tags?post=834"}],"curies":[{"name":"wp","href":"https:\/\/api.w.org\/{rel}","templated":true}]}}