{"id":830,"date":"2015-05-06T23:03:33","date_gmt":"2015-05-07T04:03:33","guid":{"rendered":"http:\/\/www.on-school.com\/blog\/?p=830"},"modified":"2015-05-07T23:05:44","modified_gmt":"2015-05-08T04:05:44","slug":"investigacion-violencia-escolar-en-mexico-y-otros-paises","status":"publish","type":"post","link":"https:\/\/www.on-school.com\/blog\/investigacion-violencia-escolar-en-mexico-y-otros-paises\/","title":{"rendered":"Investigaci\u00f3n: Violencia escolar en M\u00e9xico y otros pa\u00edses"},"content":{"rendered":"<p>El presente art\u00edculo completo en Ingl\u00e9s lo puedes encontrar en el siguiente link:\u00a0<a href=\"http:\/\/www.comie.org.mx\/documentos\/rmie\/v13\/n039\/pdf\/ART39007EN.pdf\" target=\"_blank\">Investigaci\u00f3n: Violencia escolar en M\u00e9xico y otros pa\u00edses<\/a><\/p>\n<p>Resumen:<\/p>\n<p>Este estudio analiza la magnitud de la violencia reportada por los estudiantes de primaria y secundaria en M\u00e9xico en el documento titulado &#8220;La disciplina, la violencia y el consumo de sustancias perjudiciales en Primaria y Secundaria en M\u00e9xico&#8221;, presentado por el Instituto Nacional para la Evaluaci\u00f3n de la Educaci\u00f3n. Los datos se comparan con la informaci\u00f3n internacional sobre la magnitud de la violencia escolar observada, y se sugieren alternativas para explorar el problema en la escuela, basado en los resultados del informe de an\u00e1lisis. Teniendo en cuenta las reservas que se indican en el art\u00edculo, la comparaci\u00f3n identifica los pa\u00edses que reportan proporciones menores y mayores de violencia entre sus alumnos.<\/p>\n<p>Introducci\u00f3n<\/p>\n<p>La violencia es un tema de inter\u00e9s en todo el mundo, y particularmente en M\u00e9xico. Los medios de comunicaci\u00f3n dedican un amplio espacio a la difusi\u00f3n de informaci\u00f3n sobre los eventos extremadamente violentos en diferentes partes de la naci\u00f3n. Los l\u00edderes de opini\u00f3n, analistas sociales y pol\u00edticos expresan su preocupaci\u00f3n por la situaci\u00f3n, contribuyendo a agudizar la impresi\u00f3n en el imaginario colectivo de que la violencia est\u00e1 creciendo de manera exponencial, de manera incontrolada, en todos los aspectos de la vida social.<\/p>\n<p>Por otro lado, uno de los temas dominantes en el discurso del primer a\u00f1o de esta administraci\u00f3n presidencial (2006-2012) incorpora la referencia a la violencia, pareciendo as\u00ed a la intenci\u00f3n de influir en la percepci\u00f3n de la seguridad de las familias mexicanas throuogh estrategias program\u00e1ticas con nombres sugerentes , como &#8220;Limpiemos M\u00e9xico&#8221; (&#8220;Vamos a Limpiar M\u00e9xico&#8221;) y &#8220;Rescate de Espacios P\u00fablicos&#8221; (&#8220;Rescate de Espacios P\u00fablicos&#8221;).<\/p>\n<p>En consonancia con este discurso, en febrero de 2007, se present\u00f3 el programa &#8220;Escuela Segura&#8221; (&#8220;Escuelas Seguras&#8221;). El programa tiene como objetivo convertir las escuelas en &#8220;lugares libres de la violencia, la delincuencia y las adicciones&#8221; (septiembre, 2007). Su perspectiva es centrarse, al menos al principio, en los 45 municipios que concentran el 58% de los \u00edndices delictivos de la naci\u00f3n. La clara implicaci\u00f3n es una asociaci\u00f3n entre el comportamiento y las pol\u00edticas para prevenir la violencia en la escuela criminal.<\/p>\n<p>La pol\u00edtica educativa parece haber abordado el tema desde una perspectiva de la violencia criminal asociada a comportamientos ilegales. Aunque otros pa\u00edses han realizado estudios que exploran la violencia en las escuelas, tales como el estudio dirigido en 2003 por el Departamento de Justicia de Canad\u00e1 (que trat\u00f3 de establecer el impacto de los programas de prevenci\u00f3n del delito) y estudios llevados a cabo en Francia, Israel y otros pa\u00edses que exploran la relaci\u00f3n entre la violencia escolar y el comportamiento criminal (Avil\u00e9s, 2002; Soen, 2002), el tema ha sido analizado m\u00e1s como una dimensi\u00f3n de la interacci\u00f3n entre los agentes de la escuela, en particular los estudiantes, en el contexto de cada d\u00eda en la escuela. Esta perspectiva se relaciona el concepto de violencia con el acoso escolar. La distinci\u00f3n es importante porque este enfoque ha sido el principal generador de los conocimientos disponibles sobre la violencia escolar.<\/p>\n<p>En este contexto, y teniendo en cuenta que la magnitud de la violencia escolar se ha establecido con precisi\u00f3n en un estudio nacional por el Instituto Nacional para la Evaluaci\u00f3n de la Educaci\u00f3n (INEE) -discussed por debajo de la reflexi\u00f3n es necesaria desde diversos puntos de vista sobre diversos temas. Uno de estos temas es el grado en el que la violencia est\u00e1 presente en comparaci\u00f3n con otras partes del mundo; otra necesidad es identificar posibilidades para enriquecer y aumentar la precisi\u00f3n y alcance de la informaci\u00f3n en el informe mencionado.<\/p>\n<p>Tal es la idea detr\u00e1s del estudio descrito aqu\u00ed. Como resultado, una revisi\u00f3n documental se ha hecho de los informes sobre la investigaci\u00f3n similar a la de la INEE-investigaci\u00f3n que intenta explorar la proporci\u00f3n de estudiantes que participan en actos de violencia como agresores o como v\u00edctimas, sobre todo por medio de muestras que intentan explicar el fen\u00f3meno en los pa\u00edses o regiones. El objetivo de la comparaci\u00f3n es localizar los resultados disponibles en M\u00e9xico con respecto a los resultados publicados en otros contextos.<\/p>\n<p><strong>BIBLIOGRAF\u00cdA<\/strong><\/p>\n<p>ABUNDEZ, G. M. SCHOOL VIOLENCE IN MEXICO AND OTHER COUNTRIES.<\/p>\n<figure id=\"attachment_831\" aria-describedby=\"caption-attachment-831\" style=\"width: 615px\" class=\"wp-caption aligncenter\"><a href=\"http:\/\/www.comie.org.mx\/documentos\/rmie\/v13\/n039\/pdf\/ART39007EN.pdf\" target=\"_blank\"><img fetchpriority=\"high\" decoding=\"async\" class=\"size-full wp-image-831\" src=\"http:\/\/www.on-school.com\/blog\/wp-content\/uploads\/2015\/05\/violence-in-children-031.jpg\" alt=\"Violencia escolar\" width=\"615\" height=\"405\" srcset=\"https:\/\/www.on-school.com\/blog\/wp-content\/uploads\/2015\/05\/violence-in-children-031.jpg 615w, https:\/\/www.on-school.com\/blog\/wp-content\/uploads\/2015\/05\/violence-in-children-031-300x198.jpg 300w\" sizes=\"(max-width: 615px) 100vw, 615px\" \/><\/a><figcaption id=\"caption-attachment-831\" class=\"wp-caption-text\">Violencia escolar<\/figcaption><\/figure>\n","protected":false},"excerpt":{"rendered":"<p>El presente art\u00edculo completo en Ingl\u00e9s lo puedes encontrar en el siguiente link:\u00a0Investigaci\u00f3n: Violencia escolar en M\u00e9xico y otros pa\u00edses Resumen: Este estudio analiza la magnitud de la violencia reportada por los estudiantes de primaria y secundaria en M\u00e9xico en el documento titulado &#8220;La disciplina, la violencia y el consumo de sustancias perjudiciales en Primaria [&hellip;]<\/p>\n","protected":false},"author":1,"featured_media":831,"comment_status":"open","ping_status":"open","sticky":false,"template":"","format":"standard","meta":{"om_disable_all_campaigns":false,"_monsterinsights_skip_tracking":false,"_monsterinsights_sitenote_active":false,"_monsterinsights_sitenote_note":"","_monsterinsights_sitenote_category":0,"_uf_show_specific_survey":0,"_uf_disable_surveys":false,"jetpack_post_was_ever_published":false,"_jetpack_newsletter_access":"","_jetpack_dont_email_post_to_subs":false,"_jetpack_newsletter_tier_id":0,"_jetpack_memberships_contains_paywalled_content":false,"_jetpack_memberships_contains_paid_content":false,"footnotes":"","jetpack_publicize_message":"","jetpack_publicize_feature_enabled":true,"jetpack_social_post_already_shared":true,"jetpack_social_options":{"image_generator_settings":{"template":"highway","default_image_id":0,"font":"","enabled":false},"version":2}},"categories":[819],"tags":[894,891,17,893,890,190,889,892],"class_list":["post-830","post","type-post","status-publish","format-standard","has-post-thumbnail","hentry","category-articulos","tag-analisis-comparativo","tag-comparative-analysis","tag-educacion","tag-educacion-elemental","tag-elementary-education","tag-mexico","tag-school-violence","tag-violencia-escolar"],"yoast_head":"<!-- This site is optimized with the Yoast SEO plugin v27.5 - https:\/\/yoast.com\/product\/yoast-seo-wordpress\/ -->\n<title>Investigaci\u00f3n: Violencia escolar en M\u00e9xico y otros pa\u00edses - On-School<\/title>\n<meta name=\"description\" content=\"Investigaci\u00f3n: Violencia escolar en M\u00e9xico y otros pa\u00edses\" \/>\n<meta name=\"robots\" content=\"index, follow, max-snippet:-1, max-image-preview:large, max-video-preview:-1\" \/>\n<link rel=\"canonical\" href=\"https:\/\/www.on-school.com\/blog\/investigacion-violencia-escolar-en-mexico-y-otros-paises\/\" \/>\n<meta property=\"og:locale\" content=\"en_US\" \/>\n<meta property=\"og:type\" content=\"article\" \/>\n<meta property=\"og:title\" content=\"Investigaci\u00f3n: Violencia escolar en M\u00e9xico y otros pa\u00edses - On-School\" \/>\n<meta property=\"og:description\" content=\"Investigaci\u00f3n: Violencia escolar en M\u00e9xico y otros pa\u00edses\" \/>\n<meta property=\"og:url\" content=\"https:\/\/www.on-school.com\/blog\/investigacion-violencia-escolar-en-mexico-y-otros-paises\/\" \/>\n<meta property=\"og:site_name\" content=\"On-School\" \/>\n<meta property=\"article:publisher\" content=\"https:\/\/www.facebook.com\/pages\/On-School-Plataforma-Educativa-Virtual\/359347014214506\" \/>\n<meta property=\"article:author\" content=\"https:\/\/www.facebook.com\/jolusafe5\" \/>\n<meta property=\"article:published_time\" content=\"2015-05-07T04:03:33+00:00\" \/>\n<meta property=\"article:modified_time\" content=\"2015-05-08T04:05:44+00:00\" \/>\n<meta property=\"og:image\" content=\"https:\/\/www.on-school.com\/blog\/wp-content\/uploads\/2015\/05\/violence-in-children-031.jpg\" \/>\n\t<meta property=\"og:image:width\" content=\"615\" \/>\n\t<meta property=\"og:image:height\" content=\"405\" \/>\n\t<meta property=\"og:image:type\" content=\"image\/jpeg\" \/>\n<meta name=\"author\" content=\"jolusafe5\" \/>\n<meta name=\"twitter:card\" content=\"summary_large_image\" \/>\n<meta name=\"twitter:creator\" content=\"@jolusafe5\" \/>\n<meta name=\"twitter:site\" content=\"@dannyrq0103\" \/>\n<meta name=\"twitter:label1\" content=\"Written by\" \/>\n\t<meta name=\"twitter:data1\" content=\"jolusafe5\" \/>\n\t<meta name=\"twitter:label2\" content=\"Est. reading time\" \/>\n\t<meta name=\"twitter:data2\" content=\"4 minutes\" \/>\n<script type=\"application\/ld+json\" class=\"yoast-schema-graph\">{\"@context\":\"https:\\\/\\\/schema.org\",\"@graph\":[{\"@type\":\"Article\",\"@id\":\"https:\\\/\\\/www.on-school.com\\\/blog\\\/investigacion-violencia-escolar-en-mexico-y-otros-paises\\\/#article\",\"isPartOf\":{\"@id\":\"https:\\\/\\\/www.on-school.com\\\/blog\\\/investigacion-violencia-escolar-en-mexico-y-otros-paises\\\/\"},\"author\":{\"name\":\"jolusafe5\",\"@id\":\"https:\\\/\\\/www.on-school.com\\\/blog\\\/#\\\/schema\\\/person\\\/60396eb2dba803d5c761e33f467a0e58\"},\"headline\":\"Investigaci\u00f3n: Violencia escolar en M\u00e9xico y otros pa\u00edses\",\"datePublished\":\"2015-05-07T04:03:33+00:00\",\"dateModified\":\"2015-05-08T04:05:44+00:00\",\"mainEntityOfPage\":{\"@id\":\"https:\\\/\\\/www.on-school.com\\\/blog\\\/investigacion-violencia-escolar-en-mexico-y-otros-paises\\\/\"},\"wordCount\":778,\"commentCount\":0,\"publisher\":{\"@id\":\"https:\\\/\\\/www.on-school.com\\\/blog\\\/#organization\"},\"image\":{\"@id\":\"https:\\\/\\\/www.on-school.com\\\/blog\\\/investigacion-violencia-escolar-en-mexico-y-otros-paises\\\/#primaryimage\"},\"thumbnailUrl\":\"https:\\\/\\\/www.on-school.com\\\/blog\\\/wp-content\\\/uploads\\\/2015\\\/05\\\/violence-in-children-031.jpg\",\"keywords\":[\"an\u00e1lisis comparativo\",\"comparative analysis\",\"educaci\u00f3n\",\"educaci\u00f3n elemental\",\"elementary education\",\"m\u00e9xico\",\"school violence\",\"violencia escolar\"],\"articleSection\":[\"Art\u00edculos\"],\"inLanguage\":\"en-US\",\"potentialAction\":[{\"@type\":\"CommentAction\",\"name\":\"Comment\",\"target\":[\"https:\\\/\\\/www.on-school.com\\\/blog\\\/investigacion-violencia-escolar-en-mexico-y-otros-paises\\\/#respond\"]}]},{\"@type\":\"WebPage\",\"@id\":\"https:\\\/\\\/www.on-school.com\\\/blog\\\/investigacion-violencia-escolar-en-mexico-y-otros-paises\\\/\",\"url\":\"https:\\\/\\\/www.on-school.com\\\/blog\\\/investigacion-violencia-escolar-en-mexico-y-otros-paises\\\/\",\"name\":\"Investigaci\u00f3n: Violencia escolar en M\u00e9xico y otros pa\u00edses - On-School\",\"isPartOf\":{\"@id\":\"https:\\\/\\\/www.on-school.com\\\/blog\\\/#website\"},\"primaryImageOfPage\":{\"@id\":\"https:\\\/\\\/www.on-school.com\\\/blog\\\/investigacion-violencia-escolar-en-mexico-y-otros-paises\\\/#primaryimage\"},\"image\":{\"@id\":\"https:\\\/\\\/www.on-school.com\\\/blog\\\/investigacion-violencia-escolar-en-mexico-y-otros-paises\\\/#primaryimage\"},\"thumbnailUrl\":\"https:\\\/\\\/www.on-school.com\\\/blog\\\/wp-content\\\/uploads\\\/2015\\\/05\\\/violence-in-children-031.jpg\",\"datePublished\":\"2015-05-07T04:03:33+00:00\",\"dateModified\":\"2015-05-08T04:05:44+00:00\",\"description\":\"Investigaci\u00f3n: Violencia escolar en M\u00e9xico y otros pa\u00edses\",\"breadcrumb\":{\"@id\":\"https:\\\/\\\/www.on-school.com\\\/blog\\\/investigacion-violencia-escolar-en-mexico-y-otros-paises\\\/#breadcrumb\"},\"inLanguage\":\"en-US\",\"potentialAction\":[{\"@type\":\"ReadAction\",\"target\":[\"https:\\\/\\\/www.on-school.com\\\/blog\\\/investigacion-violencia-escolar-en-mexico-y-otros-paises\\\/\"]}]},{\"@type\":\"ImageObject\",\"inLanguage\":\"en-US\",\"@id\":\"https:\\\/\\\/www.on-school.com\\\/blog\\\/investigacion-violencia-escolar-en-mexico-y-otros-paises\\\/#primaryimage\",\"url\":\"https:\\\/\\\/www.on-school.com\\\/blog\\\/wp-content\\\/uploads\\\/2015\\\/05\\\/violence-in-children-031.jpg\",\"contentUrl\":\"https:\\\/\\\/www.on-school.com\\\/blog\\\/wp-content\\\/uploads\\\/2015\\\/05\\\/violence-in-children-031.jpg\",\"width\":615,\"height\":405,\"caption\":\"Violencia escolar\"},{\"@type\":\"BreadcrumbList\",\"@id\":\"https:\\\/\\\/www.on-school.com\\\/blog\\\/investigacion-violencia-escolar-en-mexico-y-otros-paises\\\/#breadcrumb\",\"itemListElement\":[{\"@type\":\"ListItem\",\"position\":1,\"name\":\"Inicio\",\"item\":\"https:\\\/\\\/www.on-school.com\\\/blog\\\/\"},{\"@type\":\"ListItem\",\"position\":2,\"name\":\"Investigaci\u00f3n: Violencia escolar en M\u00e9xico y otros pa\u00edses\"}]},{\"@type\":\"WebSite\",\"@id\":\"https:\\\/\\\/www.on-school.com\\\/blog\\\/#website\",\"url\":\"https:\\\/\\\/www.on-school.com\\\/blog\\\/\",\"name\":\"On-School\",\"description\":\"Aula Virtual Educativa\",\"publisher\":{\"@id\":\"https:\\\/\\\/www.on-school.com\\\/blog\\\/#organization\"},\"potentialAction\":[{\"@type\":\"SearchAction\",\"target\":{\"@type\":\"EntryPoint\",\"urlTemplate\":\"https:\\\/\\\/www.on-school.com\\\/blog\\\/?s={search_term_string}\"},\"query-input\":{\"@type\":\"PropertyValueSpecification\",\"valueRequired\":true,\"valueName\":\"search_term_string\"}}],\"inLanguage\":\"en-US\"},{\"@type\":\"Organization\",\"@id\":\"https:\\\/\\\/www.on-school.com\\\/blog\\\/#organization\",\"name\":\"On-School\",\"url\":\"https:\\\/\\\/www.on-school.com\\\/blog\\\/\",\"logo\":{\"@type\":\"ImageObject\",\"inLanguage\":\"en-US\",\"@id\":\"https:\\\/\\\/www.on-school.com\\\/blog\\\/#\\\/schema\\\/logo\\\/image\\\/\",\"url\":\"https:\\\/\\\/www.on-school.com\\\/blog\\\/wp-content\\\/uploads\\\/2025\\\/09\\\/logoNewSchool.jpg\",\"contentUrl\":\"https:\\\/\\\/www.on-school.com\\\/blog\\\/wp-content\\\/uploads\\\/2025\\\/09\\\/logoNewSchool.jpg\",\"width\":778,\"height\":777,\"caption\":\"On-School\"},\"image\":{\"@id\":\"https:\\\/\\\/www.on-school.com\\\/blog\\\/#\\\/schema\\\/logo\\\/image\\\/\"},\"sameAs\":[\"https:\\\/\\\/www.facebook.com\\\/pages\\\/On-School-Plataforma-Educativa-Virtual\\\/359347014214506\",\"https:\\\/\\\/x.com\\\/dannyrq0103\"]},{\"@type\":\"Person\",\"@id\":\"https:\\\/\\\/www.on-school.com\\\/blog\\\/#\\\/schema\\\/person\\\/60396eb2dba803d5c761e33f467a0e58\",\"name\":\"jolusafe5\",\"image\":{\"@type\":\"ImageObject\",\"inLanguage\":\"en-US\",\"@id\":\"https:\\\/\\\/secure.gravatar.com\\\/avatar\\\/d2a6967d3c1736c22d3eca3839cb5260e71ac1ef16ce076cb36aeea8ca491315?s=96&d=mm&r=g\",\"url\":\"https:\\\/\\\/secure.gravatar.com\\\/avatar\\\/d2a6967d3c1736c22d3eca3839cb5260e71ac1ef16ce076cb36aeea8ca491315?s=96&d=mm&r=g\",\"contentUrl\":\"https:\\\/\\\/secure.gravatar.com\\\/avatar\\\/d2a6967d3c1736c22d3eca3839cb5260e71ac1ef16ce076cb36aeea8ca491315?s=96&d=mm&r=g\",\"caption\":\"jolusafe5\"},\"description\":\"Apasionado por los temas educativos, ciencias sociales y tecnolog\u00eda. Ingeniero en Computaci\u00f3n y Sistemas por la Universidad Popular Aut\u00f3noma del Estado de Puebla (UPAEP) . Maestr\u00eda en Inform\u00e1tica Aplicada por el Instituto Tecnol\u00f3gico y de Estudios Superiores de Occidente (ITESO). Estudiante de Maestr\u00eda en Inteligencia Artificial por ALINNCO.\",\"sameAs\":[\"http:\\\/\\\/www.on-school.com\",\"https:\\\/\\\/www.facebook.com\\\/jolusafe5\",\"https:\\\/\\\/x.com\\\/jolusafe5\"],\"url\":\"https:\\\/\\\/www.on-school.com\\\/blog\\\/author\\\/jolusafe5\\\/\"}]}<\/script>\n<!-- \/ Yoast SEO plugin. -->","yoast_head_json":{"title":"Investigaci\u00f3n: Violencia escolar en M\u00e9xico y otros pa\u00edses - On-School","description":"Investigaci\u00f3n: Violencia escolar en M\u00e9xico y otros pa\u00edses","robots":{"index":"index","follow":"follow","max-snippet":"max-snippet:-1","max-image-preview":"max-image-preview:large","max-video-preview":"max-video-preview:-1"},"canonical":"https:\/\/www.on-school.com\/blog\/investigacion-violencia-escolar-en-mexico-y-otros-paises\/","og_locale":"en_US","og_type":"article","og_title":"Investigaci\u00f3n: Violencia escolar en M\u00e9xico y otros pa\u00edses - On-School","og_description":"Investigaci\u00f3n: Violencia escolar en M\u00e9xico y otros pa\u00edses","og_url":"https:\/\/www.on-school.com\/blog\/investigacion-violencia-escolar-en-mexico-y-otros-paises\/","og_site_name":"On-School","article_publisher":"https:\/\/www.facebook.com\/pages\/On-School-Plataforma-Educativa-Virtual\/359347014214506","article_author":"https:\/\/www.facebook.com\/jolusafe5","article_published_time":"2015-05-07T04:03:33+00:00","article_modified_time":"2015-05-08T04:05:44+00:00","og_image":[{"width":615,"height":405,"url":"https:\/\/www.on-school.com\/blog\/wp-content\/uploads\/2015\/05\/violence-in-children-031.jpg","type":"image\/jpeg"}],"author":"jolusafe5","twitter_card":"summary_large_image","twitter_creator":"@jolusafe5","twitter_site":"@dannyrq0103","twitter_misc":{"Written by":"jolusafe5","Est. reading time":"4 minutes"},"schema":{"@context":"https:\/\/schema.org","@graph":[{"@type":"Article","@id":"https:\/\/www.on-school.com\/blog\/investigacion-violencia-escolar-en-mexico-y-otros-paises\/#article","isPartOf":{"@id":"https:\/\/www.on-school.com\/blog\/investigacion-violencia-escolar-en-mexico-y-otros-paises\/"},"author":{"name":"jolusafe5","@id":"https:\/\/www.on-school.com\/blog\/#\/schema\/person\/60396eb2dba803d5c761e33f467a0e58"},"headline":"Investigaci\u00f3n: Violencia escolar en M\u00e9xico y otros pa\u00edses","datePublished":"2015-05-07T04:03:33+00:00","dateModified":"2015-05-08T04:05:44+00:00","mainEntityOfPage":{"@id":"https:\/\/www.on-school.com\/blog\/investigacion-violencia-escolar-en-mexico-y-otros-paises\/"},"wordCount":778,"commentCount":0,"publisher":{"@id":"https:\/\/www.on-school.com\/blog\/#organization"},"image":{"@id":"https:\/\/www.on-school.com\/blog\/investigacion-violencia-escolar-en-mexico-y-otros-paises\/#primaryimage"},"thumbnailUrl":"https:\/\/www.on-school.com\/blog\/wp-content\/uploads\/2015\/05\/violence-in-children-031.jpg","keywords":["an\u00e1lisis comparativo","comparative analysis","educaci\u00f3n","educaci\u00f3n elemental","elementary education","m\u00e9xico","school violence","violencia escolar"],"articleSection":["Art\u00edculos"],"inLanguage":"en-US","potentialAction":[{"@type":"CommentAction","name":"Comment","target":["https:\/\/www.on-school.com\/blog\/investigacion-violencia-escolar-en-mexico-y-otros-paises\/#respond"]}]},{"@type":"WebPage","@id":"https:\/\/www.on-school.com\/blog\/investigacion-violencia-escolar-en-mexico-y-otros-paises\/","url":"https:\/\/www.on-school.com\/blog\/investigacion-violencia-escolar-en-mexico-y-otros-paises\/","name":"Investigaci\u00f3n: Violencia escolar en M\u00e9xico y otros pa\u00edses - On-School","isPartOf":{"@id":"https:\/\/www.on-school.com\/blog\/#website"},"primaryImageOfPage":{"@id":"https:\/\/www.on-school.com\/blog\/investigacion-violencia-escolar-en-mexico-y-otros-paises\/#primaryimage"},"image":{"@id":"https:\/\/www.on-school.com\/blog\/investigacion-violencia-escolar-en-mexico-y-otros-paises\/#primaryimage"},"thumbnailUrl":"https:\/\/www.on-school.com\/blog\/wp-content\/uploads\/2015\/05\/violence-in-children-031.jpg","datePublished":"2015-05-07T04:03:33+00:00","dateModified":"2015-05-08T04:05:44+00:00","description":"Investigaci\u00f3n: Violencia escolar en M\u00e9xico y otros pa\u00edses","breadcrumb":{"@id":"https:\/\/www.on-school.com\/blog\/investigacion-violencia-escolar-en-mexico-y-otros-paises\/#breadcrumb"},"inLanguage":"en-US","potentialAction":[{"@type":"ReadAction","target":["https:\/\/www.on-school.com\/blog\/investigacion-violencia-escolar-en-mexico-y-otros-paises\/"]}]},{"@type":"ImageObject","inLanguage":"en-US","@id":"https:\/\/www.on-school.com\/blog\/investigacion-violencia-escolar-en-mexico-y-otros-paises\/#primaryimage","url":"https:\/\/www.on-school.com\/blog\/wp-content\/uploads\/2015\/05\/violence-in-children-031.jpg","contentUrl":"https:\/\/www.on-school.com\/blog\/wp-content\/uploads\/2015\/05\/violence-in-children-031.jpg","width":615,"height":405,"caption":"Violencia escolar"},{"@type":"BreadcrumbList","@id":"https:\/\/www.on-school.com\/blog\/investigacion-violencia-escolar-en-mexico-y-otros-paises\/#breadcrumb","itemListElement":[{"@type":"ListItem","position":1,"name":"Inicio","item":"https:\/\/www.on-school.com\/blog\/"},{"@type":"ListItem","position":2,"name":"Investigaci\u00f3n: Violencia escolar en M\u00e9xico y otros pa\u00edses"}]},{"@type":"WebSite","@id":"https:\/\/www.on-school.com\/blog\/#website","url":"https:\/\/www.on-school.com\/blog\/","name":"On-School","description":"Aula Virtual Educativa","publisher":{"@id":"https:\/\/www.on-school.com\/blog\/#organization"},"potentialAction":[{"@type":"SearchAction","target":{"@type":"EntryPoint","urlTemplate":"https:\/\/www.on-school.com\/blog\/?s={search_term_string}"},"query-input":{"@type":"PropertyValueSpecification","valueRequired":true,"valueName":"search_term_string"}}],"inLanguage":"en-US"},{"@type":"Organization","@id":"https:\/\/www.on-school.com\/blog\/#organization","name":"On-School","url":"https:\/\/www.on-school.com\/blog\/","logo":{"@type":"ImageObject","inLanguage":"en-US","@id":"https:\/\/www.on-school.com\/blog\/#\/schema\/logo\/image\/","url":"https:\/\/www.on-school.com\/blog\/wp-content\/uploads\/2025\/09\/logoNewSchool.jpg","contentUrl":"https:\/\/www.on-school.com\/blog\/wp-content\/uploads\/2025\/09\/logoNewSchool.jpg","width":778,"height":777,"caption":"On-School"},"image":{"@id":"https:\/\/www.on-school.com\/blog\/#\/schema\/logo\/image\/"},"sameAs":["https:\/\/www.facebook.com\/pages\/On-School-Plataforma-Educativa-Virtual\/359347014214506","https:\/\/x.com\/dannyrq0103"]},{"@type":"Person","@id":"https:\/\/www.on-school.com\/blog\/#\/schema\/person\/60396eb2dba803d5c761e33f467a0e58","name":"jolusafe5","image":{"@type":"ImageObject","inLanguage":"en-US","@id":"https:\/\/secure.gravatar.com\/avatar\/d2a6967d3c1736c22d3eca3839cb5260e71ac1ef16ce076cb36aeea8ca491315?s=96&d=mm&r=g","url":"https:\/\/secure.gravatar.com\/avatar\/d2a6967d3c1736c22d3eca3839cb5260e71ac1ef16ce076cb36aeea8ca491315?s=96&d=mm&r=g","contentUrl":"https:\/\/secure.gravatar.com\/avatar\/d2a6967d3c1736c22d3eca3839cb5260e71ac1ef16ce076cb36aeea8ca491315?s=96&d=mm&r=g","caption":"jolusafe5"},"description":"Apasionado por los temas educativos, ciencias sociales y tecnolog\u00eda. Ingeniero en Computaci\u00f3n y Sistemas por la Universidad Popular Aut\u00f3noma del Estado de Puebla (UPAEP) . Maestr\u00eda en Inform\u00e1tica Aplicada por el Instituto Tecnol\u00f3gico y de Estudios Superiores de Occidente (ITESO). Estudiante de Maestr\u00eda en Inteligencia Artificial por ALINNCO.","sameAs":["http:\/\/www.on-school.com","https:\/\/www.facebook.com\/jolusafe5","https:\/\/x.com\/jolusafe5"],"url":"https:\/\/www.on-school.com\/blog\/author\/jolusafe5\/"}]}},"jetpack_publicize_connections":[],"jetpack_featured_media_url":"https:\/\/www.on-school.com\/blog\/wp-content\/uploads\/2015\/05\/violence-in-children-031.jpg","jetpack_shortlink":"https:\/\/wp.me\/p4Yboc-do","jetpack_sharing_enabled":true,"jetpack-related-posts":[{"id":757,"url":"https:\/\/www.on-school.com\/blog\/la-violencia-escolar-y-la-prevencion-del-conflicto\/","url_meta":{"origin":830,"position":0},"title":"La violencia escolar y la prevenci\u00f3n del conflicto","author":"jolusafe5","date":"11\/12\/2014","format":false,"excerpt":"El presente art\u00edculo completo lo puedes encontrar en el siguiente link:\u00a0La violencia escolar y el manejo de conflictos RESUMEN La escuela debe fomentar una educaci\u00f3n para la paz, formando un ciudadano aut\u00f3nomo y con valores c\u00edvicos, que asuma el compromiso, la responsabilidad y el derecho que tiene de vivir en\u2026","rel":"","context":"In &quot;Art\u00edculos&quot;","block_context":{"text":"Art\u00edculos","link":"https:\/\/www.on-school.com\/blog\/category\/biblioteca\/articulos\/"},"img":{"alt_text":"Manejo de conflictos","src":"https:\/\/i0.wp.com\/www.on-school.com\/blog\/wp-content\/uploads\/2015\/03\/DSC02598-ij1.jpg?resize=350%2C200&ssl=1","width":350,"height":200,"srcset":"https:\/\/i0.wp.com\/www.on-school.com\/blog\/wp-content\/uploads\/2015\/03\/DSC02598-ij1.jpg?resize=350%2C200&ssl=1 1x, https:\/\/i0.wp.com\/www.on-school.com\/blog\/wp-content\/uploads\/2015\/03\/DSC02598-ij1.jpg?resize=525%2C300&ssl=1 1.5x, https:\/\/i0.wp.com\/www.on-school.com\/blog\/wp-content\/uploads\/2015\/03\/DSC02598-ij1.jpg?resize=700%2C400&ssl=1 2x, https:\/\/i0.wp.com\/www.on-school.com\/blog\/wp-content\/uploads\/2015\/03\/DSC02598-ij1.jpg?resize=1050%2C600&ssl=1 3x, https:\/\/i0.wp.com\/www.on-school.com\/blog\/wp-content\/uploads\/2015\/03\/DSC02598-ij1.jpg?resize=1400%2C800&ssl=1 4x"},"classes":[]},{"id":38,"url":"https:\/\/www.on-school.com\/blog\/gestion-de-servicios-y-la-educacion-vista-como-un-sistema-de-servicio-ii\/","url_meta":{"origin":830,"position":1},"title":"Gesti\u00f3n de Servicios y la Educaci\u00f3n vista como un Sistema de Servicio (II)","author":"jolusafe5","date":"24\/08\/2014","format":false,"excerpt":"Jeffrey Puryear nos dice que estos problemas no son exclusivos de M\u00e9xico, sino que Am\u00e9rica Latina necesita un nuevo enfoque de la educaci\u00f3n (Puryear, 1997).\u00a0 Tambi\u00e9n nos da un panorama de las pol\u00edticas que se han estado siguiendo, basadas principalmente en la extensi\u00f3n de la cobertura a m\u00e1s alumnos que\u2026","rel":"","context":"In &quot;Gesti\u00f3n de Servicios de TI&quot;","block_context":{"text":"Gesti\u00f3n de Servicios de TI","link":"https:\/\/www.on-school.com\/blog\/category\/tecnologias-de-la-informacion\/informatica-aplicada\/gestion-de-servicios-de-ti\/"},"img":{"alt_text":"Calidad en el servicio educativo","src":"https:\/\/i0.wp.com\/www.on-school.com\/blog\/wp-content\/uploads\/2014\/08\/calidad-en-el-servicio-educativo-21.jpg?resize=350%2C200&ssl=1","width":350,"height":200},"classes":[]},{"id":1101,"url":"https:\/\/www.on-school.com\/blog\/que-se-puede-hacer-en-un-caso-severo-de-acoso-escolar\/","url_meta":{"origin":830,"position":2},"title":"\u00bfQu\u00e9 se puede hacer en un caso severo de acoso escolar?","author":"jolusafe5","date":"02\/12\/2015","format":false,"excerpt":"El presente problema y sugerencias fueron recopiladas del grupo Maestros en Servicio. Un profesor perteneciente a este grupo expresa que tiene un problema con un alumno\u00a0el cual es molestado por otro grupito de sus compa\u00f1eros. El profesor expresa que el alumno acosado no tiene malos antecedentes, sino que por lo\u2026","rel":"","context":"In &quot;Problemas escolares&quot;","block_context":{"text":"Problemas escolares","link":"https:\/\/www.on-school.com\/blog\/category\/problemas-escolares\/"},"img":{"alt_text":"M\u00e9xico ocupa el primer lugar en bullyng","src":"https:\/\/i0.wp.com\/www.on-school.com\/blog\/wp-content\/uploads\/2015\/12\/mexico_ocupa_primer_lugar_en_bullying1.jpg?resize=350%2C200&ssl=1","width":350,"height":200,"srcset":"https:\/\/i0.wp.com\/www.on-school.com\/blog\/wp-content\/uploads\/2015\/12\/mexico_ocupa_primer_lugar_en_bullying1.jpg?resize=350%2C200&ssl=1 1x, https:\/\/i0.wp.com\/www.on-school.com\/blog\/wp-content\/uploads\/2015\/12\/mexico_ocupa_primer_lugar_en_bullying1.jpg?resize=525%2C300&ssl=1 1.5x"},"classes":[]},{"id":834,"url":"https:\/\/www.on-school.com\/blog\/el-reto-de-la-educacion-en-mexico-por-stephanie-guichard\/","url_meta":{"origin":830,"position":3},"title":"El reto de la Educaci\u00f3n en M\u00e9xico por St\u00e9phanie Guichard","author":"jolusafe5","date":"04\/05\/2015","format":false,"excerpt":"El presente art\u00edculo completo en Ingl\u00e9s lo puedes encontrar en el siguiente link:\u00a0El reto de la Educaci\u00f3n en M\u00e9xico RESUMEN El reto de la educaci\u00f3n en M\u00e9xico: la entrega de una educaci\u00f3n de calidad para todos El crecimiento del PIB potencial en M\u00e9xico no es lo suficientemente r\u00e1pido como para\u2026","rel":"","context":"In &quot;Art\u00edculos&quot;","block_context":{"text":"Art\u00edculos","link":"https:\/\/www.on-school.com\/blog\/category\/biblioteca\/articulos\/"},"img":{"alt_text":"Retos de la Educaci\u00f3n","src":"https:\/\/i0.wp.com\/www.on-school.com\/blog\/wp-content\/uploads\/2015\/05\/light-jackets-books-education-learning-volume_wallpaperwind.com_641.jpg?resize=350%2C200&ssl=1","width":350,"height":200},"classes":[]},{"id":662,"url":"https:\/\/www.on-school.com\/blog\/los-articulos-constitucionales-referentes-a-la-reforma-educativa\/","url_meta":{"origin":830,"position":4},"title":"Los art\u00edculos constitucionales referentes a la REFORMA EDUCATIVA.","author":"Daniela Robles","date":"07\/01\/2015","format":false,"excerpt":"ART\u00cdCULOS CONSTITUCIONALES REFERENTES A LA REFORMA EDUCATIVA 1993 Y 2003. Muchas veces se ha tenido la duda de saber que paso o que ha pasado con los art\u00edculos de la Constituci\u00f3n Pol\u00edtica de los Estados Unidos Mexicanos, por ejemplo el articulo 3\u00b0. Se dice que en el articulo 3\u00b0 de\u2026","rel":"","context":"In &quot;Ciencias de la Educaci\u00f3n&quot;","block_context":{"text":"Ciencias de la Educaci\u00f3n","link":"https:\/\/www.on-school.com\/blog\/category\/ciencias-de-la-educacion\/"},"img":{"alt_text":"Los articulos constitucionales referentes a la Reforma Educativa.","src":"https:\/\/i0.wp.com\/www.on-school.com\/blog\/wp-content\/uploads\/2015\/01\/reformas-del-artculo-3-constitucional-1-7281.jpg?resize=350%2C200&ssl=1","width":350,"height":200,"srcset":"https:\/\/i0.wp.com\/www.on-school.com\/blog\/wp-content\/uploads\/2015\/01\/reformas-del-artculo-3-constitucional-1-7281.jpg?resize=350%2C200&ssl=1 1x, https:\/\/i0.wp.com\/www.on-school.com\/blog\/wp-content\/uploads\/2015\/01\/reformas-del-artculo-3-constitucional-1-7281.jpg?resize=525%2C300&ssl=1 1.5x, https:\/\/i0.wp.com\/www.on-school.com\/blog\/wp-content\/uploads\/2015\/01\/reformas-del-artculo-3-constitucional-1-7281.jpg?resize=700%2C400&ssl=1 2x"},"classes":[]},{"id":706,"url":"https:\/\/www.on-school.com\/blog\/evaluacion-educativa-y-pruebas-estandarizadas-elementos-para-enriquecer-el-debate-felipe-martinez-rizo\/","url_meta":{"origin":830,"position":5},"title":"Evaluaci\u00f3n Educativa y pruebas estandarizadas. Elementos para enriquecer el debate. Felipe Mart\u00ednez Rizo.","author":"Daniela Robles","date":"11\/01\/2015","format":false,"excerpt":"La presente investigaci\u00f3n rescata aspectos importantes que expresan las ideas dichas por el autor Felipe Mart\u00ednez Rizo, sobre los elementos que constituye la evaluaci\u00f3n educativa y las pruebas que se realizan para dicha evaluaci\u00f3n. La evaluaci\u00f3n educativa en M\u00e9xico se dice centrarse en el profesor, posteriormente se inclina en la\u2026","rel":"","context":"In &quot;An\u00e1lisis de las Organizaciones Educativas&quot;","block_context":{"text":"An\u00e1lisis de las Organizaciones Educativas","link":"https:\/\/www.on-school.com\/blog\/category\/ciencias-de-la-educacion\/analisis-de-las-organizaciones-educativas\/"},"img":{"alt_text":"La evaluacion educativa de Felipe Martinez","src":"https:\/\/i0.wp.com\/www.on-school.com\/blog\/wp-content\/uploads\/2015\/02\/image0011.gif?resize=350%2C200&ssl=1","width":350,"height":200},"classes":[]}],"jetpack_likes_enabled":true,"_links":{"self":[{"href":"https:\/\/www.on-school.com\/blog\/wp-json\/wp\/v2\/posts\/830","targetHints":{"allow":["GET"]}}],"collection":[{"href":"https:\/\/www.on-school.com\/blog\/wp-json\/wp\/v2\/posts"}],"about":[{"href":"https:\/\/www.on-school.com\/blog\/wp-json\/wp\/v2\/types\/post"}],"author":[{"embeddable":true,"href":"https:\/\/www.on-school.com\/blog\/wp-json\/wp\/v2\/users\/1"}],"replies":[{"embeddable":true,"href":"https:\/\/www.on-school.com\/blog\/wp-json\/wp\/v2\/comments?post=830"}],"version-history":[{"count":1,"href":"https:\/\/www.on-school.com\/blog\/wp-json\/wp\/v2\/posts\/830\/revisions"}],"predecessor-version":[{"id":832,"href":"https:\/\/www.on-school.com\/blog\/wp-json\/wp\/v2\/posts\/830\/revisions\/832"}],"wp:featuredmedia":[{"embeddable":true,"href":"https:\/\/www.on-school.com\/blog\/wp-json\/wp\/v2\/media\/831"}],"wp:attachment":[{"href":"https:\/\/www.on-school.com\/blog\/wp-json\/wp\/v2\/media?parent=830"}],"wp:term":[{"taxonomy":"category","embeddable":true,"href":"https:\/\/www.on-school.com\/blog\/wp-json\/wp\/v2\/categories?post=830"},{"taxonomy":"post_tag","embeddable":true,"href":"https:\/\/www.on-school.com\/blog\/wp-json\/wp\/v2\/tags?post=830"}],"curies":[{"name":"wp","href":"https:\/\/api.w.org\/{rel}","templated":true}]}}