{"id":827,"date":"2015-05-07T22:50:45","date_gmt":"2015-05-08T03:50:45","guid":{"rendered":"http:\/\/www.on-school.com\/blog\/?p=827"},"modified":"2015-05-07T22:50:45","modified_gmt":"2015-05-08T03:50:45","slug":"brecha-tecnologica-caso-de-estudio-del-estado-de-puebla-mexico-por-juan-carlos-botello-y-martin-davila","status":"publish","type":"post","link":"https:\/\/www.on-school.com\/blog\/brecha-tecnologica-caso-de-estudio-del-estado-de-puebla-mexico-por-juan-carlos-botello-y-martin-davila\/","title":{"rendered":"Brecha Tecnol\u00f3gica: Caso de Estudio del Estado de Puebla, M\u00e9xico por Juan Carlos Botello y Martin Davila"},"content":{"rendered":"<p>El presente art\u00edculo completo en Ingl\u00e9s lo puedes encontrar en el siguiente link:\u00a0<a href=\"http:\/\/www.davidpublishing.com\/davidpublishing\/Upfile\/1\/10\/2014\/2014011005843951.pdf\" target=\"_blank\">Brecha Tecnol\u00f3gica: Caso de Estudio del Estado de Puebla<\/a><\/p>\n<p><strong>Resumen<\/strong><\/p>\n<p>Resumen: El proceso de ense\u00f1anza-aprendizaje puede tener varios obst\u00e1culos; uno de los que ser\u00eda una situaci\u00f3n cultural de los estudiantes, pero tambi\u00e9n el de las TIC (tecnolog\u00edas de la informaci\u00f3n y la comunicaci\u00f3n) la distribuci\u00f3n de recursos por los ni\u00f1os. Cuando nos referimos a situaci\u00f3n cultural, nos referimos a la lengua o dialecto que hablan. En el estado de Puebla, M\u00e9xico, hay escuelas primarias en las que los cursos se imparten a los estudiantes que no hablan espa\u00f1ol y que s\u00f3lo hablan su propio dialecto. Por otro lado, el uso de tecnolog\u00edas de la informaci\u00f3n y la comunicaci\u00f3n en las escuelas primarias de Puebla es de hecho una preocupaci\u00f3n principal en las escuelas ya que los idiomas en los que se operan es espa\u00f1ol. El presente art\u00edculo tambi\u00e9n se ocupar\u00e1 de la distribuci\u00f3n de los conjuntos Enciclomedia por la poblaci\u00f3n infantil en las 217 comunidades del estado de Puebla. Para analizar esta situaci\u00f3n, nos encontramos con que resulta ser muy importante y con un efecto negativo tanto en la puesta en pr\u00e1ctica y la aceptaci\u00f3n de un programa multimedia en estas escuelas, generando una brecha tecnol\u00f3gica entre los estudiantes. Los esfuerzos del gobierno est\u00e1n siendo diezmados por esta divisi\u00f3n cultural prevaleciente en muchas comunidades en el estado de Puebla, M\u00e9xico.<\/p>\n<p>Introducci\u00f3n<\/p>\n<p>Diversos estudios han demostrado la importancia y el impacto de los diversos recursos materiales y equipos de diferentes tipos [1] para mejorar la eficiencia, el proceso de aprendizaje y los resultados de ense\u00f1anza [2]. De acuerdo con el Director de la UNESCO, Sr. Koichiro Matsura, en su discurso emitido el 19 de diciembre de 2007, &#8221; &#8230; las tecnolog\u00edas de la informaci\u00f3n y la comunicaci\u00f3n tienen el poder para aumentar el aprendizaje de acceso, especialmente para las comunidades vulnerables en zonas remotas &#8230; &#8220;, adem\u00e1s, &#8221; &#8230; estas nuevas tecnolog\u00edas pueden ayudar a los gobiernos para controlar, gestionar y distribuir servicios educativos de una manera m\u00e1s eficiente &#8230; &#8221; reconoce tecnolog\u00edas de la informaci\u00f3n y de la comunicaci\u00f3n como una herramienta b\u00e1sica para cerrar la brecha digital [3] entre las ciudades y el campo, seg\u00fan la definici\u00f3n de Incl\u00e1n [3], as\u00ed como entre las naciones. El sector de la educaci\u00f3n p\u00fablica b\u00e1sica en M\u00e9xico es uno de los menos favorecidos en lo que respecta a la utilizaci\u00f3n de tecnolog\u00edas de la informaci\u00f3n, que es inaceptable que la brecha digital se va a cerrar [4]. Es innegable que en una naci\u00f3n de ciudadanos bien educados hay una profunda contribuci\u00f3n al desarrollo de una sociedad basada en el conocimiento [5], de una sociedad m\u00e1s justa y participativa. Sin embargo, insuficiente disponibilidad y utilizaci\u00f3n de tecnolog\u00edas de la informaci\u00f3n y de la comunicaci\u00f3n, los bajos aumentos de presupuesto en los recursos educativos [6] y el uso ineficiente de los recursos disponibles [7] son \u200b\u200bcaracter\u00edsticas para el sistema educativo de M\u00e9xico, que a\u00fan no ha gestionar por completo a las TIC apropiadas en A pesar de la presencia de programas aprobados por la UNESCO como en el caso del sistema Enciclomedia, el programa de Educaci\u00f3n F\u00edsica con la Tecnolog\u00eda y el Programa de Educaci\u00f3n Matem\u00e1tica con tecnolog\u00eda cuyo objetivo es incorporar el uso de tecnolog\u00edas de la informaci\u00f3n y la comunicaci\u00f3n en la ense\u00f1anza de la f\u00edsica y las matem\u00e1ticas en las escuelas p\u00fablicas secundarias.<\/p>\n<p>En este trabajo se tratar\u00e1 de retrato de la situaci\u00f3n actual en el sistema de la escuela primaria de Puebla con respecto a la inclusi\u00f3n y el uso de las tecnolog\u00edas de la informaci\u00f3n y la comunicaci\u00f3n como herramienta educativa en la ense\u00f1anza y el proceso de aprendizaje, especialmente el uso del sistema Enciclomedia en los grados quinto y sexto de las escuelas primarias desde muy pocas publicaciones han abordado el problema y rara vez se han tomado en cuenta como un factor en la mejora de la educaci\u00f3n de calidad. En consecuencia, se ha producido un impacto negativo en las tareas productivas y la creaci\u00f3n de nuevas formas de interacci\u00f3n social en M\u00e9xico, que podr\u00eda ser la base de la comprensi\u00f3n de la importancia que las TIC tienen en la educaci\u00f3n de hoy [8].<\/p>\n<p>El paso inicial de este trabajo es ofrecer una exploraci\u00f3n del funcionamiento del sistema educativo de M\u00e9xico, a partir de entonces la informaci\u00f3n relacionada con el programa Enciclomedia, el equipamiento de aulas para el quinto y sexto grados de primaria entre los 217 condados del Estado de Puebla con este se presentar\u00e1 herramienta. Un modelo ser\u00e1 desarrollado con el objetivo de analizar el impacto de la cantidad de sistemas en relaci\u00f3n con la localizaci\u00f3n de las escuelas primarias, de acuerdo con el total de las cifras de poblaci\u00f3n de la India por condado, por modalidad de la escuela (estatal, federal, refugio ind\u00edgena e ind\u00edgena) y la n\u00famero de conjuntos de Enciclomedia acuerdo con la poblaci\u00f3n infantil en el estado de Puebla. Por \u00faltimo, se ofrecer\u00e1n conclusiones.<\/p>\n<figure id=\"attachment_828\" aria-describedby=\"caption-attachment-828\" style=\"width: 640px\" class=\"wp-caption aligncenter\"><a href=\"http:\/\/www.davidpublishing.com\/davidpublishing\/Upfile\/1\/10\/2014\/2014011005843951.pdf\" target=\"_blank\"><img fetchpriority=\"high\" decoding=\"async\" class=\"size-full wp-image-828\" src=\"http:\/\/www.on-school.com\/blog\/wp-content\/uploads\/2015\/05\/opportunity-gap1.jpg\" alt=\"Brecha Tecnol\u00f3gica\" width=\"640\" height=\"360\" srcset=\"https:\/\/www.on-school.com\/blog\/wp-content\/uploads\/2015\/05\/opportunity-gap1.jpg 640w, https:\/\/www.on-school.com\/blog\/wp-content\/uploads\/2015\/05\/opportunity-gap1-300x169.jpg 300w\" sizes=\"(max-width: 640px) 100vw, 640px\" \/><\/a><figcaption id=\"caption-attachment-828\" class=\"wp-caption-text\">Brecha Tecnol\u00f3gica<\/figcaption><\/figure>\n<p><strong>BIBLIOGRAF\u00cdA<\/strong><\/p>\n<p>Botello, J. C., &amp; D\u00e1vila, M. (2013). Technological Gap: The Education Case of the State of Puebla, Mexico. <i>Journal of Communication and Computer<\/i>, <i>10<\/i>, 1312-1320.<\/p>\n<p>[1] Ruiz Cuellar, Guadalupe, La calidad de la educaci\u00f3n b\u00e1sica en M\u00e9xico (the Quality of Basic Education in Mexico), INEE, Mexico, 2006, p. 117.<\/p>\n<p>[2] T. Fernandez, I. Banegas, E. Blanco, Sistema de Cuestionarios de Contexto INEE 2005\u20132008 (Context questionnaires system INNE 2005\u20132008), Mexico, INEE, 2004.<\/p>\n<p>[[3] Reimers, Fernando, Aprender mas y mejor (Learn more and better), Ministry of Public Education, Mexico, 2006.<\/p>\n<p>[[4] P. Queau, Governing the Global Knowledge Society [Online], 2000, UNESCO, http:\/\/www.unesco.org\/webworld\/points_of_views\/queau _9.shtml.<\/p>\n<p>[[5] J. Vilaseca, La Econom\u00eda del conocimiento: paradigma tecnol\u00f3gico y cambio estructural (The Knowledge Economy: Technological Paradigm and Structural change). Working Paper Series, UOC, 2002, WP02-003.<\/p>\n<p>[[6] O. Cardenas, El gasto educativo: una propuesta de financiamiento a la educaci\u00f3n b\u00e1sica (Education spending: A proposal for funding basic education), Management and Public Policy 16 (2007).<\/p>\n<p>[[7] T. Bracho, Perfil nacional encargado para el Informe de Seguimiento de la EPT en el mundo 2008, Educaci\u00f3n para Todos en 2015\u2014\u00bfAlcanzaremos la meta? (Country Profile commissioned for Monitoring Report for EPT in the World 2008, Education for all by 2015\u2014Will we make it?), Case study, UNESCO, Mexico, 2007.<\/p>\n<p>[[8] J.C. Botello, Las Tic\u00b4s y el Sistema Educativo Mexicano (Information and communication technologies and the educational system in Mexico), International Meeting of Administrative Sciences Research, Tijuana, Mexico, 2008.<\/p>\n","protected":false},"excerpt":{"rendered":"<p>El presente art\u00edculo completo en Ingl\u00e9s lo puedes encontrar en el siguiente link:\u00a0Brecha Tecnol\u00f3gica: Caso de Estudio del Estado de Puebla Resumen Resumen: El proceso de ense\u00f1anza-aprendizaje puede tener varios obst\u00e1culos; uno de los que ser\u00eda una situaci\u00f3n cultural de los estudiantes, pero tambi\u00e9n el de las TIC (tecnolog\u00edas de la informaci\u00f3n y la comunicaci\u00f3n) [&hellip;]<\/p>\n","protected":false},"author":1,"featured_media":828,"comment_status":"open","ping_status":"open","sticky":false,"template":"","format":"standard","meta":{"om_disable_all_campaigns":false,"_monsterinsights_skip_tracking":false,"_monsterinsights_sitenote_active":false,"_monsterinsights_sitenote_note":"","_monsterinsights_sitenote_category":0,"_uf_show_specific_survey":0,"_uf_disable_surveys":false,"jetpack_post_was_ever_published":false,"_jetpack_newsletter_access":"","_jetpack_dont_email_post_to_subs":false,"_jetpack_newsletter_tier_id":0,"_jetpack_memberships_contains_paywalled_content":false,"_jetpack_memberships_contains_paid_content":false,"footnotes":"","jetpack_publicize_message":"","jetpack_publicize_feature_enabled":true,"jetpack_social_post_already_shared":true,"jetpack_social_options":{"image_generator_settings":{"template":"highway","default_image_id":0,"font":"","enabled":false},"version":2}},"categories":[819],"tags":[887,888,882,886,17,884,880,190,879,238,881,883,885],"class_list":["post-827","post","type-post","status-publish","format-standard","has-post-thumbnail","hentry","category-articulos","tag-brecha-cultural","tag-brecha-tecnologica","tag-cultural-gap","tag-distribucion-de-recursos","tag-educacion","tag-escuela-primaria","tag-information-technology","tag-mexico","tag-primary-schools","tag-puebla","tag-resource-distribution","tag-technological-gap","tag-tecnologias-de-la-informacion"],"yoast_head":"<!-- This site is optimized with the Yoast SEO plugin v27.5 - https:\/\/yoast.com\/product\/yoast-seo-wordpress\/ -->\n<title>Brecha Tecnol\u00f3gica: Caso de Estudio del Estado de Puebla, M\u00e9xico por Juan Carlos Botello y Martin Davila - On-School<\/title>\n<meta name=\"description\" content=\"Brecha Tecnol\u00f3gica: Caso de Estudio del Estado de Puebla, M\u00e9xico por Juan Carlos Botello y Martin Davila\" \/>\n<meta name=\"robots\" content=\"index, follow, max-snippet:-1, max-image-preview:large, max-video-preview:-1\" \/>\n<link rel=\"canonical\" href=\"https:\/\/www.on-school.com\/blog\/brecha-tecnologica-caso-de-estudio-del-estado-de-puebla-mexico-por-juan-carlos-botello-y-martin-davila\/\" \/>\n<meta property=\"og:locale\" content=\"en_US\" \/>\n<meta property=\"og:type\" content=\"article\" \/>\n<meta property=\"og:title\" content=\"Brecha Tecnol\u00f3gica: Caso de Estudio del Estado de Puebla, M\u00e9xico por Juan Carlos Botello y Martin Davila - On-School\" \/>\n<meta property=\"og:description\" content=\"Brecha Tecnol\u00f3gica: Caso de Estudio del Estado de Puebla, M\u00e9xico por Juan Carlos Botello y Martin Davila\" \/>\n<meta property=\"og:url\" content=\"https:\/\/www.on-school.com\/blog\/brecha-tecnologica-caso-de-estudio-del-estado-de-puebla-mexico-por-juan-carlos-botello-y-martin-davila\/\" \/>\n<meta property=\"og:site_name\" content=\"On-School\" \/>\n<meta property=\"article:publisher\" content=\"https:\/\/www.facebook.com\/pages\/On-School-Plataforma-Educativa-Virtual\/359347014214506\" \/>\n<meta property=\"article:author\" content=\"https:\/\/www.facebook.com\/jolusafe5\" \/>\n<meta property=\"article:published_time\" content=\"2015-05-08T03:50:45+00:00\" \/>\n<meta property=\"og:image\" content=\"https:\/\/www.on-school.com\/blog\/wp-content\/uploads\/2015\/05\/opportunity-gap1.jpg\" \/>\n\t<meta property=\"og:image:width\" content=\"640\" \/>\n\t<meta property=\"og:image:height\" content=\"360\" \/>\n\t<meta property=\"og:image:type\" content=\"image\/jpeg\" \/>\n<meta name=\"author\" content=\"jolusafe5\" \/>\n<meta name=\"twitter:card\" content=\"summary_large_image\" \/>\n<meta name=\"twitter:creator\" content=\"@jolusafe5\" \/>\n<meta name=\"twitter:site\" content=\"@dannyrq0103\" \/>\n<meta name=\"twitter:label1\" content=\"Written by\" \/>\n\t<meta name=\"twitter:data1\" content=\"jolusafe5\" \/>\n\t<meta name=\"twitter:label2\" content=\"Est. reading time\" \/>\n\t<meta name=\"twitter:data2\" content=\"6 minutes\" \/>\n<script type=\"application\/ld+json\" class=\"yoast-schema-graph\">{\"@context\":\"https:\\\/\\\/schema.org\",\"@graph\":[{\"@type\":\"Article\",\"@id\":\"https:\\\/\\\/www.on-school.com\\\/blog\\\/brecha-tecnologica-caso-de-estudio-del-estado-de-puebla-mexico-por-juan-carlos-botello-y-martin-davila\\\/#article\",\"isPartOf\":{\"@id\":\"https:\\\/\\\/www.on-school.com\\\/blog\\\/brecha-tecnologica-caso-de-estudio-del-estado-de-puebla-mexico-por-juan-carlos-botello-y-martin-davila\\\/\"},\"author\":{\"name\":\"jolusafe5\",\"@id\":\"https:\\\/\\\/www.on-school.com\\\/blog\\\/#\\\/schema\\\/person\\\/60396eb2dba803d5c761e33f467a0e58\"},\"headline\":\"Brecha Tecnol\u00f3gica: Caso de Estudio del Estado de Puebla, M\u00e9xico por Juan Carlos Botello y Martin Davila\",\"datePublished\":\"2015-05-08T03:50:45+00:00\",\"mainEntityOfPage\":{\"@id\":\"https:\\\/\\\/www.on-school.com\\\/blog\\\/brecha-tecnologica-caso-de-estudio-del-estado-de-puebla-mexico-por-juan-carlos-botello-y-martin-davila\\\/\"},\"wordCount\":1168,\"commentCount\":0,\"publisher\":{\"@id\":\"https:\\\/\\\/www.on-school.com\\\/blog\\\/#organization\"},\"image\":{\"@id\":\"https:\\\/\\\/www.on-school.com\\\/blog\\\/brecha-tecnologica-caso-de-estudio-del-estado-de-puebla-mexico-por-juan-carlos-botello-y-martin-davila\\\/#primaryimage\"},\"thumbnailUrl\":\"https:\\\/\\\/www.on-school.com\\\/blog\\\/wp-content\\\/uploads\\\/2015\\\/05\\\/opportunity-gap1.jpg\",\"keywords\":[\"brecha cultural\",\"brecha tecnol\u00f3gica\",\"cultural gap\",\"distribuci\u00f3n de recursos\",\"educaci\u00f3n\",\"escuela primaria\",\"information technology\",\"m\u00e9xico\",\"Primary schools\",\"Puebla\",\"resource distribution\",\"technological gap\",\"tecnolog\u00edas de la informaci\u00f3n\"],\"articleSection\":[\"Art\u00edculos\"],\"inLanguage\":\"en-US\",\"potentialAction\":[{\"@type\":\"CommentAction\",\"name\":\"Comment\",\"target\":[\"https:\\\/\\\/www.on-school.com\\\/blog\\\/brecha-tecnologica-caso-de-estudio-del-estado-de-puebla-mexico-por-juan-carlos-botello-y-martin-davila\\\/#respond\"]}]},{\"@type\":\"WebPage\",\"@id\":\"https:\\\/\\\/www.on-school.com\\\/blog\\\/brecha-tecnologica-caso-de-estudio-del-estado-de-puebla-mexico-por-juan-carlos-botello-y-martin-davila\\\/\",\"url\":\"https:\\\/\\\/www.on-school.com\\\/blog\\\/brecha-tecnologica-caso-de-estudio-del-estado-de-puebla-mexico-por-juan-carlos-botello-y-martin-davila\\\/\",\"name\":\"Brecha Tecnol\u00f3gica: Caso de Estudio del Estado de Puebla, M\u00e9xico por Juan Carlos Botello y Martin Davila - On-School\",\"isPartOf\":{\"@id\":\"https:\\\/\\\/www.on-school.com\\\/blog\\\/#website\"},\"primaryImageOfPage\":{\"@id\":\"https:\\\/\\\/www.on-school.com\\\/blog\\\/brecha-tecnologica-caso-de-estudio-del-estado-de-puebla-mexico-por-juan-carlos-botello-y-martin-davila\\\/#primaryimage\"},\"image\":{\"@id\":\"https:\\\/\\\/www.on-school.com\\\/blog\\\/brecha-tecnologica-caso-de-estudio-del-estado-de-puebla-mexico-por-juan-carlos-botello-y-martin-davila\\\/#primaryimage\"},\"thumbnailUrl\":\"https:\\\/\\\/www.on-school.com\\\/blog\\\/wp-content\\\/uploads\\\/2015\\\/05\\\/opportunity-gap1.jpg\",\"datePublished\":\"2015-05-08T03:50:45+00:00\",\"description\":\"Brecha Tecnol\u00f3gica: Caso de Estudio del Estado de Puebla, M\u00e9xico por Juan Carlos Botello y Martin Davila\",\"breadcrumb\":{\"@id\":\"https:\\\/\\\/www.on-school.com\\\/blog\\\/brecha-tecnologica-caso-de-estudio-del-estado-de-puebla-mexico-por-juan-carlos-botello-y-martin-davila\\\/#breadcrumb\"},\"inLanguage\":\"en-US\",\"potentialAction\":[{\"@type\":\"ReadAction\",\"target\":[\"https:\\\/\\\/www.on-school.com\\\/blog\\\/brecha-tecnologica-caso-de-estudio-del-estado-de-puebla-mexico-por-juan-carlos-botello-y-martin-davila\\\/\"]}]},{\"@type\":\"ImageObject\",\"inLanguage\":\"en-US\",\"@id\":\"https:\\\/\\\/www.on-school.com\\\/blog\\\/brecha-tecnologica-caso-de-estudio-del-estado-de-puebla-mexico-por-juan-carlos-botello-y-martin-davila\\\/#primaryimage\",\"url\":\"https:\\\/\\\/www.on-school.com\\\/blog\\\/wp-content\\\/uploads\\\/2015\\\/05\\\/opportunity-gap1.jpg\",\"contentUrl\":\"https:\\\/\\\/www.on-school.com\\\/blog\\\/wp-content\\\/uploads\\\/2015\\\/05\\\/opportunity-gap1.jpg\",\"width\":640,\"height\":360,\"caption\":\"Brecha Tecnol\u00f3gica\"},{\"@type\":\"BreadcrumbList\",\"@id\":\"https:\\\/\\\/www.on-school.com\\\/blog\\\/brecha-tecnologica-caso-de-estudio-del-estado-de-puebla-mexico-por-juan-carlos-botello-y-martin-davila\\\/#breadcrumb\",\"itemListElement\":[{\"@type\":\"ListItem\",\"position\":1,\"name\":\"Inicio\",\"item\":\"https:\\\/\\\/www.on-school.com\\\/blog\\\/\"},{\"@type\":\"ListItem\",\"position\":2,\"name\":\"Brecha Tecnol\u00f3gica: Caso de Estudio del Estado de Puebla, M\u00e9xico por Juan Carlos Botello y Martin Davila\"}]},{\"@type\":\"WebSite\",\"@id\":\"https:\\\/\\\/www.on-school.com\\\/blog\\\/#website\",\"url\":\"https:\\\/\\\/www.on-school.com\\\/blog\\\/\",\"name\":\"On-School\",\"description\":\"Aula Virtual Educativa\",\"publisher\":{\"@id\":\"https:\\\/\\\/www.on-school.com\\\/blog\\\/#organization\"},\"potentialAction\":[{\"@type\":\"SearchAction\",\"target\":{\"@type\":\"EntryPoint\",\"urlTemplate\":\"https:\\\/\\\/www.on-school.com\\\/blog\\\/?s={search_term_string}\"},\"query-input\":{\"@type\":\"PropertyValueSpecification\",\"valueRequired\":true,\"valueName\":\"search_term_string\"}}],\"inLanguage\":\"en-US\"},{\"@type\":\"Organization\",\"@id\":\"https:\\\/\\\/www.on-school.com\\\/blog\\\/#organization\",\"name\":\"On-School\",\"url\":\"https:\\\/\\\/www.on-school.com\\\/blog\\\/\",\"logo\":{\"@type\":\"ImageObject\",\"inLanguage\":\"en-US\",\"@id\":\"https:\\\/\\\/www.on-school.com\\\/blog\\\/#\\\/schema\\\/logo\\\/image\\\/\",\"url\":\"https:\\\/\\\/www.on-school.com\\\/blog\\\/wp-content\\\/uploads\\\/2025\\\/09\\\/logoNewSchool.jpg\",\"contentUrl\":\"https:\\\/\\\/www.on-school.com\\\/blog\\\/wp-content\\\/uploads\\\/2025\\\/09\\\/logoNewSchool.jpg\",\"width\":778,\"height\":777,\"caption\":\"On-School\"},\"image\":{\"@id\":\"https:\\\/\\\/www.on-school.com\\\/blog\\\/#\\\/schema\\\/logo\\\/image\\\/\"},\"sameAs\":[\"https:\\\/\\\/www.facebook.com\\\/pages\\\/On-School-Plataforma-Educativa-Virtual\\\/359347014214506\",\"https:\\\/\\\/x.com\\\/dannyrq0103\"]},{\"@type\":\"Person\",\"@id\":\"https:\\\/\\\/www.on-school.com\\\/blog\\\/#\\\/schema\\\/person\\\/60396eb2dba803d5c761e33f467a0e58\",\"name\":\"jolusafe5\",\"image\":{\"@type\":\"ImageObject\",\"inLanguage\":\"en-US\",\"@id\":\"https:\\\/\\\/secure.gravatar.com\\\/avatar\\\/d2a6967d3c1736c22d3eca3839cb5260e71ac1ef16ce076cb36aeea8ca491315?s=96&d=mm&r=g\",\"url\":\"https:\\\/\\\/secure.gravatar.com\\\/avatar\\\/d2a6967d3c1736c22d3eca3839cb5260e71ac1ef16ce076cb36aeea8ca491315?s=96&d=mm&r=g\",\"contentUrl\":\"https:\\\/\\\/secure.gravatar.com\\\/avatar\\\/d2a6967d3c1736c22d3eca3839cb5260e71ac1ef16ce076cb36aeea8ca491315?s=96&d=mm&r=g\",\"caption\":\"jolusafe5\"},\"description\":\"Apasionado por los temas educativos, ciencias sociales y tecnolog\u00eda. Ingeniero en Computaci\u00f3n y Sistemas por la Universidad Popular Aut\u00f3noma del Estado de Puebla (UPAEP) . Maestr\u00eda en Inform\u00e1tica Aplicada por el Instituto Tecnol\u00f3gico y de Estudios Superiores de Occidente (ITESO). Estudiante de Maestr\u00eda en Inteligencia Artificial por ALINNCO.\",\"sameAs\":[\"http:\\\/\\\/www.on-school.com\",\"https:\\\/\\\/www.facebook.com\\\/jolusafe5\",\"https:\\\/\\\/x.com\\\/jolusafe5\"],\"url\":\"https:\\\/\\\/www.on-school.com\\\/blog\\\/author\\\/jolusafe5\\\/\"}]}<\/script>\n<!-- \/ Yoast SEO plugin. -->","yoast_head_json":{"title":"Brecha Tecnol\u00f3gica: Caso de Estudio del Estado de Puebla, M\u00e9xico por Juan Carlos Botello y Martin Davila - On-School","description":"Brecha Tecnol\u00f3gica: Caso de Estudio del Estado de Puebla, M\u00e9xico por Juan Carlos Botello y Martin Davila","robots":{"index":"index","follow":"follow","max-snippet":"max-snippet:-1","max-image-preview":"max-image-preview:large","max-video-preview":"max-video-preview:-1"},"canonical":"https:\/\/www.on-school.com\/blog\/brecha-tecnologica-caso-de-estudio-del-estado-de-puebla-mexico-por-juan-carlos-botello-y-martin-davila\/","og_locale":"en_US","og_type":"article","og_title":"Brecha Tecnol\u00f3gica: Caso de Estudio del Estado de Puebla, M\u00e9xico por Juan Carlos Botello y Martin Davila - On-School","og_description":"Brecha Tecnol\u00f3gica: Caso de Estudio del Estado de Puebla, M\u00e9xico por Juan Carlos Botello y Martin Davila","og_url":"https:\/\/www.on-school.com\/blog\/brecha-tecnologica-caso-de-estudio-del-estado-de-puebla-mexico-por-juan-carlos-botello-y-martin-davila\/","og_site_name":"On-School","article_publisher":"https:\/\/www.facebook.com\/pages\/On-School-Plataforma-Educativa-Virtual\/359347014214506","article_author":"https:\/\/www.facebook.com\/jolusafe5","article_published_time":"2015-05-08T03:50:45+00:00","og_image":[{"width":640,"height":360,"url":"https:\/\/www.on-school.com\/blog\/wp-content\/uploads\/2015\/05\/opportunity-gap1.jpg","type":"image\/jpeg"}],"author":"jolusafe5","twitter_card":"summary_large_image","twitter_creator":"@jolusafe5","twitter_site":"@dannyrq0103","twitter_misc":{"Written by":"jolusafe5","Est. reading time":"6 minutes"},"schema":{"@context":"https:\/\/schema.org","@graph":[{"@type":"Article","@id":"https:\/\/www.on-school.com\/blog\/brecha-tecnologica-caso-de-estudio-del-estado-de-puebla-mexico-por-juan-carlos-botello-y-martin-davila\/#article","isPartOf":{"@id":"https:\/\/www.on-school.com\/blog\/brecha-tecnologica-caso-de-estudio-del-estado-de-puebla-mexico-por-juan-carlos-botello-y-martin-davila\/"},"author":{"name":"jolusafe5","@id":"https:\/\/www.on-school.com\/blog\/#\/schema\/person\/60396eb2dba803d5c761e33f467a0e58"},"headline":"Brecha Tecnol\u00f3gica: Caso de Estudio del Estado de Puebla, M\u00e9xico por Juan Carlos Botello y Martin Davila","datePublished":"2015-05-08T03:50:45+00:00","mainEntityOfPage":{"@id":"https:\/\/www.on-school.com\/blog\/brecha-tecnologica-caso-de-estudio-del-estado-de-puebla-mexico-por-juan-carlos-botello-y-martin-davila\/"},"wordCount":1168,"commentCount":0,"publisher":{"@id":"https:\/\/www.on-school.com\/blog\/#organization"},"image":{"@id":"https:\/\/www.on-school.com\/blog\/brecha-tecnologica-caso-de-estudio-del-estado-de-puebla-mexico-por-juan-carlos-botello-y-martin-davila\/#primaryimage"},"thumbnailUrl":"https:\/\/www.on-school.com\/blog\/wp-content\/uploads\/2015\/05\/opportunity-gap1.jpg","keywords":["brecha cultural","brecha tecnol\u00f3gica","cultural gap","distribuci\u00f3n de recursos","educaci\u00f3n","escuela primaria","information technology","m\u00e9xico","Primary schools","Puebla","resource distribution","technological gap","tecnolog\u00edas de la informaci\u00f3n"],"articleSection":["Art\u00edculos"],"inLanguage":"en-US","potentialAction":[{"@type":"CommentAction","name":"Comment","target":["https:\/\/www.on-school.com\/blog\/brecha-tecnologica-caso-de-estudio-del-estado-de-puebla-mexico-por-juan-carlos-botello-y-martin-davila\/#respond"]}]},{"@type":"WebPage","@id":"https:\/\/www.on-school.com\/blog\/brecha-tecnologica-caso-de-estudio-del-estado-de-puebla-mexico-por-juan-carlos-botello-y-martin-davila\/","url":"https:\/\/www.on-school.com\/blog\/brecha-tecnologica-caso-de-estudio-del-estado-de-puebla-mexico-por-juan-carlos-botello-y-martin-davila\/","name":"Brecha Tecnol\u00f3gica: Caso de Estudio del Estado de Puebla, M\u00e9xico por Juan Carlos Botello y Martin Davila - On-School","isPartOf":{"@id":"https:\/\/www.on-school.com\/blog\/#website"},"primaryImageOfPage":{"@id":"https:\/\/www.on-school.com\/blog\/brecha-tecnologica-caso-de-estudio-del-estado-de-puebla-mexico-por-juan-carlos-botello-y-martin-davila\/#primaryimage"},"image":{"@id":"https:\/\/www.on-school.com\/blog\/brecha-tecnologica-caso-de-estudio-del-estado-de-puebla-mexico-por-juan-carlos-botello-y-martin-davila\/#primaryimage"},"thumbnailUrl":"https:\/\/www.on-school.com\/blog\/wp-content\/uploads\/2015\/05\/opportunity-gap1.jpg","datePublished":"2015-05-08T03:50:45+00:00","description":"Brecha Tecnol\u00f3gica: Caso de Estudio del Estado de Puebla, M\u00e9xico por Juan Carlos Botello y Martin Davila","breadcrumb":{"@id":"https:\/\/www.on-school.com\/blog\/brecha-tecnologica-caso-de-estudio-del-estado-de-puebla-mexico-por-juan-carlos-botello-y-martin-davila\/#breadcrumb"},"inLanguage":"en-US","potentialAction":[{"@type":"ReadAction","target":["https:\/\/www.on-school.com\/blog\/brecha-tecnologica-caso-de-estudio-del-estado-de-puebla-mexico-por-juan-carlos-botello-y-martin-davila\/"]}]},{"@type":"ImageObject","inLanguage":"en-US","@id":"https:\/\/www.on-school.com\/blog\/brecha-tecnologica-caso-de-estudio-del-estado-de-puebla-mexico-por-juan-carlos-botello-y-martin-davila\/#primaryimage","url":"https:\/\/www.on-school.com\/blog\/wp-content\/uploads\/2015\/05\/opportunity-gap1.jpg","contentUrl":"https:\/\/www.on-school.com\/blog\/wp-content\/uploads\/2015\/05\/opportunity-gap1.jpg","width":640,"height":360,"caption":"Brecha Tecnol\u00f3gica"},{"@type":"BreadcrumbList","@id":"https:\/\/www.on-school.com\/blog\/brecha-tecnologica-caso-de-estudio-del-estado-de-puebla-mexico-por-juan-carlos-botello-y-martin-davila\/#breadcrumb","itemListElement":[{"@type":"ListItem","position":1,"name":"Inicio","item":"https:\/\/www.on-school.com\/blog\/"},{"@type":"ListItem","position":2,"name":"Brecha Tecnol\u00f3gica: Caso de Estudio del Estado de Puebla, M\u00e9xico por Juan Carlos Botello y Martin Davila"}]},{"@type":"WebSite","@id":"https:\/\/www.on-school.com\/blog\/#website","url":"https:\/\/www.on-school.com\/blog\/","name":"On-School","description":"Aula Virtual Educativa","publisher":{"@id":"https:\/\/www.on-school.com\/blog\/#organization"},"potentialAction":[{"@type":"SearchAction","target":{"@type":"EntryPoint","urlTemplate":"https:\/\/www.on-school.com\/blog\/?s={search_term_string}"},"query-input":{"@type":"PropertyValueSpecification","valueRequired":true,"valueName":"search_term_string"}}],"inLanguage":"en-US"},{"@type":"Organization","@id":"https:\/\/www.on-school.com\/blog\/#organization","name":"On-School","url":"https:\/\/www.on-school.com\/blog\/","logo":{"@type":"ImageObject","inLanguage":"en-US","@id":"https:\/\/www.on-school.com\/blog\/#\/schema\/logo\/image\/","url":"https:\/\/www.on-school.com\/blog\/wp-content\/uploads\/2025\/09\/logoNewSchool.jpg","contentUrl":"https:\/\/www.on-school.com\/blog\/wp-content\/uploads\/2025\/09\/logoNewSchool.jpg","width":778,"height":777,"caption":"On-School"},"image":{"@id":"https:\/\/www.on-school.com\/blog\/#\/schema\/logo\/image\/"},"sameAs":["https:\/\/www.facebook.com\/pages\/On-School-Plataforma-Educativa-Virtual\/359347014214506","https:\/\/x.com\/dannyrq0103"]},{"@type":"Person","@id":"https:\/\/www.on-school.com\/blog\/#\/schema\/person\/60396eb2dba803d5c761e33f467a0e58","name":"jolusafe5","image":{"@type":"ImageObject","inLanguage":"en-US","@id":"https:\/\/secure.gravatar.com\/avatar\/d2a6967d3c1736c22d3eca3839cb5260e71ac1ef16ce076cb36aeea8ca491315?s=96&d=mm&r=g","url":"https:\/\/secure.gravatar.com\/avatar\/d2a6967d3c1736c22d3eca3839cb5260e71ac1ef16ce076cb36aeea8ca491315?s=96&d=mm&r=g","contentUrl":"https:\/\/secure.gravatar.com\/avatar\/d2a6967d3c1736c22d3eca3839cb5260e71ac1ef16ce076cb36aeea8ca491315?s=96&d=mm&r=g","caption":"jolusafe5"},"description":"Apasionado por los temas educativos, ciencias sociales y tecnolog\u00eda. Ingeniero en Computaci\u00f3n y Sistemas por la Universidad Popular Aut\u00f3noma del Estado de Puebla (UPAEP) . Maestr\u00eda en Inform\u00e1tica Aplicada por el Instituto Tecnol\u00f3gico y de Estudios Superiores de Occidente (ITESO). Estudiante de Maestr\u00eda en Inteligencia Artificial por ALINNCO.","sameAs":["http:\/\/www.on-school.com","https:\/\/www.facebook.com\/jolusafe5","https:\/\/x.com\/jolusafe5"],"url":"https:\/\/www.on-school.com\/blog\/author\/jolusafe5\/"}]}},"jetpack_publicize_connections":[],"jetpack_featured_media_url":"https:\/\/www.on-school.com\/blog\/wp-content\/uploads\/2015\/05\/opportunity-gap1.jpg","jetpack_shortlink":"https:\/\/wp.me\/p4Yboc-dl","jetpack_sharing_enabled":true,"jetpack-related-posts":[{"id":834,"url":"https:\/\/www.on-school.com\/blog\/el-reto-de-la-educacion-en-mexico-por-stephanie-guichard\/","url_meta":{"origin":827,"position":0},"title":"El reto de la Educaci\u00f3n en M\u00e9xico por St\u00e9phanie Guichard","author":"jolusafe5","date":"04\/05\/2015","format":false,"excerpt":"El presente art\u00edculo completo en Ingl\u00e9s lo puedes encontrar en el siguiente link:\u00a0El reto de la Educaci\u00f3n en M\u00e9xico RESUMEN El reto de la educaci\u00f3n en M\u00e9xico: la entrega de una educaci\u00f3n de calidad para todos El crecimiento del PIB potencial en M\u00e9xico no es lo suficientemente r\u00e1pido como para\u2026","rel":"","context":"In &quot;Art\u00edculos&quot;","block_context":{"text":"Art\u00edculos","link":"https:\/\/www.on-school.com\/blog\/category\/biblioteca\/articulos\/"},"img":{"alt_text":"Retos de la Educaci\u00f3n","src":"https:\/\/i0.wp.com\/www.on-school.com\/blog\/wp-content\/uploads\/2015\/05\/light-jackets-books-education-learning-volume_wallpaperwind.com_641.jpg?resize=350%2C200&ssl=1","width":350,"height":200},"classes":[]},{"id":837,"url":"https:\/\/www.on-school.com\/blog\/el-triunfo-del-5-de-mayo-generales-y-decisiones-por-victor-hugo-flores-solis\/","url_meta":{"origin":827,"position":1},"title":"El triunfo del 5 de mayo Generales y decisiones por V\u00edctor Hugo Flores Sol\u00eds","author":"jolusafe5","date":"05\/05\/2015","format":false,"excerpt":"El presente art\u00edculo completo lo puedes encontrar en el siguiente link:\u00a0El triunfo del 5 de mayo Resumen De Cumbres a Amozoc La colorida marcha de zuavos y fusileros de marina con bayonetas rumbo al cerro de Loreto y Guadalupe, pasado el mediod\u00eda del 5 de mayo de 1862, contrastaba con\u2026","rel":"","context":"In &quot;Art\u00edculos&quot;","block_context":{"text":"Art\u00edculos","link":"https:\/\/www.on-school.com\/blog\/category\/biblioteca\/articulos\/"},"img":{"alt_text":"5 de Mayo de 1862 - Batalla de Puebla","src":"https:\/\/i0.wp.com\/www.on-school.com\/blog\/wp-content\/uploads\/2015\/05\/leo-de-la-batalla-de-puebla-610x4301.jpg?resize=350%2C200&ssl=1","width":350,"height":200,"srcset":"https:\/\/i0.wp.com\/www.on-school.com\/blog\/wp-content\/uploads\/2015\/05\/leo-de-la-batalla-de-puebla-610x4301.jpg?resize=350%2C200&ssl=1 1x, https:\/\/i0.wp.com\/www.on-school.com\/blog\/wp-content\/uploads\/2015\/05\/leo-de-la-batalla-de-puebla-610x4301.jpg?resize=525%2C300&ssl=1 1.5x"},"classes":[]},{"id":461,"url":"https:\/\/www.on-school.com\/blog\/internet-visto-como-problema-social\/","url_meta":{"origin":827,"position":2},"title":"Internet visto como problema Social","author":"jolusafe5","date":"04\/11\/2014","format":false,"excerpt":"As\u00ed como a la comunicaci\u00f3n en el mundo globalizado se le ha tratado como mercanc\u00eda, la tecnolog\u00eda ha pasado de ser un medio de producci\u00f3n a ser un producto de consumo. Y dentro de los avances tecnol\u00f3gicos que est\u00e1n consolidando al mundo neoliberal de nuestros d\u00edas, est\u00e1n sin duda aquellos\u2026","rel":"","context":"In &quot;Innovaci\u00f3n Tecnol\u00f3gica&quot;","block_context":{"text":"Innovaci\u00f3n Tecnol\u00f3gica","link":"https:\/\/www.on-school.com\/blog\/category\/procesos-educativos\/innovacion-tecnologica\/"},"img":{"alt_text":"Ayuda en Internet","src":"https:\/\/i0.wp.com\/www.on-school.com\/blog\/wp-content\/uploads\/2014\/11\/escucha-social1.jpg?resize=350%2C200&ssl=1","width":350,"height":200},"classes":[]},{"id":1185,"url":"https:\/\/www.on-school.com\/blog\/manual-de-tecnicas-y-dinamicas-para-favorecer-las-relaciones-y-trabajo-de-grupo\/","url_meta":{"origin":827,"position":3},"title":"Manual de t\u00e9cnicas y din\u00e1micas para favorecer las relaciones y trabajo de grupo","author":"jolusafe5","date":"19\/01\/2016","format":false,"excerpt":"El presente documento completo lo puedes descargar del siguiente link:\u00a0Manual de t\u00e9cnicas y din\u00e1micas para mejorar las relaciones y trabajo en equipo RESUMEN El presente Manual se ha elaborado a partir de la revisi\u00f3n bibliogr\u00e1fica de documentos sobre din\u00e1micas que favorezcan las relaciones y trabajo de grupo. Fundamentalmente, se mostrar\u00e1n\u2026","rel":"","context":"In &quot;Biblioteca&quot;","block_context":{"text":"Biblioteca","link":"https:\/\/www.on-school.com\/blog\/category\/biblioteca\/"},"img":{"alt_text":"T\u00e9cnicas y din\u00e1micas grupales","src":"https:\/\/i0.wp.com\/www.on-school.com\/blog\/wp-content\/uploads\/2016\/01\/ser11.jpg?resize=350%2C200&ssl=1","width":350,"height":200,"srcset":"https:\/\/i0.wp.com\/www.on-school.com\/blog\/wp-content\/uploads\/2016\/01\/ser11.jpg?resize=350%2C200&ssl=1 1x, https:\/\/i0.wp.com\/www.on-school.com\/blog\/wp-content\/uploads\/2016\/01\/ser11.jpg?resize=525%2C300&ssl=1 1.5x"},"classes":[]},{"id":916,"url":"https:\/\/www.on-school.com\/blog\/gestion-del-conocimiento\/","url_meta":{"origin":827,"position":4},"title":"Gesti\u00f3n del Conocimiento","author":"jolusafe5","date":"28\/08\/2015","format":false,"excerpt":"\u00bfQui\u00e9n soy? Mi nombre es Jos\u00e9 Luis S\u00e1nchez Ferrusca, tengo 29 a\u00f1os, de los cuales los \u00faltimos 4 a\u00f1os he estado viviendo en la Ciudad de Guadalajara. Soy originario de la Ciudad de Puebla donde estudi\u00e9 la carrera de Ingenier\u00eda en Computaci\u00f3n y Sistemas en la Universidad Popular Aut\u00f3noma del\u2026","rel":"","context":"In &quot;Gesti\u00f3n del Conocimiento&quot;","block_context":{"text":"Gesti\u00f3n del Conocimiento","link":"https:\/\/www.on-school.com\/blog\/category\/ciencias-de-la-educacion\/gestion-del-conocimiento\/"},"img":{"alt_text":"\u00bfQui\u00e9n soy yo?","src":"https:\/\/i0.wp.com\/www.on-school.com\/blog\/wp-content\/uploads\/2015\/08\/IMG-20150111-WA0001.jpg?resize=350%2C200&ssl=1","width":350,"height":200,"srcset":"https:\/\/i0.wp.com\/www.on-school.com\/blog\/wp-content\/uploads\/2015\/08\/IMG-20150111-WA0001.jpg?resize=350%2C200&ssl=1 1x, https:\/\/i0.wp.com\/www.on-school.com\/blog\/wp-content\/uploads\/2015\/08\/IMG-20150111-WA0001.jpg?resize=525%2C300&ssl=1 1.5x, https:\/\/i0.wp.com\/www.on-school.com\/blog\/wp-content\/uploads\/2015\/08\/IMG-20150111-WA0001.jpg?resize=700%2C400&ssl=1 2x"},"classes":[]},{"id":514,"url":"https:\/\/www.on-school.com\/blog\/politica-educativa-sobre-el-uso-de-las-tecnologias-de-la-informacion\/","url_meta":{"origin":827,"position":5},"title":"Pol\u00edtica Educativa sobre el uso de las Tecnolog\u00edas de la Informaci\u00f3n","author":"jolusafe5","date":"17\/11\/2014","format":false,"excerpt":"El avance tecnol\u00f3gico es una realidad que no podemos negar en nuestra vida cotidiana, la incorporaci\u00f3n tecnol\u00f3gica modifica una serie de relaciones que repercute en una nueva forma de ver e interpretar la realidad. Las autoridades educativas de un pa\u00eds no pueden negar este hecho, sin embargo, los problemas que\u2026","rel":"","context":"In &quot;Innovaci\u00f3n Tecnol\u00f3gica&quot;","block_context":{"text":"Innovaci\u00f3n Tecnol\u00f3gica","link":"https:\/\/www.on-school.com\/blog\/category\/procesos-educativos\/innovacion-tecnologica\/"},"img":{"alt_text":"","src":"","width":0,"height":0},"classes":[]}],"jetpack_likes_enabled":true,"_links":{"self":[{"href":"https:\/\/www.on-school.com\/blog\/wp-json\/wp\/v2\/posts\/827","targetHints":{"allow":["GET"]}}],"collection":[{"href":"https:\/\/www.on-school.com\/blog\/wp-json\/wp\/v2\/posts"}],"about":[{"href":"https:\/\/www.on-school.com\/blog\/wp-json\/wp\/v2\/types\/post"}],"author":[{"embeddable":true,"href":"https:\/\/www.on-school.com\/blog\/wp-json\/wp\/v2\/users\/1"}],"replies":[{"embeddable":true,"href":"https:\/\/www.on-school.com\/blog\/wp-json\/wp\/v2\/comments?post=827"}],"version-history":[{"count":1,"href":"https:\/\/www.on-school.com\/blog\/wp-json\/wp\/v2\/posts\/827\/revisions"}],"predecessor-version":[{"id":829,"href":"https:\/\/www.on-school.com\/blog\/wp-json\/wp\/v2\/posts\/827\/revisions\/829"}],"wp:featuredmedia":[{"embeddable":true,"href":"https:\/\/www.on-school.com\/blog\/wp-json\/wp\/v2\/media\/828"}],"wp:attachment":[{"href":"https:\/\/www.on-school.com\/blog\/wp-json\/wp\/v2\/media?parent=827"}],"wp:term":[{"taxonomy":"category","embeddable":true,"href":"https:\/\/www.on-school.com\/blog\/wp-json\/wp\/v2\/categories?post=827"},{"taxonomy":"post_tag","embeddable":true,"href":"https:\/\/www.on-school.com\/blog\/wp-json\/wp\/v2\/tags?post=827"}],"curies":[{"name":"wp","href":"https:\/\/api.w.org\/{rel}","templated":true}]}}