{"id":806,"date":"2015-03-30T19:00:21","date_gmt":"2015-03-31T01:00:21","guid":{"rendered":"http:\/\/www.on-school.com\/blog\/?p=806"},"modified":"2015-04-01T19:09:00","modified_gmt":"2015-04-02T01:09:00","slug":"pensar-la-educacion-popular-por-jorge-amaro-toledo","status":"publish","type":"post","link":"https:\/\/www.on-school.com\/blog\/pensar-la-educacion-popular-por-jorge-amaro-toledo\/","title":{"rendered":"Pensar la educaci\u00f3n Popular por Jorge Amaro Toledo"},"content":{"rendered":"<p>El presente art\u00edculo completo lo puedes encontrar en el siguiente link:\u00a0<a href=\"http:\/\/biblioteca.uahurtado.cl\/ujah\/Reduc\/pdf\/pdf\/txt766.pdf\" target=\"_blank\">Pensar la educaci\u00f3n popular, hoy.<\/a><\/p>\n<p><strong>Resumen<\/strong><\/p>\n<p>En la actualidad, parece que pensar a la Educaci\u00f3n Popular (en adelante EP) es nadar contra la corriente, aun cuando siempre la EP ha sido un lento trabajo de hormigas realizada entre la invisibilidad y los m\u00e1rgenes. Hoy, donde aparentemente se han reabierto los espacios de la pol\u00edtica tradicional, la EP y quienes seguimos interesados en la construcci\u00f3n de personas y en la recuperaci\u00f3n de potencialidades del hombre, la mujer y del joven de sectores populares, a trav\u00e9s de este enfoque educativo, aparecemos como seguidores de una moda \u00abretro\u00bb, o \u00abnost\u00e1lgica\u00bb al decir de algunos, un tanto conflictiva y premoderna.<\/p>\n<p>Sin embargo, quiero fijar la atenci\u00f3n acerca de c\u00f3mo el caudal metodol\u00f3gico y val\u00f3rico mantiene su vigencia y paradojalmente, empieza a ser reconocido desde los \u00e1mbitos m\u00e1s diversos. Es as\u00ed por ejemplo que empieza a formar parte de los curr\u00edculum de carrera relacionadas con las ciencias sociales en las principales universidades del pa\u00eds, empieza tambi\u00e9n a utilizarse mucho en las empresas para mejorar sus climas organizacionales, ha sido instalada en la administraci\u00f3n p\u00fablica por personas que proven\u00edan de ong&#8217;s o con alguna experiencia en acciones educativas. Sin embargo, no se habla de EP, sino de metodolog\u00edas interactivas, cursos de desarrollo personal, estrategias de mejoramiento de climas organizacionales, etc. A excepci\u00f3n de las Universidades que nombran rescatan el origen de la EP y la vinculan mucho con el tipo de pr\u00e1cticas que tienen que desarrollar profesionalmente los asistentes sociales, psic\u00f3logos, soci\u00f3logos de reciente egreso.<\/p>\n<p>Y es que la EP tiene un largo recorrido, m\u00e1s visible entre 1973 y 1980 como una paciente pero efectiva labor de muchos dirigentes, profesionales, no profesionales, trabajadores y militantes pol\u00edticos para recuperar lenta y trabajosamente los espacios de participaci\u00f3n. La EP tuvo la fortaleza y consistencia para desarrollarse en una realidad marcada por el temor, la desconfianza y la incomunicaci\u00f3n. En la d\u00e9cada de los ochenta esta misma acci\u00f3n se expande y adquiere fuerza y legitimidad alternativa, al acompa\u00f1ar la lucha pol\u00edtica encaminada a buscar el t\u00e9rmino de la dictadura.1<\/p>\n<p>La participaci\u00f3n, la constituci\u00f3n de sujetos sociales, el aprendizaje y los saberes en los sectores populares, son algunos de los temas que articulan y dan sentido a la EP, aun cuando hay todav\u00eda mucho m\u00e1s de fondo. El componente val\u00f3rico y afectivo que ella tiene, son elementos que empiezan a ser apreciados y reconocidos por los diferentes sectores vinculados a la educaci\u00f3n en general.<\/p>\n<p>Es com\u00fan percibir que algunas personas estiman que la EP son un conjunto de t\u00e9cnicas y procedimientos metodol\u00f3gicos alternativos a la educaci\u00f3n tradicional. Sin embargo, es mucho m\u00e1s que eso, se sustenta en el di\u00e1logo y la experiencia, en la expresi\u00f3n de emociones y sentimientos. Aun cuando es cierto que algunos aspectos se han descuidado y han terminado por bajarle el perfil a esta forma de hacer Educaci\u00f3n.<\/p>\n<p>Es necesario mirar un poco m\u00e1s all\u00e1 e incluir el valor de la reflexi\u00f3n, del examen cr\u00edtico de nuestras pr\u00e1cticas, la sistematizaci\u00f3n y la intenci\u00f3n de difundir una suerte de conocimiento construido en el di\u00e1logo y la experiencia. Para eso es necesario capturar la experiencia y transformarla en datos para ir permanentemente reconceptualizando la importante tarea de la EP. A partir de la experiencia y la reflexi\u00f3n transformada en datos, es posible la uni\u00f3n de saberes de tipo pr\u00e1ctico instrumental con el sustento te\u00f3rico que potencia el alcance de una metodolog\u00eda \u00fatil. Los saberes de la vida cotidiana y la resoluci\u00f3n de problemas con sentido com\u00fan basados en la experiencia son necesarias de incluir dentro del concepto de educaci\u00f3n popular que realizamos. Pero de una manera explicitada, fruto de procesos de reflexi\u00f3n profunda con la intenci\u00f3n de divulgar, de problematizar, de llevar este di\u00e1logo m\u00e1s all\u00e1 del mundo propio de los educadores populares.<\/p>\n<p><strong>BIBLIOGRAF\u00cdA<\/strong><\/p>\n<p>Toledo, J. A. (1996). www. redalyc. org. <i>Ultima D\u00e9cada<\/i>, (4), 1-5.<\/p>\n<figure id=\"attachment_807\" aria-describedby=\"caption-attachment-807\" style=\"width: 720px\" class=\"wp-caption aligncenter\"><a href=\"http:\/\/biblioteca.uahurtado.cl\/ujah\/Reduc\/pdf\/pdf\/txt766.pdf\" target=\"_blank\"><img fetchpriority=\"high\" decoding=\"async\" class=\"size-full wp-image-807\" src=\"http:\/\/www.on-school.com\/blog\/wp-content\/uploads\/2015\/04\/escuela1.jpg\" alt=\"Educaci\u00f3n Popular\" width=\"720\" height=\"482\" srcset=\"https:\/\/www.on-school.com\/blog\/wp-content\/uploads\/2015\/04\/escuela1.jpg 720w, https:\/\/www.on-school.com\/blog\/wp-content\/uploads\/2015\/04\/escuela1-300x200.jpg 300w\" sizes=\"(max-width: 720px) 100vw, 720px\" \/><\/a><figcaption id=\"caption-attachment-807\" class=\"wp-caption-text\">Educaci\u00f3n Popular<\/figcaption><\/figure>\n","protected":false},"excerpt":{"rendered":"<p>El presente art\u00edculo completo lo puedes encontrar en el siguiente link:\u00a0Pensar la educaci\u00f3n popular, hoy. Resumen En la actualidad, parece que pensar a la Educaci\u00f3n Popular (en adelante EP) es nadar contra la corriente, aun cuando siempre la EP ha sido un lento trabajo de hormigas realizada entre la invisibilidad y los m\u00e1rgenes. Hoy, donde [&hellip;]<\/p>\n","protected":false},"author":1,"featured_media":807,"comment_status":"open","ping_status":"open","sticky":false,"template":"","format":"standard","meta":{"om_disable_all_campaigns":false,"_monsterinsights_skip_tracking":false,"_monsterinsights_sitenote_active":false,"_monsterinsights_sitenote_note":"","_monsterinsights_sitenote_category":0,"_uf_show_specific_survey":0,"_uf_disable_surveys":false,"jetpack_post_was_ever_published":false,"_jetpack_newsletter_access":"","_jetpack_dont_email_post_to_subs":false,"_jetpack_newsletter_tier_id":0,"_jetpack_memberships_contains_paywalled_content":false,"_jetpack_memberships_contains_paid_content":false,"footnotes":"","jetpack_publicize_message":"","jetpack_publicize_feature_enabled":true,"jetpack_social_post_already_shared":true,"jetpack_social_options":{"image_generator_settings":{"template":"highway","default_image_id":0,"font":"","enabled":false},"version":2}},"categories":[819],"tags":[17,866,872],"class_list":["post-806","post","type-post","status-publish","format-standard","has-post-thumbnail","hentry","category-articulos","tag-educacion","tag-educacion-popular","tag-jorge-amaro-toledo"],"yoast_head":"<!-- This site is optimized with the Yoast SEO plugin v27.5 - https:\/\/yoast.com\/product\/yoast-seo-wordpress\/ -->\n<title>Pensar la educaci\u00f3n Popular por Jorge Amaro Toledo - On-School<\/title>\n<meta name=\"description\" content=\"Pensar la educaci\u00f3n Popular por Jorge Amaro Toledo\" \/>\n<meta name=\"robots\" content=\"index, follow, max-snippet:-1, max-image-preview:large, max-video-preview:-1\" \/>\n<link rel=\"canonical\" href=\"https:\/\/www.on-school.com\/blog\/pensar-la-educacion-popular-por-jorge-amaro-toledo\/\" \/>\n<meta property=\"og:locale\" content=\"en_US\" \/>\n<meta property=\"og:type\" content=\"article\" \/>\n<meta property=\"og:title\" content=\"Pensar la educaci\u00f3n Popular por Jorge Amaro Toledo - On-School\" \/>\n<meta property=\"og:description\" content=\"Pensar la educaci\u00f3n Popular por Jorge Amaro Toledo\" \/>\n<meta property=\"og:url\" content=\"https:\/\/www.on-school.com\/blog\/pensar-la-educacion-popular-por-jorge-amaro-toledo\/\" \/>\n<meta property=\"og:site_name\" content=\"On-School\" \/>\n<meta property=\"article:publisher\" content=\"https:\/\/www.facebook.com\/pages\/On-School-Plataforma-Educativa-Virtual\/359347014214506\" \/>\n<meta property=\"article:author\" content=\"https:\/\/www.facebook.com\/jolusafe5\" \/>\n<meta property=\"article:published_time\" content=\"2015-03-31T01:00:21+00:00\" \/>\n<meta property=\"article:modified_time\" content=\"2015-04-02T01:09:00+00:00\" \/>\n<meta property=\"og:image\" content=\"https:\/\/www.on-school.com\/blog\/wp-content\/uploads\/2015\/04\/escuela1.jpg\" \/>\n\t<meta property=\"og:image:width\" content=\"720\" \/>\n\t<meta property=\"og:image:height\" content=\"482\" \/>\n\t<meta property=\"og:image:type\" content=\"image\/jpeg\" \/>\n<meta name=\"author\" content=\"jolusafe5\" \/>\n<meta name=\"twitter:card\" content=\"summary_large_image\" \/>\n<meta name=\"twitter:creator\" content=\"@jolusafe5\" \/>\n<meta name=\"twitter:site\" content=\"@dannyrq0103\" \/>\n<meta name=\"twitter:label1\" content=\"Written by\" \/>\n\t<meta name=\"twitter:data1\" content=\"jolusafe5\" \/>\n\t<meta name=\"twitter:label2\" content=\"Est. reading time\" \/>\n\t<meta name=\"twitter:data2\" content=\"4 minutes\" \/>\n<script type=\"application\/ld+json\" class=\"yoast-schema-graph\">{\"@context\":\"https:\\\/\\\/schema.org\",\"@graph\":[{\"@type\":\"Article\",\"@id\":\"https:\\\/\\\/www.on-school.com\\\/blog\\\/pensar-la-educacion-popular-por-jorge-amaro-toledo\\\/#article\",\"isPartOf\":{\"@id\":\"https:\\\/\\\/www.on-school.com\\\/blog\\\/pensar-la-educacion-popular-por-jorge-amaro-toledo\\\/\"},\"author\":{\"name\":\"jolusafe5\",\"@id\":\"https:\\\/\\\/www.on-school.com\\\/blog\\\/#\\\/schema\\\/person\\\/60396eb2dba803d5c761e33f467a0e58\"},\"headline\":\"Pensar la educaci\u00f3n Popular por Jorge Amaro Toledo\",\"datePublished\":\"2015-03-31T01:00:21+00:00\",\"dateModified\":\"2015-04-02T01:09:00+00:00\",\"mainEntityOfPage\":{\"@id\":\"https:\\\/\\\/www.on-school.com\\\/blog\\\/pensar-la-educacion-popular-por-jorge-amaro-toledo\\\/\"},\"wordCount\":733,\"commentCount\":0,\"publisher\":{\"@id\":\"https:\\\/\\\/www.on-school.com\\\/blog\\\/#organization\"},\"image\":{\"@id\":\"https:\\\/\\\/www.on-school.com\\\/blog\\\/pensar-la-educacion-popular-por-jorge-amaro-toledo\\\/#primaryimage\"},\"thumbnailUrl\":\"https:\\\/\\\/www.on-school.com\\\/blog\\\/wp-content\\\/uploads\\\/2015\\\/04\\\/escuela1.jpg\",\"keywords\":[\"educaci\u00f3n\",\"Educaci\u00f3n Popular\",\"Jorge Amaro Toledo\"],\"articleSection\":[\"Art\u00edculos\"],\"inLanguage\":\"en-US\",\"potentialAction\":[{\"@type\":\"CommentAction\",\"name\":\"Comment\",\"target\":[\"https:\\\/\\\/www.on-school.com\\\/blog\\\/pensar-la-educacion-popular-por-jorge-amaro-toledo\\\/#respond\"]}]},{\"@type\":\"WebPage\",\"@id\":\"https:\\\/\\\/www.on-school.com\\\/blog\\\/pensar-la-educacion-popular-por-jorge-amaro-toledo\\\/\",\"url\":\"https:\\\/\\\/www.on-school.com\\\/blog\\\/pensar-la-educacion-popular-por-jorge-amaro-toledo\\\/\",\"name\":\"Pensar la educaci\u00f3n Popular por Jorge Amaro Toledo - On-School\",\"isPartOf\":{\"@id\":\"https:\\\/\\\/www.on-school.com\\\/blog\\\/#website\"},\"primaryImageOfPage\":{\"@id\":\"https:\\\/\\\/www.on-school.com\\\/blog\\\/pensar-la-educacion-popular-por-jorge-amaro-toledo\\\/#primaryimage\"},\"image\":{\"@id\":\"https:\\\/\\\/www.on-school.com\\\/blog\\\/pensar-la-educacion-popular-por-jorge-amaro-toledo\\\/#primaryimage\"},\"thumbnailUrl\":\"https:\\\/\\\/www.on-school.com\\\/blog\\\/wp-content\\\/uploads\\\/2015\\\/04\\\/escuela1.jpg\",\"datePublished\":\"2015-03-31T01:00:21+00:00\",\"dateModified\":\"2015-04-02T01:09:00+00:00\",\"description\":\"Pensar la educaci\u00f3n Popular por Jorge Amaro Toledo\",\"breadcrumb\":{\"@id\":\"https:\\\/\\\/www.on-school.com\\\/blog\\\/pensar-la-educacion-popular-por-jorge-amaro-toledo\\\/#breadcrumb\"},\"inLanguage\":\"en-US\",\"potentialAction\":[{\"@type\":\"ReadAction\",\"target\":[\"https:\\\/\\\/www.on-school.com\\\/blog\\\/pensar-la-educacion-popular-por-jorge-amaro-toledo\\\/\"]}]},{\"@type\":\"ImageObject\",\"inLanguage\":\"en-US\",\"@id\":\"https:\\\/\\\/www.on-school.com\\\/blog\\\/pensar-la-educacion-popular-por-jorge-amaro-toledo\\\/#primaryimage\",\"url\":\"https:\\\/\\\/www.on-school.com\\\/blog\\\/wp-content\\\/uploads\\\/2015\\\/04\\\/escuela1.jpg\",\"contentUrl\":\"https:\\\/\\\/www.on-school.com\\\/blog\\\/wp-content\\\/uploads\\\/2015\\\/04\\\/escuela1.jpg\",\"width\":720,\"height\":482,\"caption\":\"Educaci\u00f3n Popular\"},{\"@type\":\"BreadcrumbList\",\"@id\":\"https:\\\/\\\/www.on-school.com\\\/blog\\\/pensar-la-educacion-popular-por-jorge-amaro-toledo\\\/#breadcrumb\",\"itemListElement\":[{\"@type\":\"ListItem\",\"position\":1,\"name\":\"Inicio\",\"item\":\"https:\\\/\\\/www.on-school.com\\\/blog\\\/\"},{\"@type\":\"ListItem\",\"position\":2,\"name\":\"Pensar la educaci\u00f3n Popular por Jorge Amaro Toledo\"}]},{\"@type\":\"WebSite\",\"@id\":\"https:\\\/\\\/www.on-school.com\\\/blog\\\/#website\",\"url\":\"https:\\\/\\\/www.on-school.com\\\/blog\\\/\",\"name\":\"On-School\",\"description\":\"Aula Virtual Educativa\",\"publisher\":{\"@id\":\"https:\\\/\\\/www.on-school.com\\\/blog\\\/#organization\"},\"potentialAction\":[{\"@type\":\"SearchAction\",\"target\":{\"@type\":\"EntryPoint\",\"urlTemplate\":\"https:\\\/\\\/www.on-school.com\\\/blog\\\/?s={search_term_string}\"},\"query-input\":{\"@type\":\"PropertyValueSpecification\",\"valueRequired\":true,\"valueName\":\"search_term_string\"}}],\"inLanguage\":\"en-US\"},{\"@type\":\"Organization\",\"@id\":\"https:\\\/\\\/www.on-school.com\\\/blog\\\/#organization\",\"name\":\"On-School\",\"url\":\"https:\\\/\\\/www.on-school.com\\\/blog\\\/\",\"logo\":{\"@type\":\"ImageObject\",\"inLanguage\":\"en-US\",\"@id\":\"https:\\\/\\\/www.on-school.com\\\/blog\\\/#\\\/schema\\\/logo\\\/image\\\/\",\"url\":\"https:\\\/\\\/www.on-school.com\\\/blog\\\/wp-content\\\/uploads\\\/2025\\\/09\\\/logoNewSchool.jpg\",\"contentUrl\":\"https:\\\/\\\/www.on-school.com\\\/blog\\\/wp-content\\\/uploads\\\/2025\\\/09\\\/logoNewSchool.jpg\",\"width\":778,\"height\":777,\"caption\":\"On-School\"},\"image\":{\"@id\":\"https:\\\/\\\/www.on-school.com\\\/blog\\\/#\\\/schema\\\/logo\\\/image\\\/\"},\"sameAs\":[\"https:\\\/\\\/www.facebook.com\\\/pages\\\/On-School-Plataforma-Educativa-Virtual\\\/359347014214506\",\"https:\\\/\\\/x.com\\\/dannyrq0103\"]},{\"@type\":\"Person\",\"@id\":\"https:\\\/\\\/www.on-school.com\\\/blog\\\/#\\\/schema\\\/person\\\/60396eb2dba803d5c761e33f467a0e58\",\"name\":\"jolusafe5\",\"image\":{\"@type\":\"ImageObject\",\"inLanguage\":\"en-US\",\"@id\":\"https:\\\/\\\/secure.gravatar.com\\\/avatar\\\/d2a6967d3c1736c22d3eca3839cb5260e71ac1ef16ce076cb36aeea8ca491315?s=96&d=mm&r=g\",\"url\":\"https:\\\/\\\/secure.gravatar.com\\\/avatar\\\/d2a6967d3c1736c22d3eca3839cb5260e71ac1ef16ce076cb36aeea8ca491315?s=96&d=mm&r=g\",\"contentUrl\":\"https:\\\/\\\/secure.gravatar.com\\\/avatar\\\/d2a6967d3c1736c22d3eca3839cb5260e71ac1ef16ce076cb36aeea8ca491315?s=96&d=mm&r=g\",\"caption\":\"jolusafe5\"},\"description\":\"Apasionado por los temas educativos, ciencias sociales y tecnolog\u00eda. Ingeniero en Computaci\u00f3n y Sistemas por la Universidad Popular Aut\u00f3noma del Estado de Puebla (UPAEP) . Maestr\u00eda en Inform\u00e1tica Aplicada por el Instituto Tecnol\u00f3gico y de Estudios Superiores de Occidente (ITESO). Estudiante de Maestr\u00eda en Inteligencia Artificial por ALINNCO.\",\"sameAs\":[\"http:\\\/\\\/www.on-school.com\",\"https:\\\/\\\/www.facebook.com\\\/jolusafe5\",\"https:\\\/\\\/x.com\\\/jolusafe5\"],\"url\":\"https:\\\/\\\/www.on-school.com\\\/blog\\\/author\\\/jolusafe5\\\/\"}]}<\/script>\n<!-- \/ Yoast SEO plugin. -->","yoast_head_json":{"title":"Pensar la educaci\u00f3n Popular por Jorge Amaro Toledo - On-School","description":"Pensar la educaci\u00f3n Popular por Jorge Amaro Toledo","robots":{"index":"index","follow":"follow","max-snippet":"max-snippet:-1","max-image-preview":"max-image-preview:large","max-video-preview":"max-video-preview:-1"},"canonical":"https:\/\/www.on-school.com\/blog\/pensar-la-educacion-popular-por-jorge-amaro-toledo\/","og_locale":"en_US","og_type":"article","og_title":"Pensar la educaci\u00f3n Popular por Jorge Amaro Toledo - On-School","og_description":"Pensar la educaci\u00f3n Popular por Jorge Amaro Toledo","og_url":"https:\/\/www.on-school.com\/blog\/pensar-la-educacion-popular-por-jorge-amaro-toledo\/","og_site_name":"On-School","article_publisher":"https:\/\/www.facebook.com\/pages\/On-School-Plataforma-Educativa-Virtual\/359347014214506","article_author":"https:\/\/www.facebook.com\/jolusafe5","article_published_time":"2015-03-31T01:00:21+00:00","article_modified_time":"2015-04-02T01:09:00+00:00","og_image":[{"width":720,"height":482,"url":"https:\/\/www.on-school.com\/blog\/wp-content\/uploads\/2015\/04\/escuela1.jpg","type":"image\/jpeg"}],"author":"jolusafe5","twitter_card":"summary_large_image","twitter_creator":"@jolusafe5","twitter_site":"@dannyrq0103","twitter_misc":{"Written by":"jolusafe5","Est. reading time":"4 minutes"},"schema":{"@context":"https:\/\/schema.org","@graph":[{"@type":"Article","@id":"https:\/\/www.on-school.com\/blog\/pensar-la-educacion-popular-por-jorge-amaro-toledo\/#article","isPartOf":{"@id":"https:\/\/www.on-school.com\/blog\/pensar-la-educacion-popular-por-jorge-amaro-toledo\/"},"author":{"name":"jolusafe5","@id":"https:\/\/www.on-school.com\/blog\/#\/schema\/person\/60396eb2dba803d5c761e33f467a0e58"},"headline":"Pensar la educaci\u00f3n Popular por Jorge Amaro Toledo","datePublished":"2015-03-31T01:00:21+00:00","dateModified":"2015-04-02T01:09:00+00:00","mainEntityOfPage":{"@id":"https:\/\/www.on-school.com\/blog\/pensar-la-educacion-popular-por-jorge-amaro-toledo\/"},"wordCount":733,"commentCount":0,"publisher":{"@id":"https:\/\/www.on-school.com\/blog\/#organization"},"image":{"@id":"https:\/\/www.on-school.com\/blog\/pensar-la-educacion-popular-por-jorge-amaro-toledo\/#primaryimage"},"thumbnailUrl":"https:\/\/www.on-school.com\/blog\/wp-content\/uploads\/2015\/04\/escuela1.jpg","keywords":["educaci\u00f3n","Educaci\u00f3n Popular","Jorge Amaro Toledo"],"articleSection":["Art\u00edculos"],"inLanguage":"en-US","potentialAction":[{"@type":"CommentAction","name":"Comment","target":["https:\/\/www.on-school.com\/blog\/pensar-la-educacion-popular-por-jorge-amaro-toledo\/#respond"]}]},{"@type":"WebPage","@id":"https:\/\/www.on-school.com\/blog\/pensar-la-educacion-popular-por-jorge-amaro-toledo\/","url":"https:\/\/www.on-school.com\/blog\/pensar-la-educacion-popular-por-jorge-amaro-toledo\/","name":"Pensar la educaci\u00f3n Popular por Jorge Amaro Toledo - On-School","isPartOf":{"@id":"https:\/\/www.on-school.com\/blog\/#website"},"primaryImageOfPage":{"@id":"https:\/\/www.on-school.com\/blog\/pensar-la-educacion-popular-por-jorge-amaro-toledo\/#primaryimage"},"image":{"@id":"https:\/\/www.on-school.com\/blog\/pensar-la-educacion-popular-por-jorge-amaro-toledo\/#primaryimage"},"thumbnailUrl":"https:\/\/www.on-school.com\/blog\/wp-content\/uploads\/2015\/04\/escuela1.jpg","datePublished":"2015-03-31T01:00:21+00:00","dateModified":"2015-04-02T01:09:00+00:00","description":"Pensar la educaci\u00f3n Popular por Jorge Amaro Toledo","breadcrumb":{"@id":"https:\/\/www.on-school.com\/blog\/pensar-la-educacion-popular-por-jorge-amaro-toledo\/#breadcrumb"},"inLanguage":"en-US","potentialAction":[{"@type":"ReadAction","target":["https:\/\/www.on-school.com\/blog\/pensar-la-educacion-popular-por-jorge-amaro-toledo\/"]}]},{"@type":"ImageObject","inLanguage":"en-US","@id":"https:\/\/www.on-school.com\/blog\/pensar-la-educacion-popular-por-jorge-amaro-toledo\/#primaryimage","url":"https:\/\/www.on-school.com\/blog\/wp-content\/uploads\/2015\/04\/escuela1.jpg","contentUrl":"https:\/\/www.on-school.com\/blog\/wp-content\/uploads\/2015\/04\/escuela1.jpg","width":720,"height":482,"caption":"Educaci\u00f3n Popular"},{"@type":"BreadcrumbList","@id":"https:\/\/www.on-school.com\/blog\/pensar-la-educacion-popular-por-jorge-amaro-toledo\/#breadcrumb","itemListElement":[{"@type":"ListItem","position":1,"name":"Inicio","item":"https:\/\/www.on-school.com\/blog\/"},{"@type":"ListItem","position":2,"name":"Pensar la educaci\u00f3n Popular por Jorge Amaro Toledo"}]},{"@type":"WebSite","@id":"https:\/\/www.on-school.com\/blog\/#website","url":"https:\/\/www.on-school.com\/blog\/","name":"On-School","description":"Aula Virtual Educativa","publisher":{"@id":"https:\/\/www.on-school.com\/blog\/#organization"},"potentialAction":[{"@type":"SearchAction","target":{"@type":"EntryPoint","urlTemplate":"https:\/\/www.on-school.com\/blog\/?s={search_term_string}"},"query-input":{"@type":"PropertyValueSpecification","valueRequired":true,"valueName":"search_term_string"}}],"inLanguage":"en-US"},{"@type":"Organization","@id":"https:\/\/www.on-school.com\/blog\/#organization","name":"On-School","url":"https:\/\/www.on-school.com\/blog\/","logo":{"@type":"ImageObject","inLanguage":"en-US","@id":"https:\/\/www.on-school.com\/blog\/#\/schema\/logo\/image\/","url":"https:\/\/www.on-school.com\/blog\/wp-content\/uploads\/2025\/09\/logoNewSchool.jpg","contentUrl":"https:\/\/www.on-school.com\/blog\/wp-content\/uploads\/2025\/09\/logoNewSchool.jpg","width":778,"height":777,"caption":"On-School"},"image":{"@id":"https:\/\/www.on-school.com\/blog\/#\/schema\/logo\/image\/"},"sameAs":["https:\/\/www.facebook.com\/pages\/On-School-Plataforma-Educativa-Virtual\/359347014214506","https:\/\/x.com\/dannyrq0103"]},{"@type":"Person","@id":"https:\/\/www.on-school.com\/blog\/#\/schema\/person\/60396eb2dba803d5c761e33f467a0e58","name":"jolusafe5","image":{"@type":"ImageObject","inLanguage":"en-US","@id":"https:\/\/secure.gravatar.com\/avatar\/d2a6967d3c1736c22d3eca3839cb5260e71ac1ef16ce076cb36aeea8ca491315?s=96&d=mm&r=g","url":"https:\/\/secure.gravatar.com\/avatar\/d2a6967d3c1736c22d3eca3839cb5260e71ac1ef16ce076cb36aeea8ca491315?s=96&d=mm&r=g","contentUrl":"https:\/\/secure.gravatar.com\/avatar\/d2a6967d3c1736c22d3eca3839cb5260e71ac1ef16ce076cb36aeea8ca491315?s=96&d=mm&r=g","caption":"jolusafe5"},"description":"Apasionado por los temas educativos, ciencias sociales y tecnolog\u00eda. Ingeniero en Computaci\u00f3n y Sistemas por la Universidad Popular Aut\u00f3noma del Estado de Puebla (UPAEP) . Maestr\u00eda en Inform\u00e1tica Aplicada por el Instituto Tecnol\u00f3gico y de Estudios Superiores de Occidente (ITESO). Estudiante de Maestr\u00eda en Inteligencia Artificial por ALINNCO.","sameAs":["http:\/\/www.on-school.com","https:\/\/www.facebook.com\/jolusafe5","https:\/\/x.com\/jolusafe5"],"url":"https:\/\/www.on-school.com\/blog\/author\/jolusafe5\/"}]}},"jetpack_publicize_connections":[],"jetpack_featured_media_url":"https:\/\/www.on-school.com\/blog\/wp-content\/uploads\/2015\/04\/escuela1.jpg","jetpack_shortlink":"https:\/\/wp.me\/p4Yboc-d0","jetpack_sharing_enabled":true,"jetpack-related-posts":[{"id":328,"url":"https:\/\/www.on-school.com\/blog\/el-positivismo-en-mexico-parte-iii\/","url_meta":{"origin":806,"position":0},"title":"El Positivismo en M\u00e9xico (Parte III)","author":"Daniela Robles","date":"02\/10\/2014","format":false,"excerpt":"Justo Sierra Justo Sierra contin\u00fao con los trabajos realizados por Barrera con la teor\u00eda positivista adecuada al contexto mexicano. Justo Sierra aseguraba que la burgues\u00eda segu\u00eda mandando y que no les conven\u00eda que sus intereses fueran afectados. Cre\u00eda que mediante el gobierno de Porfirio D\u00edaz se podr\u00eda alcanzar algunos objetivos\u2026","rel":"","context":"In &quot;Sociolog\u00eda de la Educaci\u00f3n&quot;","block_context":{"text":"Sociolog\u00eda de la Educaci\u00f3n","link":"https:\/\/www.on-school.com\/blog\/category\/ciencias-de-la-educacion\/sociologia-de-la-educacion\/"},"img":{"alt_text":"Justo Sierra","src":"https:\/\/i0.wp.com\/www.on-school.com\/blog\/wp-content\/uploads\/2014\/10\/27691_113366965362340_100000671104504_132955_2549338_n1.jpg?resize=350%2C200&ssl=1","width":350,"height":200,"srcset":"https:\/\/i0.wp.com\/www.on-school.com\/blog\/wp-content\/uploads\/2014\/10\/27691_113366965362340_100000671104504_132955_2549338_n1.jpg?resize=350%2C200&ssl=1 1x, https:\/\/i0.wp.com\/www.on-school.com\/blog\/wp-content\/uploads\/2014\/10\/27691_113366965362340_100000671104504_132955_2549338_n1.jpg?resize=525%2C300&ssl=1 1.5x"},"classes":[]},{"id":803,"url":"https:\/\/www.on-school.com\/blog\/educacion-popular-por-jose-marti\/","url_meta":{"origin":806,"position":1},"title":"Educaci\u00f3n Popular por Jos\u00e9 Mart\u00ed","author":"jolusafe5","date":"01\/04\/2015","format":false,"excerpt":"Resumen I. Instrucci\u00f3n no es lo mismo que educaci\u00f3n: aqu\u00e9lla se refiere al pensamiento, y \u00e9sta principalmente a los sentimientos. Sin embargo, no hay buena educaci\u00f3n sin instrucci\u00f3n. Las cualidades morales suben de precio cuando est\u00e1n realzadas por las cualidades inteligentes. II. Educaci\u00f3n popular no quiere decir exclusivamente educaci\u00f3n de\u2026","rel":"","context":"In &quot;Art\u00edculos&quot;","block_context":{"text":"Art\u00edculos","link":"https:\/\/www.on-school.com\/blog\/category\/biblioteca\/articulos\/"},"img":{"alt_text":"Jos\u00e9 Mart\u00ed","src":"https:\/\/i0.wp.com\/www.on-school.com\/blog\/wp-content\/uploads\/2015\/04\/cuba___jose_marti_by_utico-d5ajtgm1.jpg?resize=350%2C200&ssl=1","width":350,"height":200,"srcset":"https:\/\/i0.wp.com\/www.on-school.com\/blog\/wp-content\/uploads\/2015\/04\/cuba___jose_marti_by_utico-d5ajtgm1.jpg?resize=350%2C200&ssl=1 1x, https:\/\/i0.wp.com\/www.on-school.com\/blog\/wp-content\/uploads\/2015\/04\/cuba___jose_marti_by_utico-d5ajtgm1.jpg?resize=525%2C300&ssl=1 1.5x, https:\/\/i0.wp.com\/www.on-school.com\/blog\/wp-content\/uploads\/2015\/04\/cuba___jose_marti_by_utico-d5ajtgm1.jpg?resize=700%2C400&ssl=1 2x"},"classes":[]},{"id":422,"url":"https:\/\/www.on-school.com\/blog\/que-se-requiere-para-que-la-ley-general-de-educacion-sea-congruente-con-las-necesidades-educativas-de-mexico\/","url_meta":{"origin":806,"position":2},"title":"\u00bfQu\u00e9 se requiere para que la ley general de educaci\u00f3n sea congruente con las necesidades educativas de M\u00e9xico?","author":"Daniela Robles","date":"22\/10\/2014","format":false,"excerpt":"En mi opini\u00f3n es que cada uno de los cap\u00edtulos y art\u00edculos que propone esta ley, deber\u00eda cumplirlos como lo indica, es una contrariedad para la sociedad leer este reglamento o normas en funci\u00f3n al progreso de la educaci\u00f3n y saber que hay muy poco avance en cuanto a los\u2026","rel":"","context":"In &quot;Gesti\u00f3n Educativa&quot;","block_context":{"text":"Gesti\u00f3n Educativa","link":"https:\/\/www.on-school.com\/blog\/category\/procesos-educativos\/gestion-educativa\/"},"img":{"alt_text":"","src":"https:\/\/i0.wp.com\/www.on-school.com\/blog\/wp-content\/uploads\/2014\/11\/Ley-general-de-educaci%C3%B3n1.png?resize=350%2C200&ssl=1","width":350,"height":200},"classes":[]},{"id":1678,"url":"https:\/\/www.on-school.com\/blog\/semejanzas-y-diferencias-entre-pedagogia-y-educacion\/","url_meta":{"origin":806,"position":3},"title":"Semejanzas y diferencias entre Pedagog\u00eda y Educaci\u00f3n","author":"jolusafe5","date":"07\/10\/2019","format":false,"excerpt":"Pedagog\u00eda y Educaci\u00f3n Pedagog\u00eda y Educaci\u00f3n Como educaci\u00f3n se ha definido el proceso de formaci\u00f3n de un disc\u00edpulo por parte de sus maestros, en funci\u00f3n de criterios b\u00e1sicos que han guiado el proceso que buscaba la ense\u00f1anza por parte del maestro y el aprendizaje por parte del alumno, disc\u00edpulo, estudiante,\u2026","rel":"","context":"In &quot;Pedagog\u00eda&quot;","block_context":{"text":"Pedagog\u00eda","link":"https:\/\/www.on-school.com\/blog\/category\/ciencias-de-la-educacion\/pedagogia\/"},"img":{"alt_text":"Pedagog\u00eda y Educaci\u00f3n","src":"https:\/\/i0.wp.com\/www.on-school.com\/blog\/wp-content\/uploads\/2019\/10\/pedagogia-e15469952478591.jpg?resize=350%2C200&ssl=1","width":350,"height":200,"srcset":"https:\/\/i0.wp.com\/www.on-school.com\/blog\/wp-content\/uploads\/2019\/10\/pedagogia-e15469952478591.jpg?resize=350%2C200&ssl=1 1x, https:\/\/i0.wp.com\/www.on-school.com\/blog\/wp-content\/uploads\/2019\/10\/pedagogia-e15469952478591.jpg?resize=525%2C300&ssl=1 1.5x, https:\/\/i0.wp.com\/www.on-school.com\/blog\/wp-content\/uploads\/2019\/10\/pedagogia-e15469952478591.jpg?resize=700%2C400&ssl=1 2x"},"classes":[]},{"id":126,"url":"https:\/\/www.on-school.com\/blog\/gestion-de-servicios-y-la-educacion-vista-como-un-sistema-de-servicio-xv\/","url_meta":{"origin":806,"position":4},"title":"Gesti\u00f3n de Servicios y la Educaci\u00f3n vista como un Sistema de Servicio (XV)","author":"jolusafe5","date":"05\/09\/2014","format":false,"excerpt":"Investigando m\u00e1s a fondo sobre los modelos y frameworks me encontr\u00e9 con el siguiente framework adaptado del modelo de brechas de Zeithaml. Seg\u00fan los estudios realizados por Irene C.L y Jeannie Forbes (Education as Service, 2009) muestran que el coraz\u00f3n del servicio en una experiencia universitaria es la experiencia de\u2026","rel":"","context":"In &quot;Gesti\u00f3n de Servicios de TI&quot;","block_context":{"text":"Gesti\u00f3n de Servicios de TI","link":"https:\/\/www.on-school.com\/blog\/category\/tecnologias-de-la-informacion\/informatica-aplicada\/gestion-de-servicios-de-ti\/"},"img":{"alt_text":"Aprendizaje","src":"https:\/\/i0.wp.com\/www.on-school.com\/blog\/wp-content\/uploads\/2014\/08\/aprendizaje_01.png?resize=350%2C200&ssl=1","width":350,"height":200,"srcset":"https:\/\/i0.wp.com\/www.on-school.com\/blog\/wp-content\/uploads\/2014\/08\/aprendizaje_01.png?resize=350%2C200&ssl=1 1x, https:\/\/i0.wp.com\/www.on-school.com\/blog\/wp-content\/uploads\/2014\/08\/aprendizaje_01.png?resize=525%2C300&ssl=1 1.5x, https:\/\/i0.wp.com\/www.on-school.com\/blog\/wp-content\/uploads\/2014\/08\/aprendizaje_01.png?resize=700%2C400&ssl=1 2x"},"classes":[]},{"id":152,"url":"https:\/\/www.on-school.com\/blog\/que-es-el-funcionalismo-desde-la-teoria-de-durkheim\/","url_meta":{"origin":806,"position":5},"title":"Qu\u00e9 es el Funcionalismo desde la teor\u00eda de Durkheim","author":"Daniela Robles","date":"09\/09\/2014","format":false,"excerpt":"El presente trabajo analiza la teor\u00eda funcionalista de Emile Durkheim y de Max Weber. Se abordan las ideas que Durkheim comenta en su libro \u201cEducaci\u00f3n y Sociolog\u00eda\u201d. As\u00ed mismo, se reflexionan laslecturas, videos, ensayos, textos, con relaci\u00f3n a la educaci\u00f3n funcionalista en las sociedades. Se analizan los temas en base\u2026","rel":"","context":"In &quot;Ciencias de la Educaci\u00f3n&quot;","block_context":{"text":"Ciencias de la Educaci\u00f3n","link":"https:\/\/www.on-school.com\/blog\/category\/ciencias-de-la-educacion\/"},"img":{"alt_text":"","src":"https:\/\/i0.wp.com\/www.on-school.com\/blog\/wp-content\/uploads\/2014\/09\/durkheim_emile1.jpg?resize=350%2C200&ssl=1","width":350,"height":200},"classes":[]}],"jetpack_likes_enabled":true,"_links":{"self":[{"href":"https:\/\/www.on-school.com\/blog\/wp-json\/wp\/v2\/posts\/806","targetHints":{"allow":["GET"]}}],"collection":[{"href":"https:\/\/www.on-school.com\/blog\/wp-json\/wp\/v2\/posts"}],"about":[{"href":"https:\/\/www.on-school.com\/blog\/wp-json\/wp\/v2\/types\/post"}],"author":[{"embeddable":true,"href":"https:\/\/www.on-school.com\/blog\/wp-json\/wp\/v2\/users\/1"}],"replies":[{"embeddable":true,"href":"https:\/\/www.on-school.com\/blog\/wp-json\/wp\/v2\/comments?post=806"}],"version-history":[{"count":1,"href":"https:\/\/www.on-school.com\/blog\/wp-json\/wp\/v2\/posts\/806\/revisions"}],"predecessor-version":[{"id":808,"href":"https:\/\/www.on-school.com\/blog\/wp-json\/wp\/v2\/posts\/806\/revisions\/808"}],"wp:featuredmedia":[{"embeddable":true,"href":"https:\/\/www.on-school.com\/blog\/wp-json\/wp\/v2\/media\/807"}],"wp:attachment":[{"href":"https:\/\/www.on-school.com\/blog\/wp-json\/wp\/v2\/media?parent=806"}],"wp:term":[{"taxonomy":"category","embeddable":true,"href":"https:\/\/www.on-school.com\/blog\/wp-json\/wp\/v2\/categories?post=806"},{"taxonomy":"post_tag","embeddable":true,"href":"https:\/\/www.on-school.com\/blog\/wp-json\/wp\/v2\/tags?post=806"}],"curies":[{"name":"wp","href":"https:\/\/api.w.org\/{rel}","templated":true}]}}