{"id":780,"date":"2014-12-17T16:52:38","date_gmt":"2014-12-17T22:52:38","guid":{"rendered":"http:\/\/www.on-school.com\/blog\/?p=780"},"modified":"2015-03-12T17:02:04","modified_gmt":"2015-03-12T23:02:04","slug":"la-educacion-como-practica-de-la-libertad","status":"publish","type":"post","link":"https:\/\/www.on-school.com\/blog\/la-educacion-como-practica-de-la-libertad\/","title":{"rendered":"La Educaci\u00f3n como pr\u00e1ctica de la Libertad"},"content":{"rendered":"<p>El presente art\u00edculo completo de Paulo Freire\u00a0lo puedes encontrar en el siguiente link:\u00a0<a href=\"http:\/\/www.lugaradudas.org\/pdf\/iconoclasistas_paulo_freire.pdf\" target=\"_blank\">La educaci\u00f3n como pr\u00e1ctica de la Libertad<\/a><\/p>\n<p><strong>RESUMEN<\/strong><\/p>\n<p>La educaci\u00f3n de las masas es el problema fundamental de los pa\u00edses en desarrollo, una educaci\u00f3n que, liberada de todos los rasgos alienantes, constituya una fuerza posibilitadora del cambio y sea impulso de libertad. S\u00f3lo en la educaci\u00f3n puede nacer la verdadera sociedad humana y ning\u00fan hombre vive al margen de ella. Por consiguiente, la opci\u00f3n se da entre una \u2015educaci\u00f3n\u2016 para la \u2015domesticaci\u00f3n\u2016 alienada y una educaci\u00f3n para la libertad. \u2015Educaci\u00f3n para el hombre-objeto o educaci\u00f3n para el hombre-sujeto\u2016.<\/p>\n<p>El autor considera que dentro de las condiciones hist\u00f3ricas de la sociedad es indispensable una amplia concienciaci\u00f3n de las masas que a trav\u00e9s de una educaci\u00f3n haga posible la autorreflexi\u00f3n sobre su tiempo y su espacio. Est\u00e1 hondamente convencido de que la elevaci\u00f3n del pensamiento de las masas \u2015que se suele llamar apresuradamente politizaci\u00f3n\u2016, como dice Fanon en Los condenados de la tierra, y que constituy\u00f3 para ellas una forma de ser responsable en los pa\u00edses subdesarrollados, comienza exactamente con esta autorreflexi\u00f3n que los llevar\u00e1 a la consecuente profundizaci\u00f3n de su toma de conciencia y de la cual resultar\u00e1 su inserci\u00f3n en la historia, no ya como espectadores, sino como actores y autores.<\/p>\n<p>La pedagog\u00eda de Paulo Freire es, por excelencia, una \u2015pedagog\u00eda del oprimido, que no postula modelos de adaptaci\u00f3n ni de transici\u00f3n de nuestras sociedades, sino modelos de ruptura, de cambio y de transformaci\u00f3n total. La alfabetizaci\u00f3n, y por consiguiente toda la tarea de educar s\u00f3lo es aut\u00e9nticamente humanista en la medida en que procure la integraci\u00f3n del individuo a su realidad nacional, en la medida en que pierda el miedo a la libertad: en la medida en que pueda crear en el educando un proceso de recreaci\u00f3n, de b\u00fasqueda, de independencia y, a la vez, de solidaridad.<\/p>\n<p>\u00bfQu\u00e9 significa educar, en medio de las agudas y dolorosas transformaciones que est\u00e1n viviendo nuestras sociedades latinoamericanas, en esta segunda mitad del siglo xx? Cuando nuestro continente tiene la tasa de natalidad m\u00e1s alta del mundo y la mitad de su poblaci\u00f3n total es menor de 19 a\u00f1os de edad y cuando, a la vez, se cuentan por millones sus analfabetos adultos, \u00bfqu\u00e9 entendemos por educaci\u00f3n?<\/p>\n<p>Paulo Freire nos contesta diciendo que la educaci\u00f3n verdadera es praxis, reflexi\u00f3n y acci\u00f3n del hombre sobre el mundo para transformarlo. En boca de este extraordinario pedagogo pernambucano, la afirmaci\u00f3n est\u00e1 respaldada por una amplia experiencia llevada a cabo no s\u00f3lo en Brasil sino tambi\u00e9n en Chile, o sea, en la compleja trama de la realidad latinoamericana, donde plantear tan s\u00f3lo la posibilidad de la transformaci\u00f3n del mundo por la acci\u00f3n del pueblo mismo, liberado a trav\u00e9s de esa educaci\u00f3n, y anunciar as\u00ed las posibilidades de una nueva y aut\u00e9ntica sociedad es convulsionar el orden anacr\u00f3nico en que todav\u00eda nos movemos.<\/p>\n<p>El libro que presentamos es s\u00f3lo el punto de partida de una vasta y profunda tarea pedag\u00f3gica que est\u00e1 muy lejos de haber llegado a su fin.<\/p>\n<p><strong>BIBLIOGRAF\u00cdA<\/strong><\/p>\n<p>Freire, P. (1978). <i>La educaci\u00f3n como pr\u00e1ctica de la libertad<\/i>. Siglo xxi.<\/p>\n<figure style=\"width: 587px\" class=\"wp-caption aligncenter\"><a href=\"http:\/\/www.lugaradudas.org\/pdf\/iconoclasistas_paulo_freire.pdf\" target=\"_blank\"><img fetchpriority=\"high\" decoding=\"async\" class=\"\" src=\"http:\/\/uls.edu.sv\/sitioweb\/images\/Paulo-Freire-BW.png\" alt=\"Paulo Freire\" width=\"587\" height=\"330\" \/><\/a><figcaption class=\"wp-caption-text\">Paulo Freire<\/figcaption><\/figure>\n","protected":false},"excerpt":{"rendered":"<p>El presente art\u00edculo completo de Paulo Freire\u00a0lo puedes encontrar en el siguiente link:\u00a0La educaci\u00f3n como pr\u00e1ctica de la Libertad RESUMEN La educaci\u00f3n de las masas es el problema fundamental de los pa\u00edses en desarrollo, una educaci\u00f3n que, liberada de todos los rasgos alienantes, constituya una fuerza posibilitadora del cambio y sea impulso de libertad. S\u00f3lo [&hellip;]<\/p>\n","protected":false},"author":1,"featured_media":782,"comment_status":"open","ping_status":"open","sticky":false,"template":"","format":"standard","meta":{"om_disable_all_campaigns":false,"_monsterinsights_skip_tracking":false,"_monsterinsights_sitenote_active":false,"_monsterinsights_sitenote_note":"","_monsterinsights_sitenote_category":0,"_uf_show_specific_survey":0,"_uf_disable_surveys":false,"jetpack_post_was_ever_published":false,"_jetpack_newsletter_access":"","_jetpack_dont_email_post_to_subs":false,"_jetpack_newsletter_tier_id":0,"_jetpack_memberships_contains_paywalled_content":false,"_jetpack_memberships_contains_paid_content":false,"footnotes":"","jetpack_publicize_message":"","jetpack_publicize_feature_enabled":true,"jetpack_social_post_already_shared":true,"jetpack_social_options":{"image_generator_settings":{"template":"highway","default_image_id":0,"font":"","enabled":false},"version":2}},"categories":[819],"tags":[856,857,854,858,270,248,855],"class_list":["post-780","post","type-post","status-publish","format-standard","has-post-thumbnail","hentry","category-articulos","tag-brasil","tag-chile","tag-la-educacion","tag-latino-america","tag-libertad","tag-paulo-freire","tag-practica"],"yoast_head":"<!-- This site is optimized with the Yoast SEO plugin v27.5 - https:\/\/yoast.com\/product\/yoast-seo-wordpress\/ -->\n<title>La Educaci\u00f3n como pr\u00e1ctica de la Libertad - On-School<\/title>\n<meta name=\"description\" content=\"La Educaci\u00f3n como pr\u00e1ctica de la Libertad\" \/>\n<meta name=\"robots\" content=\"index, follow, max-snippet:-1, max-image-preview:large, max-video-preview:-1\" \/>\n<link rel=\"canonical\" href=\"https:\/\/www.on-school.com\/blog\/la-educacion-como-practica-de-la-libertad\/\" \/>\n<meta property=\"og:locale\" content=\"en_US\" \/>\n<meta property=\"og:type\" content=\"article\" \/>\n<meta property=\"og:title\" content=\"La Educaci\u00f3n como pr\u00e1ctica de la Libertad - On-School\" \/>\n<meta property=\"og:description\" content=\"La Educaci\u00f3n como pr\u00e1ctica de la Libertad\" \/>\n<meta property=\"og:url\" content=\"https:\/\/www.on-school.com\/blog\/la-educacion-como-practica-de-la-libertad\/\" \/>\n<meta property=\"og:site_name\" content=\"On-School\" \/>\n<meta property=\"article:publisher\" content=\"https:\/\/www.facebook.com\/pages\/On-School-Plataforma-Educativa-Virtual\/359347014214506\" \/>\n<meta property=\"article:author\" content=\"https:\/\/www.facebook.com\/jolusafe5\" \/>\n<meta property=\"article:published_time\" content=\"2014-12-17T22:52:38+00:00\" \/>\n<meta property=\"article:modified_time\" content=\"2015-03-12T23:02:04+00:00\" \/>\n<meta property=\"og:image\" content=\"https:\/\/www.on-school.com\/blog\/wp-content\/uploads\/2015\/03\/Paulo-Freire-BW1.png\" \/>\n\t<meta property=\"og:image:width\" content=\"587\" \/>\n\t<meta property=\"og:image:height\" content=\"330\" \/>\n\t<meta property=\"og:image:type\" content=\"image\/png\" \/>\n<meta name=\"author\" content=\"jolusafe5\" \/>\n<meta name=\"twitter:card\" content=\"summary_large_image\" \/>\n<meta name=\"twitter:creator\" content=\"@jolusafe5\" \/>\n<meta name=\"twitter:site\" content=\"@dannyrq0103\" \/>\n<meta name=\"twitter:label1\" content=\"Written by\" \/>\n\t<meta name=\"twitter:data1\" content=\"jolusafe5\" \/>\n\t<meta name=\"twitter:label2\" content=\"Est. reading time\" \/>\n\t<meta name=\"twitter:data2\" content=\"3 minutes\" \/>\n<script type=\"application\/ld+json\" class=\"yoast-schema-graph\">{\"@context\":\"https:\\\/\\\/schema.org\",\"@graph\":[{\"@type\":\"Article\",\"@id\":\"https:\\\/\\\/www.on-school.com\\\/blog\\\/la-educacion-como-practica-de-la-libertad\\\/#article\",\"isPartOf\":{\"@id\":\"https:\\\/\\\/www.on-school.com\\\/blog\\\/la-educacion-como-practica-de-la-libertad\\\/\"},\"author\":{\"name\":\"jolusafe5\",\"@id\":\"https:\\\/\\\/www.on-school.com\\\/blog\\\/#\\\/schema\\\/person\\\/60396eb2dba803d5c761e33f467a0e58\"},\"headline\":\"La Educaci\u00f3n como pr\u00e1ctica de la Libertad\",\"datePublished\":\"2014-12-17T22:52:38+00:00\",\"dateModified\":\"2015-03-12T23:02:04+00:00\",\"mainEntityOfPage\":{\"@id\":\"https:\\\/\\\/www.on-school.com\\\/blog\\\/la-educacion-como-practica-de-la-libertad\\\/\"},\"wordCount\":595,\"commentCount\":0,\"publisher\":{\"@id\":\"https:\\\/\\\/www.on-school.com\\\/blog\\\/#organization\"},\"image\":{\"@id\":\"https:\\\/\\\/www.on-school.com\\\/blog\\\/la-educacion-como-practica-de-la-libertad\\\/#primaryimage\"},\"thumbnailUrl\":\"https:\\\/\\\/www.on-school.com\\\/blog\\\/wp-content\\\/uploads\\\/2015\\\/03\\\/Paulo-Freire-BW1.png\",\"keywords\":[\"Brasil\",\"Chile\",\"la educaci\u00f3n\",\"Latino Am\u00e9rica\",\"libertad\",\"Paulo Freire\",\"pr\u00e1ctica\"],\"articleSection\":[\"Art\u00edculos\"],\"inLanguage\":\"en-US\",\"potentialAction\":[{\"@type\":\"CommentAction\",\"name\":\"Comment\",\"target\":[\"https:\\\/\\\/www.on-school.com\\\/blog\\\/la-educacion-como-practica-de-la-libertad\\\/#respond\"]}]},{\"@type\":\"WebPage\",\"@id\":\"https:\\\/\\\/www.on-school.com\\\/blog\\\/la-educacion-como-practica-de-la-libertad\\\/\",\"url\":\"https:\\\/\\\/www.on-school.com\\\/blog\\\/la-educacion-como-practica-de-la-libertad\\\/\",\"name\":\"La Educaci\u00f3n como pr\u00e1ctica de la Libertad - On-School\",\"isPartOf\":{\"@id\":\"https:\\\/\\\/www.on-school.com\\\/blog\\\/#website\"},\"primaryImageOfPage\":{\"@id\":\"https:\\\/\\\/www.on-school.com\\\/blog\\\/la-educacion-como-practica-de-la-libertad\\\/#primaryimage\"},\"image\":{\"@id\":\"https:\\\/\\\/www.on-school.com\\\/blog\\\/la-educacion-como-practica-de-la-libertad\\\/#primaryimage\"},\"thumbnailUrl\":\"https:\\\/\\\/www.on-school.com\\\/blog\\\/wp-content\\\/uploads\\\/2015\\\/03\\\/Paulo-Freire-BW1.png\",\"datePublished\":\"2014-12-17T22:52:38+00:00\",\"dateModified\":\"2015-03-12T23:02:04+00:00\",\"description\":\"La Educaci\u00f3n como pr\u00e1ctica de la Libertad\",\"breadcrumb\":{\"@id\":\"https:\\\/\\\/www.on-school.com\\\/blog\\\/la-educacion-como-practica-de-la-libertad\\\/#breadcrumb\"},\"inLanguage\":\"en-US\",\"potentialAction\":[{\"@type\":\"ReadAction\",\"target\":[\"https:\\\/\\\/www.on-school.com\\\/blog\\\/la-educacion-como-practica-de-la-libertad\\\/\"]}]},{\"@type\":\"ImageObject\",\"inLanguage\":\"en-US\",\"@id\":\"https:\\\/\\\/www.on-school.com\\\/blog\\\/la-educacion-como-practica-de-la-libertad\\\/#primaryimage\",\"url\":\"https:\\\/\\\/www.on-school.com\\\/blog\\\/wp-content\\\/uploads\\\/2015\\\/03\\\/Paulo-Freire-BW1.png\",\"contentUrl\":\"https:\\\/\\\/www.on-school.com\\\/blog\\\/wp-content\\\/uploads\\\/2015\\\/03\\\/Paulo-Freire-BW1.png\",\"width\":587,\"height\":330,\"caption\":\"Paulo Freire\"},{\"@type\":\"BreadcrumbList\",\"@id\":\"https:\\\/\\\/www.on-school.com\\\/blog\\\/la-educacion-como-practica-de-la-libertad\\\/#breadcrumb\",\"itemListElement\":[{\"@type\":\"ListItem\",\"position\":1,\"name\":\"Inicio\",\"item\":\"https:\\\/\\\/www.on-school.com\\\/blog\\\/\"},{\"@type\":\"ListItem\",\"position\":2,\"name\":\"La Educaci\u00f3n como pr\u00e1ctica de la Libertad\"}]},{\"@type\":\"WebSite\",\"@id\":\"https:\\\/\\\/www.on-school.com\\\/blog\\\/#website\",\"url\":\"https:\\\/\\\/www.on-school.com\\\/blog\\\/\",\"name\":\"On-School\",\"description\":\"Aula Virtual Educativa\",\"publisher\":{\"@id\":\"https:\\\/\\\/www.on-school.com\\\/blog\\\/#organization\"},\"potentialAction\":[{\"@type\":\"SearchAction\",\"target\":{\"@type\":\"EntryPoint\",\"urlTemplate\":\"https:\\\/\\\/www.on-school.com\\\/blog\\\/?s={search_term_string}\"},\"query-input\":{\"@type\":\"PropertyValueSpecification\",\"valueRequired\":true,\"valueName\":\"search_term_string\"}}],\"inLanguage\":\"en-US\"},{\"@type\":\"Organization\",\"@id\":\"https:\\\/\\\/www.on-school.com\\\/blog\\\/#organization\",\"name\":\"On-School\",\"url\":\"https:\\\/\\\/www.on-school.com\\\/blog\\\/\",\"logo\":{\"@type\":\"ImageObject\",\"inLanguage\":\"en-US\",\"@id\":\"https:\\\/\\\/www.on-school.com\\\/blog\\\/#\\\/schema\\\/logo\\\/image\\\/\",\"url\":\"https:\\\/\\\/www.on-school.com\\\/blog\\\/wp-content\\\/uploads\\\/2025\\\/09\\\/logoNewSchool.jpg\",\"contentUrl\":\"https:\\\/\\\/www.on-school.com\\\/blog\\\/wp-content\\\/uploads\\\/2025\\\/09\\\/logoNewSchool.jpg\",\"width\":778,\"height\":777,\"caption\":\"On-School\"},\"image\":{\"@id\":\"https:\\\/\\\/www.on-school.com\\\/blog\\\/#\\\/schema\\\/logo\\\/image\\\/\"},\"sameAs\":[\"https:\\\/\\\/www.facebook.com\\\/pages\\\/On-School-Plataforma-Educativa-Virtual\\\/359347014214506\",\"https:\\\/\\\/x.com\\\/dannyrq0103\"]},{\"@type\":\"Person\",\"@id\":\"https:\\\/\\\/www.on-school.com\\\/blog\\\/#\\\/schema\\\/person\\\/60396eb2dba803d5c761e33f467a0e58\",\"name\":\"jolusafe5\",\"image\":{\"@type\":\"ImageObject\",\"inLanguage\":\"en-US\",\"@id\":\"https:\\\/\\\/secure.gravatar.com\\\/avatar\\\/d2a6967d3c1736c22d3eca3839cb5260e71ac1ef16ce076cb36aeea8ca491315?s=96&d=mm&r=g\",\"url\":\"https:\\\/\\\/secure.gravatar.com\\\/avatar\\\/d2a6967d3c1736c22d3eca3839cb5260e71ac1ef16ce076cb36aeea8ca491315?s=96&d=mm&r=g\",\"contentUrl\":\"https:\\\/\\\/secure.gravatar.com\\\/avatar\\\/d2a6967d3c1736c22d3eca3839cb5260e71ac1ef16ce076cb36aeea8ca491315?s=96&d=mm&r=g\",\"caption\":\"jolusafe5\"},\"description\":\"Apasionado por los temas educativos, ciencias sociales y tecnolog\u00eda. Ingeniero en Computaci\u00f3n y Sistemas por la Universidad Popular Aut\u00f3noma del Estado de Puebla (UPAEP) . Maestr\u00eda en Inform\u00e1tica Aplicada por el Instituto Tecnol\u00f3gico y de Estudios Superiores de Occidente (ITESO). Estudiante de Maestr\u00eda en Inteligencia Artificial por ALINNCO.\",\"sameAs\":[\"http:\\\/\\\/www.on-school.com\",\"https:\\\/\\\/www.facebook.com\\\/jolusafe5\",\"https:\\\/\\\/x.com\\\/jolusafe5\"],\"url\":\"https:\\\/\\\/www.on-school.com\\\/blog\\\/author\\\/jolusafe5\\\/\"}]}<\/script>\n<!-- \/ Yoast SEO plugin. -->","yoast_head_json":{"title":"La Educaci\u00f3n como pr\u00e1ctica de la Libertad - On-School","description":"La Educaci\u00f3n como pr\u00e1ctica de la Libertad","robots":{"index":"index","follow":"follow","max-snippet":"max-snippet:-1","max-image-preview":"max-image-preview:large","max-video-preview":"max-video-preview:-1"},"canonical":"https:\/\/www.on-school.com\/blog\/la-educacion-como-practica-de-la-libertad\/","og_locale":"en_US","og_type":"article","og_title":"La Educaci\u00f3n como pr\u00e1ctica de la Libertad - On-School","og_description":"La Educaci\u00f3n como pr\u00e1ctica de la Libertad","og_url":"https:\/\/www.on-school.com\/blog\/la-educacion-como-practica-de-la-libertad\/","og_site_name":"On-School","article_publisher":"https:\/\/www.facebook.com\/pages\/On-School-Plataforma-Educativa-Virtual\/359347014214506","article_author":"https:\/\/www.facebook.com\/jolusafe5","article_published_time":"2014-12-17T22:52:38+00:00","article_modified_time":"2015-03-12T23:02:04+00:00","og_image":[{"width":587,"height":330,"url":"https:\/\/www.on-school.com\/blog\/wp-content\/uploads\/2015\/03\/Paulo-Freire-BW1.png","type":"image\/png"}],"author":"jolusafe5","twitter_card":"summary_large_image","twitter_creator":"@jolusafe5","twitter_site":"@dannyrq0103","twitter_misc":{"Written by":"jolusafe5","Est. reading time":"3 minutes"},"schema":{"@context":"https:\/\/schema.org","@graph":[{"@type":"Article","@id":"https:\/\/www.on-school.com\/blog\/la-educacion-como-practica-de-la-libertad\/#article","isPartOf":{"@id":"https:\/\/www.on-school.com\/blog\/la-educacion-como-practica-de-la-libertad\/"},"author":{"name":"jolusafe5","@id":"https:\/\/www.on-school.com\/blog\/#\/schema\/person\/60396eb2dba803d5c761e33f467a0e58"},"headline":"La Educaci\u00f3n como pr\u00e1ctica de la Libertad","datePublished":"2014-12-17T22:52:38+00:00","dateModified":"2015-03-12T23:02:04+00:00","mainEntityOfPage":{"@id":"https:\/\/www.on-school.com\/blog\/la-educacion-como-practica-de-la-libertad\/"},"wordCount":595,"commentCount":0,"publisher":{"@id":"https:\/\/www.on-school.com\/blog\/#organization"},"image":{"@id":"https:\/\/www.on-school.com\/blog\/la-educacion-como-practica-de-la-libertad\/#primaryimage"},"thumbnailUrl":"https:\/\/www.on-school.com\/blog\/wp-content\/uploads\/2015\/03\/Paulo-Freire-BW1.png","keywords":["Brasil","Chile","la educaci\u00f3n","Latino Am\u00e9rica","libertad","Paulo Freire","pr\u00e1ctica"],"articleSection":["Art\u00edculos"],"inLanguage":"en-US","potentialAction":[{"@type":"CommentAction","name":"Comment","target":["https:\/\/www.on-school.com\/blog\/la-educacion-como-practica-de-la-libertad\/#respond"]}]},{"@type":"WebPage","@id":"https:\/\/www.on-school.com\/blog\/la-educacion-como-practica-de-la-libertad\/","url":"https:\/\/www.on-school.com\/blog\/la-educacion-como-practica-de-la-libertad\/","name":"La Educaci\u00f3n como pr\u00e1ctica de la Libertad - On-School","isPartOf":{"@id":"https:\/\/www.on-school.com\/blog\/#website"},"primaryImageOfPage":{"@id":"https:\/\/www.on-school.com\/blog\/la-educacion-como-practica-de-la-libertad\/#primaryimage"},"image":{"@id":"https:\/\/www.on-school.com\/blog\/la-educacion-como-practica-de-la-libertad\/#primaryimage"},"thumbnailUrl":"https:\/\/www.on-school.com\/blog\/wp-content\/uploads\/2015\/03\/Paulo-Freire-BW1.png","datePublished":"2014-12-17T22:52:38+00:00","dateModified":"2015-03-12T23:02:04+00:00","description":"La Educaci\u00f3n como pr\u00e1ctica de la Libertad","breadcrumb":{"@id":"https:\/\/www.on-school.com\/blog\/la-educacion-como-practica-de-la-libertad\/#breadcrumb"},"inLanguage":"en-US","potentialAction":[{"@type":"ReadAction","target":["https:\/\/www.on-school.com\/blog\/la-educacion-como-practica-de-la-libertad\/"]}]},{"@type":"ImageObject","inLanguage":"en-US","@id":"https:\/\/www.on-school.com\/blog\/la-educacion-como-practica-de-la-libertad\/#primaryimage","url":"https:\/\/www.on-school.com\/blog\/wp-content\/uploads\/2015\/03\/Paulo-Freire-BW1.png","contentUrl":"https:\/\/www.on-school.com\/blog\/wp-content\/uploads\/2015\/03\/Paulo-Freire-BW1.png","width":587,"height":330,"caption":"Paulo Freire"},{"@type":"BreadcrumbList","@id":"https:\/\/www.on-school.com\/blog\/la-educacion-como-practica-de-la-libertad\/#breadcrumb","itemListElement":[{"@type":"ListItem","position":1,"name":"Inicio","item":"https:\/\/www.on-school.com\/blog\/"},{"@type":"ListItem","position":2,"name":"La Educaci\u00f3n como pr\u00e1ctica de la Libertad"}]},{"@type":"WebSite","@id":"https:\/\/www.on-school.com\/blog\/#website","url":"https:\/\/www.on-school.com\/blog\/","name":"On-School","description":"Aula Virtual Educativa","publisher":{"@id":"https:\/\/www.on-school.com\/blog\/#organization"},"potentialAction":[{"@type":"SearchAction","target":{"@type":"EntryPoint","urlTemplate":"https:\/\/www.on-school.com\/blog\/?s={search_term_string}"},"query-input":{"@type":"PropertyValueSpecification","valueRequired":true,"valueName":"search_term_string"}}],"inLanguage":"en-US"},{"@type":"Organization","@id":"https:\/\/www.on-school.com\/blog\/#organization","name":"On-School","url":"https:\/\/www.on-school.com\/blog\/","logo":{"@type":"ImageObject","inLanguage":"en-US","@id":"https:\/\/www.on-school.com\/blog\/#\/schema\/logo\/image\/","url":"https:\/\/www.on-school.com\/blog\/wp-content\/uploads\/2025\/09\/logoNewSchool.jpg","contentUrl":"https:\/\/www.on-school.com\/blog\/wp-content\/uploads\/2025\/09\/logoNewSchool.jpg","width":778,"height":777,"caption":"On-School"},"image":{"@id":"https:\/\/www.on-school.com\/blog\/#\/schema\/logo\/image\/"},"sameAs":["https:\/\/www.facebook.com\/pages\/On-School-Plataforma-Educativa-Virtual\/359347014214506","https:\/\/x.com\/dannyrq0103"]},{"@type":"Person","@id":"https:\/\/www.on-school.com\/blog\/#\/schema\/person\/60396eb2dba803d5c761e33f467a0e58","name":"jolusafe5","image":{"@type":"ImageObject","inLanguage":"en-US","@id":"https:\/\/secure.gravatar.com\/avatar\/d2a6967d3c1736c22d3eca3839cb5260e71ac1ef16ce076cb36aeea8ca491315?s=96&d=mm&r=g","url":"https:\/\/secure.gravatar.com\/avatar\/d2a6967d3c1736c22d3eca3839cb5260e71ac1ef16ce076cb36aeea8ca491315?s=96&d=mm&r=g","contentUrl":"https:\/\/secure.gravatar.com\/avatar\/d2a6967d3c1736c22d3eca3839cb5260e71ac1ef16ce076cb36aeea8ca491315?s=96&d=mm&r=g","caption":"jolusafe5"},"description":"Apasionado por los temas educativos, ciencias sociales y tecnolog\u00eda. Ingeniero en Computaci\u00f3n y Sistemas por la Universidad Popular Aut\u00f3noma del Estado de Puebla (UPAEP) . Maestr\u00eda en Inform\u00e1tica Aplicada por el Instituto Tecnol\u00f3gico y de Estudios Superiores de Occidente (ITESO). Estudiante de Maestr\u00eda en Inteligencia Artificial por ALINNCO.","sameAs":["http:\/\/www.on-school.com","https:\/\/www.facebook.com\/jolusafe5","https:\/\/x.com\/jolusafe5"],"url":"https:\/\/www.on-school.com\/blog\/author\/jolusafe5\/"}]}},"jetpack_publicize_connections":[],"jetpack_featured_media_url":"https:\/\/www.on-school.com\/blog\/wp-content\/uploads\/2015\/03\/Paulo-Freire-BW1.png","jetpack_shortlink":"https:\/\/wp.me\/p4Yboc-cA","jetpack_sharing_enabled":true,"jetpack-related-posts":[{"id":334,"url":"https:\/\/www.on-school.com\/blog\/emprendedor-educativo-paulo-freire\/","url_meta":{"origin":780,"position":0},"title":"Emprendedor Educativo &#8220;Paulo Freire&#8221;","author":"Daniela Robles","date":"04\/10\/2014","format":false,"excerpt":"Paulo Freire es un pedagogo que naci\u00f3 en Brasil en 1921-1997.\u00a0 Estudio filosof\u00eda e inicio su labor como profesor\u00a0 de historia y filosof\u00eda en la Universidad de Recife. En 1947 inicio su carrera para la alfabetizaci\u00f3n de adultos, que m\u00e1s tarde lo llevar\u00eda a la pr\u00e1ctica en el noroeste de\u2026","rel":"","context":"In &quot;Innovaci\u00f3n y Gesti\u00f3n de Proyectos&quot;","block_context":{"text":"Innovaci\u00f3n y Gesti\u00f3n de Proyectos","link":"https:\/\/www.on-school.com\/blog\/category\/ciencias-de-la-educacion\/innovacion-y-gestion-de-proyectos\/"},"img":{"alt_text":"Paulo Freire","src":"https:\/\/i0.wp.com\/www.on-school.com\/blog\/wp-content\/uploads\/2014\/10\/Paulo-Freire-BW1.png?resize=350%2C200&ssl=1","width":350,"height":200,"srcset":"https:\/\/i0.wp.com\/www.on-school.com\/blog\/wp-content\/uploads\/2014\/10\/Paulo-Freire-BW1.png?resize=350%2C200&ssl=1 1x, https:\/\/i0.wp.com\/www.on-school.com\/blog\/wp-content\/uploads\/2014\/10\/Paulo-Freire-BW1.png?resize=525%2C300&ssl=1 1.5x"},"classes":[]},{"id":344,"url":"https:\/\/www.on-school.com\/blog\/humanizacion\/","url_meta":{"origin":780,"position":1},"title":"Humanizaci\u00f3n","author":"Daniela Robles","date":"08\/10\/2014","format":false,"excerpt":"Cuando hablamos de humanismo estamos definiendo tres conceptos principales 1) humanizar significa respetar la dignidad humana en el proceso 2) humanizar es actualizar el proceso para adecuarlo a la vida moderna 3) humanizar es acercar el proceso al ser humano (Julio A. Bertolini). Seg\u00fan Bertolini humanizaci\u00f3n es el proceso que\u2026","rel":"","context":"In &quot;Humanizaci\u00f3n en Convivencia&quot;","block_context":{"text":"Humanizaci\u00f3n en Convivencia","link":"https:\/\/www.on-school.com\/blog\/category\/procesos-educativos\/humanizacion-en-convivencia\/"},"img":{"alt_text":"Humanismo","src":"https:\/\/i0.wp.com\/www.on-school.com\/blog\/wp-content\/uploads\/2014\/10\/1240892564977_f1.jpg?resize=350%2C200&ssl=1","width":350,"height":200},"classes":[]},{"id":784,"url":"https:\/\/www.on-school.com\/blog\/la-educacion-en-el-siglo-xxi-los-retos-del-futuro-inmediato\/","url_meta":{"origin":780,"position":2},"title":"La educaci\u00f3n en el siglo XXI: Los retos del futuro inmediato","author":"jolusafe5","date":"18\/12\/2014","format":false,"excerpt":"El presente art\u00edculo completo lo puedes encontrar en el siguiente link:\u00a0La educaci\u00f3n en el siglo XXI: Los retos del futuro inmediato RESUMEN Para reflexionar sobre el c\u00f3mo ser\u00e1 y el c\u00f3mo deber\u00eda ser la educaci\u00f3n en los pr\u00f3ximos a\u00f1os, hemos planteado cinco tendencias principales en dos grandes apartados. En el\u2026","rel":"","context":"In &quot;Art\u00edculos&quot;","block_context":{"text":"Art\u00edculos","link":"https:\/\/www.on-school.com\/blog\/category\/biblioteca\/articulos\/"},"img":{"alt_text":"La educaci\u00f3n en el Siglo XXI","src":"https:\/\/i0.wp.com\/www.on-school.com\/blog\/wp-content\/uploads\/2015\/03\/leonardo_melgarejo1.jpg?resize=350%2C200&ssl=1","width":350,"height":200,"srcset":"https:\/\/i0.wp.com\/www.on-school.com\/blog\/wp-content\/uploads\/2015\/03\/leonardo_melgarejo1.jpg?resize=350%2C200&ssl=1 1x, https:\/\/i0.wp.com\/www.on-school.com\/blog\/wp-content\/uploads\/2015\/03\/leonardo_melgarejo1.jpg?resize=525%2C300&ssl=1 1.5x, https:\/\/i0.wp.com\/www.on-school.com\/blog\/wp-content\/uploads\/2015\/03\/leonardo_melgarejo1.jpg?resize=700%2C400&ssl=1 2x"},"classes":[]},{"id":1693,"url":"https:\/\/www.on-school.com\/blog\/la-pedagogia-contemporanea\/","url_meta":{"origin":780,"position":3},"title":"La pedagog\u00eda contempor\u00e1nea","author":"jolusafe5","date":"11\/10\/2019","format":false,"excerpt":"Pedagog\u00eda contempor\u00e1nea El conocimiento cient\u00edfico, a su vez, es el reflejo fenom\u00e9nico en la conciencia del hombre del ordenamiento espacio temporal del mundo material y de la sociedad, en su devenir evolutivo e hist\u00f3rico, que conlleva impl\u00edcitamente, de manera esencial, la renovaci\u00f3n constante del mismo. Lo anterior nos da las\u2026","rel":"","context":"In &quot;Pedagog\u00eda&quot;","block_context":{"text":"Pedagog\u00eda","link":"https:\/\/www.on-school.com\/blog\/category\/ciencias-de-la-educacion\/pedagogia\/"},"img":{"alt_text":"Pedagog\u00eda contempor\u00e1nea","src":"https:\/\/i0.wp.com\/www.on-school.com\/blog\/wp-content\/uploads\/2019\/10\/escuela-1024x6901.jpg?resize=350%2C200&ssl=1","width":350,"height":200,"srcset":"https:\/\/i0.wp.com\/www.on-school.com\/blog\/wp-content\/uploads\/2019\/10\/escuela-1024x6901.jpg?resize=350%2C200&ssl=1 1x, https:\/\/i0.wp.com\/www.on-school.com\/blog\/wp-content\/uploads\/2019\/10\/escuela-1024x6901.jpg?resize=525%2C300&ssl=1 1.5x, https:\/\/i0.wp.com\/www.on-school.com\/blog\/wp-content\/uploads\/2019\/10\/escuela-1024x6901.jpg?resize=700%2C400&ssl=1 2x"},"classes":[]},{"id":322,"url":"https:\/\/www.on-school.com\/blog\/el-positivismo-en-mexico-parte-ii\/","url_meta":{"origin":780,"position":4},"title":"El Positivismo en M\u00e9xico (Parte II)","author":"Daniela Robles","date":"01\/10\/2014","format":false,"excerpt":"POSITIVISMO EN M\u00c9XICO \u201cLos positivistas mexicanos establecieron 3 estadios: teol\u00f3gico (la pol\u00edtica en manos del clero y la milicia), metaf\u00edsico (durante la epoca de combate entre liberales y conservadores), positivo (con el triunfo de la reforma liberal)\u201d. (\u00c1lvarez Llover\u00e1s, Guadalupe. 2007, sec. 2\u00b0.p\u00e1g.30)\u201d. Despu\u00e9s de la Independencia de M\u00e9xico y\u2026","rel":"","context":"In &quot;Sociolog\u00eda de la Educaci\u00f3n&quot;","block_context":{"text":"Sociolog\u00eda de la Educaci\u00f3n","link":"https:\/\/www.on-school.com\/blog\/category\/ciencias-de-la-educacion\/sociologia-de-la-educacion\/"},"img":{"alt_text":"Gabino Barreda","src":"https:\/\/i0.wp.com\/www.on-school.com\/blog\/wp-content\/uploads\/2014\/10\/Gabino-642x2231.jpg?resize=350%2C200&ssl=1","width":350,"height":200,"srcset":"https:\/\/i0.wp.com\/www.on-school.com\/blog\/wp-content\/uploads\/2014\/10\/Gabino-642x2231.jpg?resize=350%2C200&ssl=1 1x, https:\/\/i0.wp.com\/www.on-school.com\/blog\/wp-content\/uploads\/2014\/10\/Gabino-642x2231.jpg?resize=525%2C300&ssl=1 1.5x"},"classes":[]},{"id":152,"url":"https:\/\/www.on-school.com\/blog\/que-es-el-funcionalismo-desde-la-teoria-de-durkheim\/","url_meta":{"origin":780,"position":5},"title":"Qu\u00e9 es el Funcionalismo desde la teor\u00eda de Durkheim","author":"Daniela Robles","date":"09\/09\/2014","format":false,"excerpt":"El presente trabajo analiza la teor\u00eda funcionalista de Emile Durkheim y de Max Weber. Se abordan las ideas que Durkheim comenta en su libro \u201cEducaci\u00f3n y Sociolog\u00eda\u201d. As\u00ed mismo, se reflexionan laslecturas, videos, ensayos, textos, con relaci\u00f3n a la educaci\u00f3n funcionalista en las sociedades. Se analizan los temas en base\u2026","rel":"","context":"In &quot;Ciencias de la Educaci\u00f3n&quot;","block_context":{"text":"Ciencias de la Educaci\u00f3n","link":"https:\/\/www.on-school.com\/blog\/category\/ciencias-de-la-educacion\/"},"img":{"alt_text":"","src":"https:\/\/i0.wp.com\/www.on-school.com\/blog\/wp-content\/uploads\/2014\/09\/durkheim_emile1.jpg?resize=350%2C200&ssl=1","width":350,"height":200},"classes":[]}],"jetpack_likes_enabled":true,"_links":{"self":[{"href":"https:\/\/www.on-school.com\/blog\/wp-json\/wp\/v2\/posts\/780","targetHints":{"allow":["GET"]}}],"collection":[{"href":"https:\/\/www.on-school.com\/blog\/wp-json\/wp\/v2\/posts"}],"about":[{"href":"https:\/\/www.on-school.com\/blog\/wp-json\/wp\/v2\/types\/post"}],"author":[{"embeddable":true,"href":"https:\/\/www.on-school.com\/blog\/wp-json\/wp\/v2\/users\/1"}],"replies":[{"embeddable":true,"href":"https:\/\/www.on-school.com\/blog\/wp-json\/wp\/v2\/comments?post=780"}],"version-history":[{"count":1,"href":"https:\/\/www.on-school.com\/blog\/wp-json\/wp\/v2\/posts\/780\/revisions"}],"predecessor-version":[{"id":783,"href":"https:\/\/www.on-school.com\/blog\/wp-json\/wp\/v2\/posts\/780\/revisions\/783"}],"wp:featuredmedia":[{"embeddable":true,"href":"https:\/\/www.on-school.com\/blog\/wp-json\/wp\/v2\/media\/782"}],"wp:attachment":[{"href":"https:\/\/www.on-school.com\/blog\/wp-json\/wp\/v2\/media?parent=780"}],"wp:term":[{"taxonomy":"category","embeddable":true,"href":"https:\/\/www.on-school.com\/blog\/wp-json\/wp\/v2\/categories?post=780"},{"taxonomy":"post_tag","embeddable":true,"href":"https:\/\/www.on-school.com\/blog\/wp-json\/wp\/v2\/tags?post=780"}],"curies":[{"name":"wp","href":"https:\/\/api.w.org\/{rel}","templated":true}]}}