{"id":767,"date":"2014-12-14T22:53:19","date_gmt":"2014-12-15T04:53:19","guid":{"rendered":"http:\/\/www.on-school.com\/blog\/?p=767"},"modified":"2015-03-09T23:10:23","modified_gmt":"2015-03-10T05:10:23","slug":"la-teoria-de-las-inteligencias-multiples","status":"publish","type":"post","link":"https:\/\/www.on-school.com\/blog\/la-teoria-de-las-inteligencias-multiples\/","title":{"rendered":"La teor\u00eda de las inteligencias m\u00faltiples"},"content":{"rendered":"<p>El presente art\u00edculo completo lo puedes encontrar en el siguiente link:\u00a0<a href=\"http:\/\/www.institutoconstruir.org\/centrosuperacion\/La%20Teor%EDa%20de%20las%20Inteligencias%20M%FAltiples%20(cortad).pdf\" target=\"_blank\">La Teo<\/a><a href=\"http:\/\/www.institutoconstruir.org\/centrosuperacion\/La%20Teor%EDa%20de%20las%20Inteligencias%20M%FAltiples%20(cortad).pdf\" target=\"_blank\">r\u00eda de las Inteligencias M\u00faltiples<\/a><\/p>\n<p><strong>Resumen<\/strong><\/p>\n<p>Este trabajo nos da cuenta de la equivocaci\u00f3n que se comete al describir a las personas como poseedoras de una \u00fanica y cuantificable inteligencia, pues el ser humano tiene, por lo menos, ocho inteligencias diferentes, cada una desarrollada de modo y a un nivel particular por Howard Gardner.<\/p>\n<p>Ellas son la Inteligencia Musical, Corporal-cinest\u00e9sica, Ling\u00fc\u00edstica, L\u00f3gico-matem\u00e1tica, Espacial, Interpersonal, Intrapersonal y Naturalista.<\/p>\n<p>Pero los programas de ense\u00f1anza s\u00f3lo se basan en las inteligencias ling\u00fc\u00edstica y matem\u00e1tica, dando una m\u00ednima importancia a las otras. Es por ello que para lograr el objetivo de transformar a la escuela tradicional en una de Inteligencias M\u00faltiples, tenemos que partir desde un trabajo en equipo en el que intervengan la escuela (docentes), y el hogar (los padres).<\/p>\n<p><strong>Palabras claves:<\/strong> inteligencia, inteligencias m\u00faltiples, escuela, hogar, educaci\u00f3n<\/p>\n<p><strong>INTRODUCCION<\/strong><\/p>\n<p>Howard Gardner define la inteligencia como LA CAPACIDAD DE RESOLVER PROBLEMAS O<br \/>\nELABORAR PRODUCTOS QUE SEAN VALIOSOS EN UNA O MAS CULTURAS.<\/p>\n<p>La importancia de la definici\u00f3n de Gardner es doble:<\/p>\n<p>Primero, ampl\u00eda el campo de lo que es la inteligencia y reconoce lo que todos sab\u00edamos intuitivamente, y es que la brillantez acad\u00e9mica no lo es todo. A la hora de desenvolvernos en esta vida no basta con tener un gran expediente acad\u00e9mico. Hay gente de gran capacidad intelectual pero incapaz de, por ejemplo, elegir bien a sus amigos y, por el contrario, hay gente menos brillante en el colegio que triunfa en el mundo de los negocios o en su vida personal. Triunfar en los negocios, o en los deportes, requiere ser inteligente, pero en cada campo utilizamos un tipo de inteligencia distinto. No mejor ni peor, pero si distinto. Dicho de otro modo, Einstein no es m\u00e1s inteligente que Michel Jordan, pero sus inteligencias pertenecen a campos diferentes.<\/p>\n<p>Segundo y no menos importante, Gardner define la inteligencia como una capacidad. Hasta hace muy poco tiempo la inteligencia se consideraba algo innato e inamovible. Se nac\u00eda inteligente o no, y la educaci\u00f3n no pod\u00eda cambiar ese hecho. Tanto es as\u00ed que en \u00e9pocas muy cercanas a los deficientes ps\u00edquicos no se les educaba porque se consideraba que era un esfuerzo in\u00fatil.<\/p>\n<p>Al definir la inteligencia como una capacidad Gardner la convierte en una destreza que se puede desarrollar. Gardner no niega el componente gen\u00e9tico.<\/p>\n<p>Todos nacemos con unas potencialidades marcadas por la gen\u00e9tica. Pero esas potencialidades se van a desarrollar de una manera o de otra dependiendo del medio ambiente, nuestras experiencias, la educaci\u00f3n recibida, etc.<\/p>\n<p>Ning\u00fan deportista de elite llega a la cima sin entrenar, por buenas que sean sus cualidades naturales. Lo mismo se puede decir de los matem\u00e1ticos, los poetas o de gente emocionalmente inteligente.<\/p>\n<p>En el habla corriente, cuando vemos a una persona que resuelve f\u00e1cilmente problemas de matem\u00e1tica o participa con brillo en una pol\u00e1mica, decimos que es una persona inteligente; en cambio no decimos lo mismo cuando vemos jugar muy bien aun fulbolista o cuando un mec\u00e1nico resuelva con destreza un desperfecto del motor. Lo que sucede es que estamos empleando un sistema tradicional, ues ahora la inteligencia es considerada de otra manera para decirlo en pocas palabras, ahora no hablamos de una inteligencia, sino de varias \u00bflo sabias?<\/p>\n<p>Gardner nos dice que todos tenemos siete inteligencias modulares, es decir, cada inteligencia es una competencia aut\u00f3noma e independiente de las otras; se combina de manera adaptativa para el individuo y la cultura, pero no se influyen entre si. Las inteligencias son: musical, l\u00f3gico matem\u00e1tica, espacial, ling\u00fcistica, cinest\u00e1sico-corporal, intrapersonal e interpersonal.<\/p>\n<p>Por ello es importante conocer las inteligencias m\u00faltiples para identificarlas y potenciarlas en nosotros mismos. Ahora los estudiaremos de manera m\u00e1s profunda.<\/p>\n<p><strong>BIBLIOGRAF\u00cdA<\/strong><\/p>\n<p>Gardner, H. (1987). La teor\u00eda de las inteligencias m\u00faltiples. <i>Santiago de Chile: Instituto Construir. Recuperado de http:\/\/www. institutoconstruir. org\/centro superacion\/La% 20Teor% EDa% 20de<\/i>, <i>20<\/i>.<\/p>\n<figure id=\"attachment_768\" aria-describedby=\"caption-attachment-768\" style=\"width: 940px\" class=\"wp-caption aligncenter\"><a href=\"http:\/\/www.institutoconstruir.org\/centrosuperacion\/La%20Teor%EDa%20de%20las%20Inteligencias%20M%FAltiples%20(cortad).pdf\" target=\"_blank\"><img fetchpriority=\"high\" decoding=\"async\" class=\"size-full wp-image-768\" src=\"http:\/\/www.on-school.com\/blog\/wp-content\/uploads\/2015\/03\/ec01-howard-gardner1.jpg\" alt=\"Howard Gardner\" width=\"940\" height=\"450\" srcset=\"https:\/\/www.on-school.com\/blog\/wp-content\/uploads\/2015\/03\/ec01-howard-gardner1.jpg 940w, https:\/\/www.on-school.com\/blog\/wp-content\/uploads\/2015\/03\/ec01-howard-gardner1-300x144.jpg 300w\" sizes=\"(max-width: 940px) 100vw, 940px\" \/><\/a><figcaption id=\"caption-attachment-768\" class=\"wp-caption-text\">Howard Gardner<\/figcaption><\/figure>\n","protected":false},"excerpt":{"rendered":"<p>El presente art\u00edculo completo lo puedes encontrar en el siguiente link:\u00a0La Teor\u00eda de las Inteligencias M\u00faltiples Resumen Este trabajo nos da cuenta de la equivocaci\u00f3n que se comete al describir a las personas como poseedoras de una \u00fanica y cuantificable inteligencia, pues el ser humano tiene, por lo menos, ocho inteligencias diferentes, cada una desarrollada [&hellip;]<\/p>\n","protected":false},"author":1,"featured_media":768,"comment_status":"open","ping_status":"open","sticky":false,"template":"","format":"standard","meta":{"om_disable_all_campaigns":false,"_monsterinsights_skip_tracking":false,"_monsterinsights_sitenote_active":false,"_monsterinsights_sitenote_note":"","_monsterinsights_sitenote_category":0,"_uf_show_specific_survey":0,"_uf_disable_surveys":false,"jetpack_post_was_ever_published":false,"_jetpack_newsletter_access":"","_jetpack_dont_email_post_to_subs":false,"_jetpack_newsletter_tier_id":0,"_jetpack_memberships_contains_paywalled_content":false,"_jetpack_memberships_contains_paid_content":false,"footnotes":"","jetpack_publicize_message":"","jetpack_publicize_feature_enabled":true,"jetpack_social_post_already_shared":true,"jetpack_social_options":{"image_generator_settings":{"template":"highway","default_image_id":0,"font":"","enabled":false},"version":2}},"categories":[819],"tags":[17,33,838,840,836,837,839],"class_list":["post-767","post","type-post","status-publish","format-standard","has-post-thumbnail","hentry","category-articulos","tag-educacion","tag-escuela","tag-hogar","tag-howard-gardner","tag-inteligencia","tag-inteligencias-multiples","tag-teoria-de-las-inteligencias-multiples"],"yoast_head":"<!-- This site is optimized with the Yoast SEO plugin v27.5 - https:\/\/yoast.com\/product\/yoast-seo-wordpress\/ -->\n<title>La teor\u00eda de las inteligencias m\u00faltiples - On-School<\/title>\n<meta name=\"description\" content=\"La teor\u00eda de las inteligencias m\u00faltiples\" \/>\n<meta name=\"robots\" content=\"index, follow, max-snippet:-1, max-image-preview:large, max-video-preview:-1\" \/>\n<link rel=\"canonical\" href=\"https:\/\/www.on-school.com\/blog\/la-teoria-de-las-inteligencias-multiples\/\" \/>\n<meta property=\"og:locale\" content=\"en_US\" \/>\n<meta property=\"og:type\" content=\"article\" \/>\n<meta property=\"og:title\" content=\"La teor\u00eda de las inteligencias m\u00faltiples - On-School\" \/>\n<meta property=\"og:description\" content=\"La teor\u00eda de las inteligencias m\u00faltiples\" \/>\n<meta property=\"og:url\" content=\"https:\/\/www.on-school.com\/blog\/la-teoria-de-las-inteligencias-multiples\/\" \/>\n<meta property=\"og:site_name\" content=\"On-School\" \/>\n<meta property=\"article:publisher\" content=\"https:\/\/www.facebook.com\/pages\/On-School-Plataforma-Educativa-Virtual\/359347014214506\" \/>\n<meta property=\"article:author\" content=\"https:\/\/www.facebook.com\/jolusafe5\" \/>\n<meta property=\"article:published_time\" content=\"2014-12-15T04:53:19+00:00\" \/>\n<meta property=\"article:modified_time\" content=\"2015-03-10T05:10:23+00:00\" \/>\n<meta property=\"og:image\" content=\"https:\/\/www.on-school.com\/blog\/wp-content\/uploads\/2015\/03\/ec01-howard-gardner1.jpg\" \/>\n\t<meta property=\"og:image:width\" content=\"940\" \/>\n\t<meta property=\"og:image:height\" content=\"450\" \/>\n\t<meta property=\"og:image:type\" content=\"image\/jpeg\" \/>\n<meta name=\"author\" content=\"jolusafe5\" \/>\n<meta name=\"twitter:card\" content=\"summary_large_image\" \/>\n<meta name=\"twitter:creator\" content=\"@jolusafe5\" \/>\n<meta name=\"twitter:site\" content=\"@dannyrq0103\" \/>\n<meta name=\"twitter:label1\" content=\"Written by\" \/>\n\t<meta name=\"twitter:data1\" content=\"jolusafe5\" \/>\n\t<meta name=\"twitter:label2\" content=\"Est. reading time\" \/>\n\t<meta name=\"twitter:data2\" content=\"3 minutes\" \/>\n<script type=\"application\/ld+json\" class=\"yoast-schema-graph\">{\"@context\":\"https:\\\/\\\/schema.org\",\"@graph\":[{\"@type\":\"Article\",\"@id\":\"https:\\\/\\\/www.on-school.com\\\/blog\\\/la-teoria-de-las-inteligencias-multiples\\\/#article\",\"isPartOf\":{\"@id\":\"https:\\\/\\\/www.on-school.com\\\/blog\\\/la-teoria-de-las-inteligencias-multiples\\\/\"},\"author\":{\"name\":\"jolusafe5\",\"@id\":\"https:\\\/\\\/www.on-school.com\\\/blog\\\/#\\\/schema\\\/person\\\/60396eb2dba803d5c761e33f467a0e58\"},\"headline\":\"La teor\u00eda de las inteligencias m\u00faltiples\",\"datePublished\":\"2014-12-15T04:53:19+00:00\",\"dateModified\":\"2015-03-10T05:10:23+00:00\",\"mainEntityOfPage\":{\"@id\":\"https:\\\/\\\/www.on-school.com\\\/blog\\\/la-teoria-de-las-inteligencias-multiples\\\/\"},\"wordCount\":708,\"commentCount\":0,\"publisher\":{\"@id\":\"https:\\\/\\\/www.on-school.com\\\/blog\\\/#organization\"},\"image\":{\"@id\":\"https:\\\/\\\/www.on-school.com\\\/blog\\\/la-teoria-de-las-inteligencias-multiples\\\/#primaryimage\"},\"thumbnailUrl\":\"https:\\\/\\\/www.on-school.com\\\/blog\\\/wp-content\\\/uploads\\\/2015\\\/03\\\/ec01-howard-gardner1.jpg\",\"keywords\":[\"educaci\u00f3n\",\"escuela\",\"hogar\",\"Howard Gardner\",\"inteligencia\",\"inteligencias m\u00faltiples\",\"teor\u00eda de las inteligencias m\u00faltiples\"],\"articleSection\":[\"Art\u00edculos\"],\"inLanguage\":\"en-US\",\"potentialAction\":[{\"@type\":\"CommentAction\",\"name\":\"Comment\",\"target\":[\"https:\\\/\\\/www.on-school.com\\\/blog\\\/la-teoria-de-las-inteligencias-multiples\\\/#respond\"]}]},{\"@type\":\"WebPage\",\"@id\":\"https:\\\/\\\/www.on-school.com\\\/blog\\\/la-teoria-de-las-inteligencias-multiples\\\/\",\"url\":\"https:\\\/\\\/www.on-school.com\\\/blog\\\/la-teoria-de-las-inteligencias-multiples\\\/\",\"name\":\"La teor\u00eda de las inteligencias m\u00faltiples - On-School\",\"isPartOf\":{\"@id\":\"https:\\\/\\\/www.on-school.com\\\/blog\\\/#website\"},\"primaryImageOfPage\":{\"@id\":\"https:\\\/\\\/www.on-school.com\\\/blog\\\/la-teoria-de-las-inteligencias-multiples\\\/#primaryimage\"},\"image\":{\"@id\":\"https:\\\/\\\/www.on-school.com\\\/blog\\\/la-teoria-de-las-inteligencias-multiples\\\/#primaryimage\"},\"thumbnailUrl\":\"https:\\\/\\\/www.on-school.com\\\/blog\\\/wp-content\\\/uploads\\\/2015\\\/03\\\/ec01-howard-gardner1.jpg\",\"datePublished\":\"2014-12-15T04:53:19+00:00\",\"dateModified\":\"2015-03-10T05:10:23+00:00\",\"description\":\"La teor\u00eda de las inteligencias m\u00faltiples\",\"breadcrumb\":{\"@id\":\"https:\\\/\\\/www.on-school.com\\\/blog\\\/la-teoria-de-las-inteligencias-multiples\\\/#breadcrumb\"},\"inLanguage\":\"en-US\",\"potentialAction\":[{\"@type\":\"ReadAction\",\"target\":[\"https:\\\/\\\/www.on-school.com\\\/blog\\\/la-teoria-de-las-inteligencias-multiples\\\/\"]}]},{\"@type\":\"ImageObject\",\"inLanguage\":\"en-US\",\"@id\":\"https:\\\/\\\/www.on-school.com\\\/blog\\\/la-teoria-de-las-inteligencias-multiples\\\/#primaryimage\",\"url\":\"https:\\\/\\\/www.on-school.com\\\/blog\\\/wp-content\\\/uploads\\\/2015\\\/03\\\/ec01-howard-gardner1.jpg\",\"contentUrl\":\"https:\\\/\\\/www.on-school.com\\\/blog\\\/wp-content\\\/uploads\\\/2015\\\/03\\\/ec01-howard-gardner1.jpg\",\"width\":940,\"height\":450,\"caption\":\"Howard Gardner\"},{\"@type\":\"BreadcrumbList\",\"@id\":\"https:\\\/\\\/www.on-school.com\\\/blog\\\/la-teoria-de-las-inteligencias-multiples\\\/#breadcrumb\",\"itemListElement\":[{\"@type\":\"ListItem\",\"position\":1,\"name\":\"Inicio\",\"item\":\"https:\\\/\\\/www.on-school.com\\\/blog\\\/\"},{\"@type\":\"ListItem\",\"position\":2,\"name\":\"La teor\u00eda de las inteligencias m\u00faltiples\"}]},{\"@type\":\"WebSite\",\"@id\":\"https:\\\/\\\/www.on-school.com\\\/blog\\\/#website\",\"url\":\"https:\\\/\\\/www.on-school.com\\\/blog\\\/\",\"name\":\"On-School\",\"description\":\"Aula Virtual Educativa\",\"publisher\":{\"@id\":\"https:\\\/\\\/www.on-school.com\\\/blog\\\/#organization\"},\"potentialAction\":[{\"@type\":\"SearchAction\",\"target\":{\"@type\":\"EntryPoint\",\"urlTemplate\":\"https:\\\/\\\/www.on-school.com\\\/blog\\\/?s={search_term_string}\"},\"query-input\":{\"@type\":\"PropertyValueSpecification\",\"valueRequired\":true,\"valueName\":\"search_term_string\"}}],\"inLanguage\":\"en-US\"},{\"@type\":\"Organization\",\"@id\":\"https:\\\/\\\/www.on-school.com\\\/blog\\\/#organization\",\"name\":\"On-School\",\"url\":\"https:\\\/\\\/www.on-school.com\\\/blog\\\/\",\"logo\":{\"@type\":\"ImageObject\",\"inLanguage\":\"en-US\",\"@id\":\"https:\\\/\\\/www.on-school.com\\\/blog\\\/#\\\/schema\\\/logo\\\/image\\\/\",\"url\":\"https:\\\/\\\/www.on-school.com\\\/blog\\\/wp-content\\\/uploads\\\/2025\\\/09\\\/logoNewSchool.jpg\",\"contentUrl\":\"https:\\\/\\\/www.on-school.com\\\/blog\\\/wp-content\\\/uploads\\\/2025\\\/09\\\/logoNewSchool.jpg\",\"width\":778,\"height\":777,\"caption\":\"On-School\"},\"image\":{\"@id\":\"https:\\\/\\\/www.on-school.com\\\/blog\\\/#\\\/schema\\\/logo\\\/image\\\/\"},\"sameAs\":[\"https:\\\/\\\/www.facebook.com\\\/pages\\\/On-School-Plataforma-Educativa-Virtual\\\/359347014214506\",\"https:\\\/\\\/x.com\\\/dannyrq0103\"]},{\"@type\":\"Person\",\"@id\":\"https:\\\/\\\/www.on-school.com\\\/blog\\\/#\\\/schema\\\/person\\\/60396eb2dba803d5c761e33f467a0e58\",\"name\":\"jolusafe5\",\"image\":{\"@type\":\"ImageObject\",\"inLanguage\":\"en-US\",\"@id\":\"https:\\\/\\\/secure.gravatar.com\\\/avatar\\\/d2a6967d3c1736c22d3eca3839cb5260e71ac1ef16ce076cb36aeea8ca491315?s=96&d=mm&r=g\",\"url\":\"https:\\\/\\\/secure.gravatar.com\\\/avatar\\\/d2a6967d3c1736c22d3eca3839cb5260e71ac1ef16ce076cb36aeea8ca491315?s=96&d=mm&r=g\",\"contentUrl\":\"https:\\\/\\\/secure.gravatar.com\\\/avatar\\\/d2a6967d3c1736c22d3eca3839cb5260e71ac1ef16ce076cb36aeea8ca491315?s=96&d=mm&r=g\",\"caption\":\"jolusafe5\"},\"description\":\"Apasionado por los temas educativos, ciencias sociales y tecnolog\u00eda. Ingeniero en Computaci\u00f3n y Sistemas por la Universidad Popular Aut\u00f3noma del Estado de Puebla (UPAEP) . Maestr\u00eda en Inform\u00e1tica Aplicada por el Instituto Tecnol\u00f3gico y de Estudios Superiores de Occidente (ITESO). Estudiante de Maestr\u00eda en Inteligencia Artificial por ALINNCO.\",\"sameAs\":[\"http:\\\/\\\/www.on-school.com\",\"https:\\\/\\\/www.facebook.com\\\/jolusafe5\",\"https:\\\/\\\/x.com\\\/jolusafe5\"],\"url\":\"https:\\\/\\\/www.on-school.com\\\/blog\\\/author\\\/jolusafe5\\\/\"}]}<\/script>\n<!-- \/ Yoast SEO plugin. -->","yoast_head_json":{"title":"La teor\u00eda de las inteligencias m\u00faltiples - On-School","description":"La teor\u00eda de las inteligencias m\u00faltiples","robots":{"index":"index","follow":"follow","max-snippet":"max-snippet:-1","max-image-preview":"max-image-preview:large","max-video-preview":"max-video-preview:-1"},"canonical":"https:\/\/www.on-school.com\/blog\/la-teoria-de-las-inteligencias-multiples\/","og_locale":"en_US","og_type":"article","og_title":"La teor\u00eda de las inteligencias m\u00faltiples - On-School","og_description":"La teor\u00eda de las inteligencias m\u00faltiples","og_url":"https:\/\/www.on-school.com\/blog\/la-teoria-de-las-inteligencias-multiples\/","og_site_name":"On-School","article_publisher":"https:\/\/www.facebook.com\/pages\/On-School-Plataforma-Educativa-Virtual\/359347014214506","article_author":"https:\/\/www.facebook.com\/jolusafe5","article_published_time":"2014-12-15T04:53:19+00:00","article_modified_time":"2015-03-10T05:10:23+00:00","og_image":[{"width":940,"height":450,"url":"https:\/\/www.on-school.com\/blog\/wp-content\/uploads\/2015\/03\/ec01-howard-gardner1.jpg","type":"image\/jpeg"}],"author":"jolusafe5","twitter_card":"summary_large_image","twitter_creator":"@jolusafe5","twitter_site":"@dannyrq0103","twitter_misc":{"Written by":"jolusafe5","Est. reading time":"3 minutes"},"schema":{"@context":"https:\/\/schema.org","@graph":[{"@type":"Article","@id":"https:\/\/www.on-school.com\/blog\/la-teoria-de-las-inteligencias-multiples\/#article","isPartOf":{"@id":"https:\/\/www.on-school.com\/blog\/la-teoria-de-las-inteligencias-multiples\/"},"author":{"name":"jolusafe5","@id":"https:\/\/www.on-school.com\/blog\/#\/schema\/person\/60396eb2dba803d5c761e33f467a0e58"},"headline":"La teor\u00eda de las inteligencias m\u00faltiples","datePublished":"2014-12-15T04:53:19+00:00","dateModified":"2015-03-10T05:10:23+00:00","mainEntityOfPage":{"@id":"https:\/\/www.on-school.com\/blog\/la-teoria-de-las-inteligencias-multiples\/"},"wordCount":708,"commentCount":0,"publisher":{"@id":"https:\/\/www.on-school.com\/blog\/#organization"},"image":{"@id":"https:\/\/www.on-school.com\/blog\/la-teoria-de-las-inteligencias-multiples\/#primaryimage"},"thumbnailUrl":"https:\/\/www.on-school.com\/blog\/wp-content\/uploads\/2015\/03\/ec01-howard-gardner1.jpg","keywords":["educaci\u00f3n","escuela","hogar","Howard Gardner","inteligencia","inteligencias m\u00faltiples","teor\u00eda de las inteligencias m\u00faltiples"],"articleSection":["Art\u00edculos"],"inLanguage":"en-US","potentialAction":[{"@type":"CommentAction","name":"Comment","target":["https:\/\/www.on-school.com\/blog\/la-teoria-de-las-inteligencias-multiples\/#respond"]}]},{"@type":"WebPage","@id":"https:\/\/www.on-school.com\/blog\/la-teoria-de-las-inteligencias-multiples\/","url":"https:\/\/www.on-school.com\/blog\/la-teoria-de-las-inteligencias-multiples\/","name":"La teor\u00eda de las inteligencias m\u00faltiples - On-School","isPartOf":{"@id":"https:\/\/www.on-school.com\/blog\/#website"},"primaryImageOfPage":{"@id":"https:\/\/www.on-school.com\/blog\/la-teoria-de-las-inteligencias-multiples\/#primaryimage"},"image":{"@id":"https:\/\/www.on-school.com\/blog\/la-teoria-de-las-inteligencias-multiples\/#primaryimage"},"thumbnailUrl":"https:\/\/www.on-school.com\/blog\/wp-content\/uploads\/2015\/03\/ec01-howard-gardner1.jpg","datePublished":"2014-12-15T04:53:19+00:00","dateModified":"2015-03-10T05:10:23+00:00","description":"La teor\u00eda de las inteligencias m\u00faltiples","breadcrumb":{"@id":"https:\/\/www.on-school.com\/blog\/la-teoria-de-las-inteligencias-multiples\/#breadcrumb"},"inLanguage":"en-US","potentialAction":[{"@type":"ReadAction","target":["https:\/\/www.on-school.com\/blog\/la-teoria-de-las-inteligencias-multiples\/"]}]},{"@type":"ImageObject","inLanguage":"en-US","@id":"https:\/\/www.on-school.com\/blog\/la-teoria-de-las-inteligencias-multiples\/#primaryimage","url":"https:\/\/www.on-school.com\/blog\/wp-content\/uploads\/2015\/03\/ec01-howard-gardner1.jpg","contentUrl":"https:\/\/www.on-school.com\/blog\/wp-content\/uploads\/2015\/03\/ec01-howard-gardner1.jpg","width":940,"height":450,"caption":"Howard Gardner"},{"@type":"BreadcrumbList","@id":"https:\/\/www.on-school.com\/blog\/la-teoria-de-las-inteligencias-multiples\/#breadcrumb","itemListElement":[{"@type":"ListItem","position":1,"name":"Inicio","item":"https:\/\/www.on-school.com\/blog\/"},{"@type":"ListItem","position":2,"name":"La teor\u00eda de las inteligencias m\u00faltiples"}]},{"@type":"WebSite","@id":"https:\/\/www.on-school.com\/blog\/#website","url":"https:\/\/www.on-school.com\/blog\/","name":"On-School","description":"Aula Virtual Educativa","publisher":{"@id":"https:\/\/www.on-school.com\/blog\/#organization"},"potentialAction":[{"@type":"SearchAction","target":{"@type":"EntryPoint","urlTemplate":"https:\/\/www.on-school.com\/blog\/?s={search_term_string}"},"query-input":{"@type":"PropertyValueSpecification","valueRequired":true,"valueName":"search_term_string"}}],"inLanguage":"en-US"},{"@type":"Organization","@id":"https:\/\/www.on-school.com\/blog\/#organization","name":"On-School","url":"https:\/\/www.on-school.com\/blog\/","logo":{"@type":"ImageObject","inLanguage":"en-US","@id":"https:\/\/www.on-school.com\/blog\/#\/schema\/logo\/image\/","url":"https:\/\/www.on-school.com\/blog\/wp-content\/uploads\/2025\/09\/logoNewSchool.jpg","contentUrl":"https:\/\/www.on-school.com\/blog\/wp-content\/uploads\/2025\/09\/logoNewSchool.jpg","width":778,"height":777,"caption":"On-School"},"image":{"@id":"https:\/\/www.on-school.com\/blog\/#\/schema\/logo\/image\/"},"sameAs":["https:\/\/www.facebook.com\/pages\/On-School-Plataforma-Educativa-Virtual\/359347014214506","https:\/\/x.com\/dannyrq0103"]},{"@type":"Person","@id":"https:\/\/www.on-school.com\/blog\/#\/schema\/person\/60396eb2dba803d5c761e33f467a0e58","name":"jolusafe5","image":{"@type":"ImageObject","inLanguage":"en-US","@id":"https:\/\/secure.gravatar.com\/avatar\/d2a6967d3c1736c22d3eca3839cb5260e71ac1ef16ce076cb36aeea8ca491315?s=96&d=mm&r=g","url":"https:\/\/secure.gravatar.com\/avatar\/d2a6967d3c1736c22d3eca3839cb5260e71ac1ef16ce076cb36aeea8ca491315?s=96&d=mm&r=g","contentUrl":"https:\/\/secure.gravatar.com\/avatar\/d2a6967d3c1736c22d3eca3839cb5260e71ac1ef16ce076cb36aeea8ca491315?s=96&d=mm&r=g","caption":"jolusafe5"},"description":"Apasionado por los temas educativos, ciencias sociales y tecnolog\u00eda. Ingeniero en Computaci\u00f3n y Sistemas por la Universidad Popular Aut\u00f3noma del Estado de Puebla (UPAEP) . Maestr\u00eda en Inform\u00e1tica Aplicada por el Instituto Tecnol\u00f3gico y de Estudios Superiores de Occidente (ITESO). Estudiante de Maestr\u00eda en Inteligencia Artificial por ALINNCO.","sameAs":["http:\/\/www.on-school.com","https:\/\/www.facebook.com\/jolusafe5","https:\/\/x.com\/jolusafe5"],"url":"https:\/\/www.on-school.com\/blog\/author\/jolusafe5\/"}]}},"jetpack_publicize_connections":[],"jetpack_featured_media_url":"https:\/\/www.on-school.com\/blog\/wp-content\/uploads\/2015\/03\/ec01-howard-gardner1.jpg","jetpack_shortlink":"https:\/\/wp.me\/p4Yboc-cn","jetpack_sharing_enabled":true,"jetpack-related-posts":[{"id":889,"url":"https:\/\/www.on-school.com\/blog\/conoce-el-modelo-educativo-de-desarrollo-de-habilidades-del-pensamiento\/","url_meta":{"origin":767,"position":0},"title":"CONOCE EL MODELO EDUCATIVO: DE DESARROLLO DE HABILIDADES DEL PENSAMIENTO","author":"Daniela Robles","date":"20\/01\/2015","format":false,"excerpt":"\u00bfCuales son las habilidades de pensamiento que m\u00e1s desarrollas?, \u00bfC\u00f3mo descubres tus habilidades del pensamiento? \u00bfSab\u00edas que existe un modelo educativo con base al desarrollo de las habilidades del pensamiento? Ent\u00e9rate como se emplea el modelo educativo (desarrollo de habilidades del pensamiento) y despu\u00e9s nos platicas que habilidades del pensamiento\u2026","rel":"","context":"In &quot;An\u00e1lisis de las Organizaciones Educativas&quot;","block_context":{"text":"An\u00e1lisis de las Organizaciones Educativas","link":"https:\/\/www.on-school.com\/blog\/category\/ciencias-de-la-educacion\/analisis-de-las-organizaciones-educativas\/"},"img":{"alt_text":"DESARROLLO DE HABILIDADES DEL PENSAMIENTO","src":"https:\/\/i0.wp.com\/www.on-school.com\/blog\/wp-content\/uploads\/2015\/06\/habilidadesmetacognitivas1.jpg?resize=350%2C200&ssl=1","width":350,"height":200},"classes":[]},{"id":491,"url":"https:\/\/www.on-school.com\/blog\/la-ensenanza-de-las-matematicas\/","url_meta":{"origin":767,"position":1},"title":"La Ense\u00f1anza de las matem\u00e1ticas","author":"jolusafe5","date":"12\/11\/2014","format":false,"excerpt":"Para abordar y comprender el proceso de ense\u00f1anza \u2013 aprendizaje de las fracciones es necesario tener bases psicopedag\u00f3gicas que tomen en cuenta las etapas y caracter\u00edsticas de los estudiantes de sexto a\u00f1o con los cuales se va a trabajar, ya que de acuerdo a esto desarrollaremos diversas estrategias para fomentar\u2026","rel":"","context":"In &quot;Estrategias del aprendizaje y ense\u00f1anza&quot;","block_context":{"text":"Estrategias del aprendizaje y ense\u00f1anza","link":"https:\/\/www.on-school.com\/blog\/category\/procesos-educativos\/estrategias-del-aprendizaje-y-ensenanza\/"},"img":{"alt_text":"Aprendiendo Matem\u00e1ticas","src":"https:\/\/i0.wp.com\/www.on-school.com\/blog\/wp-content\/uploads\/2014\/11\/MATEMATICAS1.jpg?resize=350%2C200&ssl=1","width":350,"height":200},"classes":[]},{"id":1739,"url":"https:\/\/www.on-school.com\/blog\/problematica-del-aprendizaje-de-las-matematicas\/","url_meta":{"origin":767,"position":2},"title":"Problem\u00e1tica del aprendizaje de las matem\u00e1ticas","author":"jolusafe5","date":"15\/10\/2019","format":false,"excerpt":"Aprendizaje de las matem\u00e1ticas La problem\u00e1tica en el aprendizaje de las matem\u00e1ticas, tiene sus inconvenientes dentro del sistema educativo, es necesario aclarar que\u00a0 otras ciencias no son mejor que el aprendizaje de las matem\u00e1ticas. Aparentemente la utilidad de esta ciencia carece de sustento cuando se habla de derecho como carrera\u2026","rel":"","context":"In &quot;Matem\u00e1ticas&quot;","block_context":{"text":"Matem\u00e1ticas","link":"https:\/\/www.on-school.com\/blog\/category\/sistema-educativo\/educacion-basica\/primaria\/segundo-grado\/matematicas\/"},"img":{"alt_text":"Aprendizaje de las matem\u00e1ticas","src":"https:\/\/i0.wp.com\/www.on-school.com\/blog\/wp-content\/uploads\/2019\/10\/1513176004_762285_1513593904_noticia_normal_recorte11.jpg?resize=350%2C200&ssl=1","width":350,"height":200,"srcset":"https:\/\/i0.wp.com\/www.on-school.com\/blog\/wp-content\/uploads\/2019\/10\/1513176004_762285_1513593904_noticia_normal_recorte11.jpg?resize=350%2C200&ssl=1 1x, https:\/\/i0.wp.com\/www.on-school.com\/blog\/wp-content\/uploads\/2019\/10\/1513176004_762285_1513593904_noticia_normal_recorte11.jpg?resize=525%2C300&ssl=1 1.5x, https:\/\/i0.wp.com\/www.on-school.com\/blog\/wp-content\/uploads\/2019\/10\/1513176004_762285_1513593904_noticia_normal_recorte11.jpg?resize=700%2C400&ssl=1 2x, https:\/\/i0.wp.com\/www.on-school.com\/blog\/wp-content\/uploads\/2019\/10\/1513176004_762285_1513593904_noticia_normal_recorte11.jpg?resize=1050%2C600&ssl=1 3x, https:\/\/i0.wp.com\/www.on-school.com\/blog\/wp-content\/uploads\/2019\/10\/1513176004_762285_1513593904_noticia_normal_recorte11.jpg?resize=1400%2C800&ssl=1 4x"},"classes":[]},{"id":1684,"url":"https:\/\/www.on-school.com\/blog\/modelos-pedagogicos\/","url_meta":{"origin":767,"position":3},"title":"Modelos Pedag\u00f3gicos","author":"jolusafe5","date":"07\/10\/2019","format":false,"excerpt":"Modelos Pedag\u00f3gicos Modelos Pedag\u00f3gicos LAS CONCEPCIONES Y TEOR\u00cdAS PSICOL\u00d3GICAS COMO ANTECESORES DE LOS MODELOS PEDAG\u00d3GICOS. Al finalizar el siglo XIX, los avances en las ciencias experimentales produjeron un cambio en la concepci\u00f3n de una de las disciplinas humanista, la Psicolog\u00eda. En el laboratorio de la Universidad de Leipzig (Alemania), el\u2026","rel":"","context":"In &quot;Pedagog\u00eda&quot;","block_context":{"text":"Pedagog\u00eda","link":"https:\/\/www.on-school.com\/blog\/category\/ciencias-de-la-educacion\/pedagogia\/"},"img":{"alt_text":"Modelos Educativos","src":"https:\/\/i0.wp.com\/www.on-school.com\/blog\/wp-content\/uploads\/2019\/10\/2015-08-03_13-45-231.jpg?resize=350%2C200&ssl=1","width":350,"height":200,"srcset":"https:\/\/i0.wp.com\/www.on-school.com\/blog\/wp-content\/uploads\/2019\/10\/2015-08-03_13-45-231.jpg?resize=350%2C200&ssl=1 1x, https:\/\/i0.wp.com\/www.on-school.com\/blog\/wp-content\/uploads\/2019\/10\/2015-08-03_13-45-231.jpg?resize=525%2C300&ssl=1 1.5x, https:\/\/i0.wp.com\/www.on-school.com\/blog\/wp-content\/uploads\/2019\/10\/2015-08-03_13-45-231.jpg?resize=700%2C400&ssl=1 2x"},"classes":[]},{"id":1874,"url":"https:\/\/www.on-school.com\/blog\/aprendizaje-basado-en-competencias\/","url_meta":{"origin":767,"position":4},"title":"Aprendizaje basado en competencias","author":"jolusafe5","date":"30\/10\/2019","format":false,"excerpt":"Aprendizaje basado en competencias Los est\u00e1ndares nacionales que se toman en cuenta y que se replican a trav\u00e9s de los logros e indicadores de logro en cada una de las asignaturas muestran de una manera un poco incipiente un aprendizaje basado en competencias. \u00c9stas se relacionan con la integraci\u00f3n de\u2026","rel":"","context":"In &quot;Ciencias de la Educaci\u00f3n&quot;","block_context":{"text":"Ciencias de la Educaci\u00f3n","link":"https:\/\/www.on-school.com\/blog\/category\/ciencias-de-la-educacion\/"},"img":{"alt_text":"Aprendizaje basado en competencias","src":"https:\/\/i0.wp.com\/www.on-school.com\/blog\/wp-content\/uploads\/2019\/10\/enfoque-d11.jpg?resize=350%2C200&ssl=1","width":350,"height":200},"classes":[]},{"id":639,"url":"https:\/\/www.on-school.com\/blog\/las-matematicas-como-comprension-conceptual\/","url_meta":{"origin":767,"position":5},"title":"Las Matem\u00e1ticas como comprensi\u00f3n conceptual","author":"jolusafe5","date":"08\/12\/2014","format":false,"excerpt":"Para Bruner, la ense\u00f1anza se basa en su teor\u00eda del desarrollo conceptual. La ense\u00f1anza lleva una secuencia hasta formar una estructura o concepto fundamental que posteriormente permitir\u00e1 hacer una generalizaci\u00f3n al individuo. El producto final de la ense\u00f1anza s\u00f3lo es relevante cuando es recuperado de la memoria cuando \u00e9ste es\u2026","rel":"","context":"In &quot;Estrategias del aprendizaje y ense\u00f1anza&quot;","block_context":{"text":"Estrategias del aprendizaje y ense\u00f1anza","link":"https:\/\/www.on-school.com\/blog\/category\/procesos-educativos\/estrategias-del-aprendizaje-y-ensenanza\/"},"img":{"alt_text":"Desarrollo Conceptual","src":"https:\/\/i0.wp.com\/www.on-school.com\/blog\/wp-content\/uploads\/2015\/01\/Consultor%C3%ADa-y-desarrollo-conceptual1.png?resize=350%2C200&ssl=1","width":350,"height":200},"classes":[]}],"jetpack_likes_enabled":true,"_links":{"self":[{"href":"https:\/\/www.on-school.com\/blog\/wp-json\/wp\/v2\/posts\/767","targetHints":{"allow":["GET"]}}],"collection":[{"href":"https:\/\/www.on-school.com\/blog\/wp-json\/wp\/v2\/posts"}],"about":[{"href":"https:\/\/www.on-school.com\/blog\/wp-json\/wp\/v2\/types\/post"}],"author":[{"embeddable":true,"href":"https:\/\/www.on-school.com\/blog\/wp-json\/wp\/v2\/users\/1"}],"replies":[{"embeddable":true,"href":"https:\/\/www.on-school.com\/blog\/wp-json\/wp\/v2\/comments?post=767"}],"version-history":[{"count":1,"href":"https:\/\/www.on-school.com\/blog\/wp-json\/wp\/v2\/posts\/767\/revisions"}],"predecessor-version":[{"id":769,"href":"https:\/\/www.on-school.com\/blog\/wp-json\/wp\/v2\/posts\/767\/revisions\/769"}],"wp:featuredmedia":[{"embeddable":true,"href":"https:\/\/www.on-school.com\/blog\/wp-json\/wp\/v2\/media\/768"}],"wp:attachment":[{"href":"https:\/\/www.on-school.com\/blog\/wp-json\/wp\/v2\/media?parent=767"}],"wp:term":[{"taxonomy":"category","embeddable":true,"href":"https:\/\/www.on-school.com\/blog\/wp-json\/wp\/v2\/categories?post=767"},{"taxonomy":"post_tag","embeddable":true,"href":"https:\/\/www.on-school.com\/blog\/wp-json\/wp\/v2\/tags?post=767"}],"curies":[{"name":"wp","href":"https:\/\/api.w.org\/{rel}","templated":true}]}}