{"id":757,"date":"2014-12-11T16:45:32","date_gmt":"2014-12-11T22:45:32","guid":{"rendered":"http:\/\/www.on-school.com\/blog\/?p=757"},"modified":"2015-03-09T17:06:12","modified_gmt":"2015-03-09T23:06:12","slug":"la-violencia-escolar-y-la-prevencion-del-conflicto","status":"publish","type":"post","link":"https:\/\/www.on-school.com\/blog\/la-violencia-escolar-y-la-prevencion-del-conflicto\/","title":{"rendered":"La violencia escolar y la prevenci\u00f3n del conflicto"},"content":{"rendered":"<p>El presente art\u00edculo completo lo puedes encontrar en el siguiente link:\u00a0<a href=\"http:\/\/dialnet.unirioja.es\/descarga\/articulo\/2559870.pdf\" target=\"_blank\">La violencia escolar y el manejo de conflictos<\/a><\/p>\n<p><strong>RESUMEN<\/strong><\/p>\n<p>La escuela debe fomentar una educaci\u00f3n para la paz, formando un ciudadano aut\u00f3nomo y con valores c\u00edvicos, que asuma el compromiso, la responsabilidad y el derecho que tiene de vivir en una sociedad sin odios, divisiones ni violencia. En funci\u00f3n de lo cual se pretende a trav\u00e9s del presente art\u00edculo discernir en relaci\u00f3n a aspectos como Violencia, Prevenci\u00f3n del Conflicto, M\u00e9todos Alternos de Resoluci\u00f3n de Conflictos en la escuela, basado en los aportes te\u00f3ricos de: Lederach (1998), Cascon (2002), Arellano (2004), Berbeito y Careita (2004) y otros, buscando as\u00ed contribuir con la formaci\u00f3n del docente en prevenci\u00f3n del conflicto, lo cu\u00e1l permitir\u00e1 dilucidar como la violencia transforma el acontecer educativo, y a partir de ello fijar posici\u00f3n y participar, en los cambios y transformaciones requeridos.<\/p>\n<p><strong>Palabras clave:<\/strong> Conflicto, violencia, prevenci\u00f3n del conflicto<\/p>\n<p><strong>ABSTRACT<\/strong><\/p>\n<p>The school must foment education based on Peace and for Peace, forming an independent citizen with civic values, who can assume the commitment, the responsibility and the right that one has to live in a society without hatreds, divisions nor violence. The main object of this article is to try to discern in aspects like Violence, Conflict Prevention, and Alternative Methods of High School Conflict Resolution all of them based on theorical contributions of: Lederach (1998), Cascon (2002), Arellano (2004), Berbeito y Careita (2004) among others, looking to contribute in Teacher&#8217;s development in the Conflict Prevention&#8217;s area which will let teacher to explain how violence can transform educative facts, and starting off it take a decision and at the same time participate in all the changes and transformations required.<\/p>\n<p><strong>Key Words:<\/strong> Conflict, Violence, Prevention of the Conflict<\/p>\n<p><strong>Bibliograf\u00eda<\/strong><\/p>\n<p>Arellano, N. (2007). La violencia escolar y la provenci\u00f3n del conflicto. Orbis: revista de Ciencias Humanas, 3(7), 23-45.<\/p>\n<figure id=\"attachment_758\" aria-describedby=\"caption-attachment-758\" style=\"width: 3292px\" class=\"wp-caption aligncenter\"><a href=\"http:\/\/dialnet.unirioja.es\/descarga\/articulo\/2559870.pdf\" target=\"_blank\"><img fetchpriority=\"high\" decoding=\"async\" class=\"size-full wp-image-758\" src=\"http:\/\/www.on-school.com\/blog\/wp-content\/uploads\/2015\/03\/DSC02598-ij1.jpg\" alt=\"Manejo de conflictos\" width=\"3292\" height=\"2437\" srcset=\"https:\/\/www.on-school.com\/blog\/wp-content\/uploads\/2015\/03\/DSC02598-ij1.jpg 3292w, https:\/\/www.on-school.com\/blog\/wp-content\/uploads\/2015\/03\/DSC02598-ij1-300x222.jpg 300w, https:\/\/www.on-school.com\/blog\/wp-content\/uploads\/2015\/03\/DSC02598-ij1-1024x758.jpg 1024w, https:\/\/www.on-school.com\/blog\/wp-content\/uploads\/2015\/03\/DSC02598-ij1-220x162.jpg 220w\" sizes=\"(max-width: 3292px) 100vw, 3292px\" \/><\/a><figcaption id=\"caption-attachment-758\" class=\"wp-caption-text\">Manejo de conflictos<\/figcaption><\/figure>\n<p>&nbsp;<\/p>\n","protected":false},"excerpt":{"rendered":"<p>El presente art\u00edculo completo lo puedes encontrar en el siguiente link:\u00a0La violencia escolar y el manejo de conflictos RESUMEN La escuela debe fomentar una educaci\u00f3n para la paz, formando un ciudadano aut\u00f3nomo y con valores c\u00edvicos, que asuma el compromiso, la responsabilidad y el derecho que tiene de vivir en una sociedad sin odios, divisiones [&hellip;]<\/p>\n","protected":false},"author":1,"featured_media":758,"comment_status":"open","ping_status":"open","sticky":false,"template":"","format":"standard","meta":{"om_disable_all_campaigns":false,"_monsterinsights_skip_tracking":false,"_monsterinsights_sitenote_active":false,"_monsterinsights_sitenote_note":"","_monsterinsights_sitenote_category":0,"_uf_show_specific_survey":0,"_uf_disable_surveys":false,"jetpack_post_was_ever_published":false,"_jetpack_newsletter_access":"","_jetpack_dont_email_post_to_subs":false,"_jetpack_newsletter_tier_id":0,"_jetpack_memberships_contains_paywalled_content":false,"_jetpack_memberships_contains_paid_content":false,"footnotes":"","jetpack_publicize_message":"","jetpack_publicize_feature_enabled":true,"jetpack_social_post_already_shared":true,"jetpack_social_options":{"image_generator_settings":{"template":"highway","default_image_id":0,"font":"","enabled":false},"version":2}},"categories":[819],"tags":[827,828,829,826,822,38,825,821,824,823,820],"class_list":["post-757","post","type-post","status-publish","format-standard","has-post-thumbnail","hentry","category-articulos","tag-arellano","tag-berbeito","tag-careita","tag-cascon","tag-conflict","tag-conflicto","tag-lederach","tag-prevencion-del-conflicto","tag-prevention-of-the-conflict","tag-violence","tag-violencia"],"yoast_head":"<!-- This site is optimized with the Yoast SEO plugin v27.5 - https:\/\/yoast.com\/product\/yoast-seo-wordpress\/ -->\n<title>La violencia escolar y la prevenci\u00f3n del conflicto - On-School<\/title>\n<meta name=\"description\" content=\"La violencia escolar y la prevenci\u00f3n del conflicto\" \/>\n<meta name=\"robots\" content=\"index, follow, max-snippet:-1, max-image-preview:large, max-video-preview:-1\" \/>\n<link rel=\"canonical\" href=\"https:\/\/www.on-school.com\/blog\/la-violencia-escolar-y-la-prevencion-del-conflicto\/\" \/>\n<meta property=\"og:locale\" content=\"en_US\" \/>\n<meta property=\"og:type\" content=\"article\" \/>\n<meta property=\"og:title\" content=\"La violencia escolar y la prevenci\u00f3n del conflicto - On-School\" \/>\n<meta property=\"og:description\" content=\"La violencia escolar y la prevenci\u00f3n del conflicto\" \/>\n<meta property=\"og:url\" content=\"https:\/\/www.on-school.com\/blog\/la-violencia-escolar-y-la-prevencion-del-conflicto\/\" \/>\n<meta property=\"og:site_name\" content=\"On-School\" \/>\n<meta property=\"article:publisher\" content=\"https:\/\/www.facebook.com\/pages\/On-School-Plataforma-Educativa-Virtual\/359347014214506\" \/>\n<meta property=\"article:author\" content=\"https:\/\/www.facebook.com\/jolusafe5\" \/>\n<meta property=\"article:published_time\" content=\"2014-12-11T22:45:32+00:00\" \/>\n<meta property=\"article:modified_time\" content=\"2015-03-09T23:06:12+00:00\" \/>\n<meta property=\"og:image\" content=\"https:\/\/www.on-school.com\/blog\/wp-content\/uploads\/2015\/03\/DSC02598-ij1-1024x758.jpg\" \/>\n\t<meta property=\"og:image:width\" content=\"1024\" \/>\n\t<meta property=\"og:image:height\" content=\"758\" \/>\n\t<meta property=\"og:image:type\" content=\"image\/jpeg\" \/>\n<meta name=\"author\" content=\"jolusafe5\" \/>\n<meta name=\"twitter:card\" content=\"summary_large_image\" \/>\n<meta name=\"twitter:creator\" content=\"@jolusafe5\" \/>\n<meta name=\"twitter:site\" content=\"@dannyrq0103\" \/>\n<meta name=\"twitter:label1\" content=\"Written by\" \/>\n\t<meta name=\"twitter:data1\" content=\"jolusafe5\" \/>\n\t<meta name=\"twitter:label2\" content=\"Est. reading time\" \/>\n\t<meta name=\"twitter:data2\" content=\"2 minutes\" \/>\n<script type=\"application\/ld+json\" class=\"yoast-schema-graph\">{\"@context\":\"https:\\\/\\\/schema.org\",\"@graph\":[{\"@type\":\"Article\",\"@id\":\"https:\\\/\\\/www.on-school.com\\\/blog\\\/la-violencia-escolar-y-la-prevencion-del-conflicto\\\/#article\",\"isPartOf\":{\"@id\":\"https:\\\/\\\/www.on-school.com\\\/blog\\\/la-violencia-escolar-y-la-prevencion-del-conflicto\\\/\"},\"author\":{\"name\":\"jolusafe5\",\"@id\":\"https:\\\/\\\/www.on-school.com\\\/blog\\\/#\\\/schema\\\/person\\\/60396eb2dba803d5c761e33f467a0e58\"},\"headline\":\"La violencia escolar y la prevenci\u00f3n del conflicto\",\"datePublished\":\"2014-12-11T22:45:32+00:00\",\"dateModified\":\"2015-03-09T23:06:12+00:00\",\"mainEntityOfPage\":{\"@id\":\"https:\\\/\\\/www.on-school.com\\\/blog\\\/la-violencia-escolar-y-la-prevencion-del-conflicto\\\/\"},\"wordCount\":340,\"commentCount\":0,\"publisher\":{\"@id\":\"https:\\\/\\\/www.on-school.com\\\/blog\\\/#organization\"},\"image\":{\"@id\":\"https:\\\/\\\/www.on-school.com\\\/blog\\\/la-violencia-escolar-y-la-prevencion-del-conflicto\\\/#primaryimage\"},\"thumbnailUrl\":\"https:\\\/\\\/www.on-school.com\\\/blog\\\/wp-content\\\/uploads\\\/2015\\\/03\\\/DSC02598-ij1.jpg\",\"keywords\":[\"Arellano\",\"Berbeito\",\"Careita\",\"Cascon\",\"Conflict\",\"Conflicto\",\"Lederach\",\"prevenci\u00f3n del conflicto\",\"Prevention of the Conflict\",\"Violence\",\"violencia\"],\"articleSection\":[\"Art\u00edculos\"],\"inLanguage\":\"en-US\",\"potentialAction\":[{\"@type\":\"CommentAction\",\"name\":\"Comment\",\"target\":[\"https:\\\/\\\/www.on-school.com\\\/blog\\\/la-violencia-escolar-y-la-prevencion-del-conflicto\\\/#respond\"]}]},{\"@type\":\"WebPage\",\"@id\":\"https:\\\/\\\/www.on-school.com\\\/blog\\\/la-violencia-escolar-y-la-prevencion-del-conflicto\\\/\",\"url\":\"https:\\\/\\\/www.on-school.com\\\/blog\\\/la-violencia-escolar-y-la-prevencion-del-conflicto\\\/\",\"name\":\"La violencia escolar y la prevenci\u00f3n del conflicto - On-School\",\"isPartOf\":{\"@id\":\"https:\\\/\\\/www.on-school.com\\\/blog\\\/#website\"},\"primaryImageOfPage\":{\"@id\":\"https:\\\/\\\/www.on-school.com\\\/blog\\\/la-violencia-escolar-y-la-prevencion-del-conflicto\\\/#primaryimage\"},\"image\":{\"@id\":\"https:\\\/\\\/www.on-school.com\\\/blog\\\/la-violencia-escolar-y-la-prevencion-del-conflicto\\\/#primaryimage\"},\"thumbnailUrl\":\"https:\\\/\\\/www.on-school.com\\\/blog\\\/wp-content\\\/uploads\\\/2015\\\/03\\\/DSC02598-ij1.jpg\",\"datePublished\":\"2014-12-11T22:45:32+00:00\",\"dateModified\":\"2015-03-09T23:06:12+00:00\",\"description\":\"La violencia escolar y la prevenci\u00f3n del conflicto\",\"breadcrumb\":{\"@id\":\"https:\\\/\\\/www.on-school.com\\\/blog\\\/la-violencia-escolar-y-la-prevencion-del-conflicto\\\/#breadcrumb\"},\"inLanguage\":\"en-US\",\"potentialAction\":[{\"@type\":\"ReadAction\",\"target\":[\"https:\\\/\\\/www.on-school.com\\\/blog\\\/la-violencia-escolar-y-la-prevencion-del-conflicto\\\/\"]}]},{\"@type\":\"ImageObject\",\"inLanguage\":\"en-US\",\"@id\":\"https:\\\/\\\/www.on-school.com\\\/blog\\\/la-violencia-escolar-y-la-prevencion-del-conflicto\\\/#primaryimage\",\"url\":\"https:\\\/\\\/www.on-school.com\\\/blog\\\/wp-content\\\/uploads\\\/2015\\\/03\\\/DSC02598-ij1.jpg\",\"contentUrl\":\"https:\\\/\\\/www.on-school.com\\\/blog\\\/wp-content\\\/uploads\\\/2015\\\/03\\\/DSC02598-ij1.jpg\",\"width\":3292,\"height\":2437,\"caption\":\"Manejo de conflictos\"},{\"@type\":\"BreadcrumbList\",\"@id\":\"https:\\\/\\\/www.on-school.com\\\/blog\\\/la-violencia-escolar-y-la-prevencion-del-conflicto\\\/#breadcrumb\",\"itemListElement\":[{\"@type\":\"ListItem\",\"position\":1,\"name\":\"Inicio\",\"item\":\"https:\\\/\\\/www.on-school.com\\\/blog\\\/\"},{\"@type\":\"ListItem\",\"position\":2,\"name\":\"La violencia escolar y la prevenci\u00f3n del conflicto\"}]},{\"@type\":\"WebSite\",\"@id\":\"https:\\\/\\\/www.on-school.com\\\/blog\\\/#website\",\"url\":\"https:\\\/\\\/www.on-school.com\\\/blog\\\/\",\"name\":\"On-School\",\"description\":\"Aula Virtual Educativa\",\"publisher\":{\"@id\":\"https:\\\/\\\/www.on-school.com\\\/blog\\\/#organization\"},\"potentialAction\":[{\"@type\":\"SearchAction\",\"target\":{\"@type\":\"EntryPoint\",\"urlTemplate\":\"https:\\\/\\\/www.on-school.com\\\/blog\\\/?s={search_term_string}\"},\"query-input\":{\"@type\":\"PropertyValueSpecification\",\"valueRequired\":true,\"valueName\":\"search_term_string\"}}],\"inLanguage\":\"en-US\"},{\"@type\":\"Organization\",\"@id\":\"https:\\\/\\\/www.on-school.com\\\/blog\\\/#organization\",\"name\":\"On-School\",\"url\":\"https:\\\/\\\/www.on-school.com\\\/blog\\\/\",\"logo\":{\"@type\":\"ImageObject\",\"inLanguage\":\"en-US\",\"@id\":\"https:\\\/\\\/www.on-school.com\\\/blog\\\/#\\\/schema\\\/logo\\\/image\\\/\",\"url\":\"https:\\\/\\\/www.on-school.com\\\/blog\\\/wp-content\\\/uploads\\\/2025\\\/09\\\/logoNewSchool.jpg\",\"contentUrl\":\"https:\\\/\\\/www.on-school.com\\\/blog\\\/wp-content\\\/uploads\\\/2025\\\/09\\\/logoNewSchool.jpg\",\"width\":778,\"height\":777,\"caption\":\"On-School\"},\"image\":{\"@id\":\"https:\\\/\\\/www.on-school.com\\\/blog\\\/#\\\/schema\\\/logo\\\/image\\\/\"},\"sameAs\":[\"https:\\\/\\\/www.facebook.com\\\/pages\\\/On-School-Plataforma-Educativa-Virtual\\\/359347014214506\",\"https:\\\/\\\/x.com\\\/dannyrq0103\"]},{\"@type\":\"Person\",\"@id\":\"https:\\\/\\\/www.on-school.com\\\/blog\\\/#\\\/schema\\\/person\\\/60396eb2dba803d5c761e33f467a0e58\",\"name\":\"jolusafe5\",\"image\":{\"@type\":\"ImageObject\",\"inLanguage\":\"en-US\",\"@id\":\"https:\\\/\\\/secure.gravatar.com\\\/avatar\\\/d2a6967d3c1736c22d3eca3839cb5260e71ac1ef16ce076cb36aeea8ca491315?s=96&d=mm&r=g\",\"url\":\"https:\\\/\\\/secure.gravatar.com\\\/avatar\\\/d2a6967d3c1736c22d3eca3839cb5260e71ac1ef16ce076cb36aeea8ca491315?s=96&d=mm&r=g\",\"contentUrl\":\"https:\\\/\\\/secure.gravatar.com\\\/avatar\\\/d2a6967d3c1736c22d3eca3839cb5260e71ac1ef16ce076cb36aeea8ca491315?s=96&d=mm&r=g\",\"caption\":\"jolusafe5\"},\"description\":\"Apasionado por los temas educativos, ciencias sociales y tecnolog\u00eda. Ingeniero en Computaci\u00f3n y Sistemas por la Universidad Popular Aut\u00f3noma del Estado de Puebla (UPAEP) . Maestr\u00eda en Inform\u00e1tica Aplicada por el Instituto Tecnol\u00f3gico y de Estudios Superiores de Occidente (ITESO). Estudiante de Maestr\u00eda en Inteligencia Artificial por ALINNCO.\",\"sameAs\":[\"http:\\\/\\\/www.on-school.com\",\"https:\\\/\\\/www.facebook.com\\\/jolusafe5\",\"https:\\\/\\\/x.com\\\/jolusafe5\"],\"url\":\"https:\\\/\\\/www.on-school.com\\\/blog\\\/author\\\/jolusafe5\\\/\"}]}<\/script>\n<!-- \/ Yoast SEO plugin. -->","yoast_head_json":{"title":"La violencia escolar y la prevenci\u00f3n del conflicto - On-School","description":"La violencia escolar y la prevenci\u00f3n del conflicto","robots":{"index":"index","follow":"follow","max-snippet":"max-snippet:-1","max-image-preview":"max-image-preview:large","max-video-preview":"max-video-preview:-1"},"canonical":"https:\/\/www.on-school.com\/blog\/la-violencia-escolar-y-la-prevencion-del-conflicto\/","og_locale":"en_US","og_type":"article","og_title":"La violencia escolar y la prevenci\u00f3n del conflicto - On-School","og_description":"La violencia escolar y la prevenci\u00f3n del conflicto","og_url":"https:\/\/www.on-school.com\/blog\/la-violencia-escolar-y-la-prevencion-del-conflicto\/","og_site_name":"On-School","article_publisher":"https:\/\/www.facebook.com\/pages\/On-School-Plataforma-Educativa-Virtual\/359347014214506","article_author":"https:\/\/www.facebook.com\/jolusafe5","article_published_time":"2014-12-11T22:45:32+00:00","article_modified_time":"2015-03-09T23:06:12+00:00","og_image":[{"width":1024,"height":758,"url":"https:\/\/www.on-school.com\/blog\/wp-content\/uploads\/2015\/03\/DSC02598-ij1-1024x758.jpg","type":"image\/jpeg"}],"author":"jolusafe5","twitter_card":"summary_large_image","twitter_creator":"@jolusafe5","twitter_site":"@dannyrq0103","twitter_misc":{"Written by":"jolusafe5","Est. reading time":"2 minutes"},"schema":{"@context":"https:\/\/schema.org","@graph":[{"@type":"Article","@id":"https:\/\/www.on-school.com\/blog\/la-violencia-escolar-y-la-prevencion-del-conflicto\/#article","isPartOf":{"@id":"https:\/\/www.on-school.com\/blog\/la-violencia-escolar-y-la-prevencion-del-conflicto\/"},"author":{"name":"jolusafe5","@id":"https:\/\/www.on-school.com\/blog\/#\/schema\/person\/60396eb2dba803d5c761e33f467a0e58"},"headline":"La violencia escolar y la prevenci\u00f3n del conflicto","datePublished":"2014-12-11T22:45:32+00:00","dateModified":"2015-03-09T23:06:12+00:00","mainEntityOfPage":{"@id":"https:\/\/www.on-school.com\/blog\/la-violencia-escolar-y-la-prevencion-del-conflicto\/"},"wordCount":340,"commentCount":0,"publisher":{"@id":"https:\/\/www.on-school.com\/blog\/#organization"},"image":{"@id":"https:\/\/www.on-school.com\/blog\/la-violencia-escolar-y-la-prevencion-del-conflicto\/#primaryimage"},"thumbnailUrl":"https:\/\/www.on-school.com\/blog\/wp-content\/uploads\/2015\/03\/DSC02598-ij1.jpg","keywords":["Arellano","Berbeito","Careita","Cascon","Conflict","Conflicto","Lederach","prevenci\u00f3n del conflicto","Prevention of the Conflict","Violence","violencia"],"articleSection":["Art\u00edculos"],"inLanguage":"en-US","potentialAction":[{"@type":"CommentAction","name":"Comment","target":["https:\/\/www.on-school.com\/blog\/la-violencia-escolar-y-la-prevencion-del-conflicto\/#respond"]}]},{"@type":"WebPage","@id":"https:\/\/www.on-school.com\/blog\/la-violencia-escolar-y-la-prevencion-del-conflicto\/","url":"https:\/\/www.on-school.com\/blog\/la-violencia-escolar-y-la-prevencion-del-conflicto\/","name":"La violencia escolar y la prevenci\u00f3n del conflicto - On-School","isPartOf":{"@id":"https:\/\/www.on-school.com\/blog\/#website"},"primaryImageOfPage":{"@id":"https:\/\/www.on-school.com\/blog\/la-violencia-escolar-y-la-prevencion-del-conflicto\/#primaryimage"},"image":{"@id":"https:\/\/www.on-school.com\/blog\/la-violencia-escolar-y-la-prevencion-del-conflicto\/#primaryimage"},"thumbnailUrl":"https:\/\/www.on-school.com\/blog\/wp-content\/uploads\/2015\/03\/DSC02598-ij1.jpg","datePublished":"2014-12-11T22:45:32+00:00","dateModified":"2015-03-09T23:06:12+00:00","description":"La violencia escolar y la prevenci\u00f3n del conflicto","breadcrumb":{"@id":"https:\/\/www.on-school.com\/blog\/la-violencia-escolar-y-la-prevencion-del-conflicto\/#breadcrumb"},"inLanguage":"en-US","potentialAction":[{"@type":"ReadAction","target":["https:\/\/www.on-school.com\/blog\/la-violencia-escolar-y-la-prevencion-del-conflicto\/"]}]},{"@type":"ImageObject","inLanguage":"en-US","@id":"https:\/\/www.on-school.com\/blog\/la-violencia-escolar-y-la-prevencion-del-conflicto\/#primaryimage","url":"https:\/\/www.on-school.com\/blog\/wp-content\/uploads\/2015\/03\/DSC02598-ij1.jpg","contentUrl":"https:\/\/www.on-school.com\/blog\/wp-content\/uploads\/2015\/03\/DSC02598-ij1.jpg","width":3292,"height":2437,"caption":"Manejo de conflictos"},{"@type":"BreadcrumbList","@id":"https:\/\/www.on-school.com\/blog\/la-violencia-escolar-y-la-prevencion-del-conflicto\/#breadcrumb","itemListElement":[{"@type":"ListItem","position":1,"name":"Inicio","item":"https:\/\/www.on-school.com\/blog\/"},{"@type":"ListItem","position":2,"name":"La violencia escolar y la prevenci\u00f3n del conflicto"}]},{"@type":"WebSite","@id":"https:\/\/www.on-school.com\/blog\/#website","url":"https:\/\/www.on-school.com\/blog\/","name":"On-School","description":"Aula Virtual Educativa","publisher":{"@id":"https:\/\/www.on-school.com\/blog\/#organization"},"potentialAction":[{"@type":"SearchAction","target":{"@type":"EntryPoint","urlTemplate":"https:\/\/www.on-school.com\/blog\/?s={search_term_string}"},"query-input":{"@type":"PropertyValueSpecification","valueRequired":true,"valueName":"search_term_string"}}],"inLanguage":"en-US"},{"@type":"Organization","@id":"https:\/\/www.on-school.com\/blog\/#organization","name":"On-School","url":"https:\/\/www.on-school.com\/blog\/","logo":{"@type":"ImageObject","inLanguage":"en-US","@id":"https:\/\/www.on-school.com\/blog\/#\/schema\/logo\/image\/","url":"https:\/\/www.on-school.com\/blog\/wp-content\/uploads\/2025\/09\/logoNewSchool.jpg","contentUrl":"https:\/\/www.on-school.com\/blog\/wp-content\/uploads\/2025\/09\/logoNewSchool.jpg","width":778,"height":777,"caption":"On-School"},"image":{"@id":"https:\/\/www.on-school.com\/blog\/#\/schema\/logo\/image\/"},"sameAs":["https:\/\/www.facebook.com\/pages\/On-School-Plataforma-Educativa-Virtual\/359347014214506","https:\/\/x.com\/dannyrq0103"]},{"@type":"Person","@id":"https:\/\/www.on-school.com\/blog\/#\/schema\/person\/60396eb2dba803d5c761e33f467a0e58","name":"jolusafe5","image":{"@type":"ImageObject","inLanguage":"en-US","@id":"https:\/\/secure.gravatar.com\/avatar\/d2a6967d3c1736c22d3eca3839cb5260e71ac1ef16ce076cb36aeea8ca491315?s=96&d=mm&r=g","url":"https:\/\/secure.gravatar.com\/avatar\/d2a6967d3c1736c22d3eca3839cb5260e71ac1ef16ce076cb36aeea8ca491315?s=96&d=mm&r=g","contentUrl":"https:\/\/secure.gravatar.com\/avatar\/d2a6967d3c1736c22d3eca3839cb5260e71ac1ef16ce076cb36aeea8ca491315?s=96&d=mm&r=g","caption":"jolusafe5"},"description":"Apasionado por los temas educativos, ciencias sociales y tecnolog\u00eda. Ingeniero en Computaci\u00f3n y Sistemas por la Universidad Popular Aut\u00f3noma del Estado de Puebla (UPAEP) . Maestr\u00eda en Inform\u00e1tica Aplicada por el Instituto Tecnol\u00f3gico y de Estudios Superiores de Occidente (ITESO). Estudiante de Maestr\u00eda en Inteligencia Artificial por ALINNCO.","sameAs":["http:\/\/www.on-school.com","https:\/\/www.facebook.com\/jolusafe5","https:\/\/x.com\/jolusafe5"],"url":"https:\/\/www.on-school.com\/blog\/author\/jolusafe5\/"}]}},"jetpack_publicize_connections":[],"jetpack_featured_media_url":"https:\/\/www.on-school.com\/blog\/wp-content\/uploads\/2015\/03\/DSC02598-ij1.jpg","jetpack_shortlink":"https:\/\/wp.me\/p4Yboc-cd","jetpack_sharing_enabled":true,"jetpack-related-posts":[{"id":830,"url":"https:\/\/www.on-school.com\/blog\/investigacion-violencia-escolar-en-mexico-y-otros-paises\/","url_meta":{"origin":757,"position":0},"title":"Investigaci\u00f3n: Violencia escolar en M\u00e9xico y otros pa\u00edses","author":"jolusafe5","date":"06\/05\/2015","format":false,"excerpt":"El presente art\u00edculo completo en Ingl\u00e9s lo puedes encontrar en el siguiente link:\u00a0Investigaci\u00f3n: Violencia escolar en M\u00e9xico y otros pa\u00edses Resumen: Este estudio analiza la magnitud de la violencia reportada por los estudiantes de primaria y secundaria en M\u00e9xico en el documento titulado \"La disciplina, la violencia y el consumo\u2026","rel":"","context":"In &quot;Art\u00edculos&quot;","block_context":{"text":"Art\u00edculos","link":"https:\/\/www.on-school.com\/blog\/category\/biblioteca\/articulos\/"},"img":{"alt_text":"Violencia escolar","src":"https:\/\/i0.wp.com\/www.on-school.com\/blog\/wp-content\/uploads\/2015\/05\/violence-in-children-031.jpg?resize=350%2C200&ssl=1","width":350,"height":200,"srcset":"https:\/\/i0.wp.com\/www.on-school.com\/blog\/wp-content\/uploads\/2015\/05\/violence-in-children-031.jpg?resize=350%2C200&ssl=1 1x, https:\/\/i0.wp.com\/www.on-school.com\/blog\/wp-content\/uploads\/2015\/05\/violence-in-children-031.jpg?resize=525%2C300&ssl=1 1.5x"},"classes":[]},{"id":61,"url":"https:\/\/www.on-school.com\/blog\/ejemplo-de-actividad-manejo-de-conflictos-en-el-hogar-o-la-escuela\/","url_meta":{"origin":757,"position":1},"title":"Ejemplo de actividad: manejo de conflictos en el hogar o la escuela.","author":"Daniela Robles","date":"29\/08\/2014","format":false,"excerpt":"TEMA: CONFLICTO. ACTIVIDAD: Juguemos a la familia. OBJETIVOS: El alumn@ tendr\u00e1 una inducci\u00f3n al taller de educaci\u00f3n para la paz. El alumn@ manejara estrategias para prevenir situaciones de guerra familiar, entre amig@s, entre instituciones. MATERIAL: Experiencias de los alumn@s Revistas Cartulinas Tijeras Resistol Abate lenguas de colores Cartulina con el\u2026","rel":"","context":"In &quot;Ciencias de la Educaci\u00f3n&quot;","block_context":{"text":"Ciencias de la Educaci\u00f3n","link":"https:\/\/www.on-school.com\/blog\/category\/ciencias-de-la-educacion\/"},"img":{"alt_text":"Celos","src":"https:\/\/i0.wp.com\/www.on-school.com\/blog\/wp-content\/uploads\/2014\/08\/Celos-infantiles1.jpg?resize=350%2C200&ssl=1","width":350,"height":200,"srcset":"https:\/\/i0.wp.com\/www.on-school.com\/blog\/wp-content\/uploads\/2014\/08\/Celos-infantiles1.jpg?resize=350%2C200&ssl=1 1x, https:\/\/i0.wp.com\/www.on-school.com\/blog\/wp-content\/uploads\/2014\/08\/Celos-infantiles1.jpg?resize=525%2C300&ssl=1 1.5x"},"classes":[]},{"id":1101,"url":"https:\/\/www.on-school.com\/blog\/que-se-puede-hacer-en-un-caso-severo-de-acoso-escolar\/","url_meta":{"origin":757,"position":2},"title":"\u00bfQu\u00e9 se puede hacer en un caso severo de acoso escolar?","author":"jolusafe5","date":"02\/12\/2015","format":false,"excerpt":"El presente problema y sugerencias fueron recopiladas del grupo Maestros en Servicio. Un profesor perteneciente a este grupo expresa que tiene un problema con un alumno\u00a0el cual es molestado por otro grupito de sus compa\u00f1eros. El profesor expresa que el alumno acosado no tiene malos antecedentes, sino que por lo\u2026","rel":"","context":"In &quot;Problemas escolares&quot;","block_context":{"text":"Problemas escolares","link":"https:\/\/www.on-school.com\/blog\/category\/problemas-escolares\/"},"img":{"alt_text":"M\u00e9xico ocupa el primer lugar en bullyng","src":"https:\/\/i0.wp.com\/www.on-school.com\/blog\/wp-content\/uploads\/2015\/12\/mexico_ocupa_primer_lugar_en_bullying1.jpg?resize=350%2C200&ssl=1","width":350,"height":200,"srcset":"https:\/\/i0.wp.com\/www.on-school.com\/blog\/wp-content\/uploads\/2015\/12\/mexico_ocupa_primer_lugar_en_bullying1.jpg?resize=350%2C200&ssl=1 1x, https:\/\/i0.wp.com\/www.on-school.com\/blog\/wp-content\/uploads\/2015\/12\/mexico_ocupa_primer_lugar_en_bullying1.jpg?resize=525%2C300&ssl=1 1.5x"},"classes":[]},{"id":165,"url":"https:\/\/www.on-school.com\/blog\/conoce-el-pensamiento-bourdieu\/","url_meta":{"origin":757,"position":3},"title":"Conoce el pensamiento Bourdieu&#8230;","author":"Daniela Robles","date":"12\/09\/2014","format":false,"excerpt":"El presente trabajo analiza la teor\u00eda de la reproducci\u00f3n social desde la perspectiva del autor Pierre Bourdieu. Pierre Bourdieu es un profesor de Francia y Argelia que trabajo en el fondo de la investigaci\u00f3n social de la educaci\u00f3n, la cultura, los medios de comunicaci\u00f3n y las formas de vida.\u00a0 El\u2026","rel":"","context":"In &quot;Ciencias de la Educaci\u00f3n&quot;","block_context":{"text":"Ciencias de la Educaci\u00f3n","link":"https:\/\/www.on-school.com\/blog\/category\/ciencias-de-la-educacion\/"},"img":{"alt_text":"Bourdieu","src":"https:\/\/i0.wp.com\/www.on-school.com\/blog\/wp-content\/uploads\/2014\/09\/bourdieu21.jpg?resize=350%2C200&ssl=1","width":350,"height":200,"srcset":"https:\/\/i0.wp.com\/www.on-school.com\/blog\/wp-content\/uploads\/2014\/09\/bourdieu21.jpg?resize=350%2C200&ssl=1 1x, https:\/\/i0.wp.com\/www.on-school.com\/blog\/wp-content\/uploads\/2014\/09\/bourdieu21.jpg?resize=525%2C300&ssl=1 1.5x"},"classes":[]},{"id":1524,"url":"https:\/\/www.on-school.com\/blog\/que-temas-platicar-en-una-reunion-de-escuela-para-padres-o-en-una-junta-de-padres-de-familia\/","url_meta":{"origin":757,"position":4},"title":"\u00bfQu\u00e9 temas platicar en una reuni\u00f3n de Escuela para Padres o en una Junta de Padres de Familia?","author":"jolusafe5","date":"10\/09\/2019","format":false,"excerpt":"Reuni\u00f3n Padres de Familia Platicando entre varios colegas maestras y maestros sobre que temas se pueden tocar en una reuni\u00f3n de Escuela para Padres, se decidi\u00f3 hacer una reuni\u00f3n grupal entre profesores para proponer temas que se pudieran exponer en la Escuela para Padres. Despu\u00e9s de una larga pl\u00e1tica y\u2026","rel":"","context":"In &quot;Estrategias del aprendizaje y ense\u00f1anza&quot;","block_context":{"text":"Estrategias del aprendizaje y ense\u00f1anza","link":"https:\/\/www.on-school.com\/blog\/category\/procesos-educativos\/estrategias-del-aprendizaje-y-ensenanza\/"},"img":{"alt_text":"Reuni\u00f3n Padres de Familia","src":"https:\/\/i0.wp.com\/www.on-school.com\/blog\/wp-content\/uploads\/2019\/09\/reunion-padres-familia-2015-0061.jpg?resize=350%2C200&ssl=1","width":350,"height":200,"srcset":"https:\/\/i0.wp.com\/www.on-school.com\/blog\/wp-content\/uploads\/2019\/09\/reunion-padres-familia-2015-0061.jpg?resize=350%2C200&ssl=1 1x, https:\/\/i0.wp.com\/www.on-school.com\/blog\/wp-content\/uploads\/2019\/09\/reunion-padres-familia-2015-0061.jpg?resize=525%2C300&ssl=1 1.5x, https:\/\/i0.wp.com\/www.on-school.com\/blog\/wp-content\/uploads\/2019\/09\/reunion-padres-familia-2015-0061.jpg?resize=700%2C400&ssl=1 2x"},"classes":[]},{"id":183,"url":"https:\/\/www.on-school.com\/blog\/cual-es-el-analisis-de-las-instituciones\/","url_meta":{"origin":757,"position":5},"title":"\u00bfC\u00faal es el an\u00e1lisis de las instituciones?","author":"Daniela Robles","date":"17\/09\/2014","format":false,"excerpt":"Extractado de Frigerio, Graciela y Margarita Poggi: Las instituciones educativas. Cara y ceca \u00a0 Para comenzar a mirar nuestras propias instituciones, es importante reconocer algunas categor\u00edas explicativas que nos permitan ampliar nuestro horizonte a la hora de pensar en el lugar en donde se desarrollan pr\u00e1cticas cotidianas y muchas veces\u2026","rel":"","context":"In &quot;Ciencias de la Educaci\u00f3n&quot;","block_context":{"text":"Ciencias de la Educaci\u00f3n","link":"https:\/\/www.on-school.com\/blog\/category\/ciencias-de-la-educacion\/"},"img":{"alt_text":"Educaci\u00f3n","src":"https:\/\/i0.wp.com\/www.on-school.com\/blog\/wp-content\/uploads\/2014\/08\/education1.jpg?resize=350%2C200&ssl=1","width":350,"height":200},"classes":[]}],"jetpack_likes_enabled":true,"_links":{"self":[{"href":"https:\/\/www.on-school.com\/blog\/wp-json\/wp\/v2\/posts\/757","targetHints":{"allow":["GET"]}}],"collection":[{"href":"https:\/\/www.on-school.com\/blog\/wp-json\/wp\/v2\/posts"}],"about":[{"href":"https:\/\/www.on-school.com\/blog\/wp-json\/wp\/v2\/types\/post"}],"author":[{"embeddable":true,"href":"https:\/\/www.on-school.com\/blog\/wp-json\/wp\/v2\/users\/1"}],"replies":[{"embeddable":true,"href":"https:\/\/www.on-school.com\/blog\/wp-json\/wp\/v2\/comments?post=757"}],"version-history":[{"count":3,"href":"https:\/\/www.on-school.com\/blog\/wp-json\/wp\/v2\/posts\/757\/revisions"}],"predecessor-version":[{"id":761,"href":"https:\/\/www.on-school.com\/blog\/wp-json\/wp\/v2\/posts\/757\/revisions\/761"}],"wp:featuredmedia":[{"embeddable":true,"href":"https:\/\/www.on-school.com\/blog\/wp-json\/wp\/v2\/media\/758"}],"wp:attachment":[{"href":"https:\/\/www.on-school.com\/blog\/wp-json\/wp\/v2\/media?parent=757"}],"wp:term":[{"taxonomy":"category","embeddable":true,"href":"https:\/\/www.on-school.com\/blog\/wp-json\/wp\/v2\/categories?post=757"},{"taxonomy":"post_tag","embeddable":true,"href":"https:\/\/www.on-school.com\/blog\/wp-json\/wp\/v2\/tags?post=757"}],"curies":[{"name":"wp","href":"https:\/\/api.w.org\/{rel}","templated":true}]}}