{"id":566,"date":"2014-11-28T23:20:14","date_gmt":"2014-11-29T05:20:14","guid":{"rendered":"http:\/\/www.on-school.com\/blog\/?p=566"},"modified":"2014-12-14T23:26:52","modified_gmt":"2014-12-15T05:26:52","slug":"las-competencias-educativas-y-su-actualidad","status":"publish","type":"post","link":"https:\/\/www.on-school.com\/blog\/las-competencias-educativas-y-su-actualidad\/","title":{"rendered":"Las competencias educativas y su actualidad"},"content":{"rendered":"<p>Las reflexiones que pueden hacerse respecto del tema y de sus consecuencias sobre la educaci\u00f3n son muchas y de variada naturaleza. Este trabajo procura dar respuesta a preguntas que para el objetivo del estudio, tienen prioridad:<\/p>\n<p>1. \u00bfC\u00f3mo es que se ha llegado a optar por un enfoque por competencias como alternativa para la educaci\u00f3n?<br \/>\n2. \u00bfC\u00f3mo se definen las competencias? \u00bfCu\u00e1les atributos pueden considerarse centrales en una definici\u00f3n de competencia?<br \/>\n3. \u00bfQu\u00e9 variaciones exhiben las definiciones dependiendo de los atributos centrales y las concepciones te\u00f3rico-explicativas en que se sustentan?<br \/>\n4. \u00bfCu\u00e1les son los tipos de competencias educativas y modelos actuales en la educaci\u00f3n de las ciencias?<\/p>\n<figure id=\"attachment_567\" aria-describedby=\"caption-attachment-567\" style=\"width: 425px\" class=\"wp-caption aligncenter\"><a href=\"http:\/\/www.on-school.com\/blog\/wp-content\/uploads\/2014\/12\/fotolia_732248_XS1.jpg\"><img fetchpriority=\"high\" decoding=\"async\" class=\"size-full wp-image-567\" src=\"http:\/\/www.on-school.com\/blog\/wp-content\/uploads\/2014\/12\/fotolia_732248_XS1.jpg\" alt=\"Habilidad lectora\" width=\"425\" height=\"282\" srcset=\"https:\/\/www.on-school.com\/blog\/wp-content\/uploads\/2014\/12\/fotolia_732248_XS1.jpg 425w, https:\/\/www.on-school.com\/blog\/wp-content\/uploads\/2014\/12\/fotolia_732248_XS1-300x200.jpg 300w\" sizes=\"(max-width: 425px) 100vw, 425px\" \/><\/a><figcaption id=\"caption-attachment-567\" class=\"wp-caption-text\">Habilidad lectora<\/figcaption><\/figure>\n<p>La preocupaci\u00f3n por fortalecer la memorizaci\u00f3n, la certificaci\u00f3n de conocimientos ha sobredimensionado la funci\u00f3n de los centros educativos como instituciones legitimadoras de la transmisi\u00f3n del saber y ha perdido de alg\u00fan modo el contacto con la vida cotidiana. En forma congruente, a esta visi\u00f3n de la educaci\u00f3n, la evaluaci\u00f3n del rendimiento escolar desatiende la formaci\u00f3n de capacidades para centrarse en saberes codificados comportamientos espec\u00edficos. Se sustenta en certificados y t\u00edtulos de estudio que por lo general expresan cuantificando en cifras, lo que el alumno sabe o reconoce acerca de algo, y no la manera de enfrentar situaciones.<\/p>\n<p>La educaci\u00f3n tradicional influenciada principalmente por la l\u00f3gica de las disciplinas y la l\u00f3gica del comportamiento, ha acogido pr\u00e1cticas de planear y evaluar la acci\u00f3n educativa, mediante el uso de programas de objetivos de aprendizaje espec\u00edficos en una cadena de unidades individuales que se traducen en p\u00e9rdida de significado para el proceso de aprendizaje porque el saber est\u00e1 frecuentemente alejado de la vida (Roegiers,2008) Los programas carecen de flexibilidad estructural alguna, fragmentando y desarticulando el conocimiento en micro-objetivos y recortes secuenciales traducidos a su vez en micro-unidades que pierden el car\u00e1cter de globalidad que requiere el conocimiento (Jonnaert, 2002).En lugar de orientarse a las demandas externas , que debieran fungir como fuente y criterio de evaluaci\u00f3n y que est\u00e1n inscritas en una l\u00f3gica de situaciones como explica Jonnaert(2006)<\/p>\n<p>Se persiste en basar la ense\u00f1anza en contenidos disciplinarios y comportamentales sin dar cabida a complementar estos enfoques con otros componentes que enriquezcan el aprendizaje y permitan al estudiante responder al mundo real. La escuela transmite conocimientos cuya articulaci\u00f3n n con las habilidades para actuar o para enfrentar la vida cotidiana. no se hace expl\u00edcita ante el alumno.<\/p>\n<p>Se \u201cdesvanece as\u00ed el sentido de la educaci\u00f3n\u201d como factor esencial del desarrollo de las capacidades humanas: Una buena parte de los conocimientos y competencias que se aprenden y se ense\u00f1an en las escuelas y en los institutos no son, en buena medida, los conocimientos que sirven para vivir con plenitud en la sociedad actual, y de que otros que s\u00ed servir\u00edan est\u00e1n ausentes o son objeto de una atenci\u00f3n bastante limitada. (Coll y Mart\u00edn, 2006).<\/p>\n<p>Si bien la educaci\u00f3n en todos los tiempos, ha tratado de mostrar un car\u00e1cter integrador de los conocimientos, identificando relaciones de interdisciplinariedad y trans-disciplinariedad, ofreciendo la estructura compleja e integrada que se requiere para que el conocimiento, en su conjunto, guarde sentido, deja sin embargo al estudiante la tarea de hacer el traslado de lo estrictamente acad\u00e9mico a las circunstancias externas complejas de la realidad , el estudiante tiene que identificar con su propios recursos ,los v\u00ednculos entre el mundo escolar y el mundo cotidiano, armar por su propia cuenta las adaptaciones que se requieren para que los saberes adquiridos en la escuela, satisfagan las demanda y necesidades de la vida real . No cabe duda de que el enfoque de transmisi\u00f3n del saber, por el saber mismo es una funci\u00f3n educativa necesaria para que alumno adquiera conocimientos y qu\u00e9 mejor que la escuela para transmitir el conocimiento disciplinar necesario que el estudiante debe asimilar para continuar su proceso educativo y ampliar su visi\u00f3n del mundo.<\/p>\n<p>No obstante, adem\u00e1s de la esencialidad de los contenidos disciplinares se requiere complementar el proceso educativo con componentes que atiendan a considerar puntualmente las expectativas externas, las que demanda la sociedad. La escuela tradicional descuida o brinda poca importancia a formar al estudiante no solo para adquirir saberes sino para poder enfrentar las situaciones complejas que el estudiante encontrar\u00e1 fuera del contexto escolar.<\/p>\n<p>Usualmente la realidad circundante tiene poca cabida en los programas escolares, no figura como punto de partida, ni para la organizaci\u00f3n pedag\u00f3gica, ni como fuente de evaluaci\u00f3n. Esta descontextualizaci\u00f3n y separaci\u00f3n arbitraria del conocimiento, ha ahondado la separaci\u00f3n entre el saber y hacer, la desvinculaci\u00f3n entre la teor\u00eda y la pr\u00e1ctica, la diferencia entre el mundo escolar y el mundo real.<\/p>\n<p>Aunque el estudiante posea el recurso, la teor\u00eda, el modelo, la definici\u00f3n o el hecho que se requiere, la aplicaci\u00f3n de los conocimientos que posee y, particularmente, su transferencia a situaciones diversas, resultar\u00e1 dif\u00edcil, justo porque la mayor\u00eda de las ense\u00f1anzas que recibe no son situadas en los contextos y en las situaciones pertinentes. Mientras las experiencias educativas s\u00f3lo soliciten al estudiante elegir entre los conocimientos que posee, cu\u00e1les hay que recordar para aprobar el examen, este aprendizaje no le ser\u00e1 suficiente para enfrentarse a la complejidad del mundo real.<\/p>\n<p>Los planteamientos y explicaciones de c\u00f3mo se aprende tienen una fuerte influencia en esta problem\u00e1tica. En la perspectiva del conductismo, el aprendizaje es un cambio en la forma del comportamiento en funci\u00f3n de los cambios del entorno que tiene como referente los principios del comportamiento en el aprendizaje cuya finalidad es modificar el comportamiento observable y medible de los estudiantes. La manera de inducir el aprendizaje es mediante encuentros con el ambiente externo.Contrariamente a la posici\u00f3n positivista, las teor\u00edas constructivistas definen el aprendizaje como un proceso de construcci\u00f3n donde el estudiante otorga valor al conocimiento que construye (Jonnaert, 2002).<\/p>\n<p>Lo que el estudiante construye parte de su propia experiencia, de un conjunto de acciones e interacciones con el objeto del conocimiento. Una manera de favorecer la construcci\u00f3n de conocimientos en el contexto escolar, es mediante la introducci\u00f3n de situaciones reales que son naturalmente complejas, como un medio para movilizar y garantizar, los recursos que el estudiante ha adquirido_ conceptos, reglas, procedimientos, teor\u00edas en el proceso educativo. Las situaciones presentan un desaf\u00edo real para el alumno, lo hacen revalorar las representaciones y los conocimientos personales, desarrollar capacidades, adquirir saberes complejos, integrar conocimientos. Las teor\u00edas psico-sociales han demostrado que cualquiera que sea el tipo de conocimiento, est\u00e1 estrechamente determinado por la situaci\u00f3n y el contexto, los saberes responden a las pr\u00e1cticas sociales de referencia. Los conocimientos son situados en los contextos y en las situaciones pertinentes dentro de las pr\u00e1cticas sociales establecidas (Jonnaert, 2002) No se trata de experiencias educativas artificiales, meramente ilustrativas sino de traer la vida al aula, presentar situaciones de vida, adem\u00e1s de situaciones de aprendizaje ligadas a la pr\u00e1ctica social, articular saberes en las situaciones en que deben ser movilizados.<\/p>\n<p>El siglo XXI genera necesidades educativas diferentes, que van m\u00e1s all\u00e1 de adquirir conocimientos estables y cerrados, la naturaleza del conocimiento es din\u00e1mica y abierta, est\u00e1 sujeta a transformaciones continuas, de un conocimiento que es viable mientras no sea refutado por los constantes y cada vez m\u00e1s r\u00e1pidos avances cient\u00edficos y tecnol\u00f3gicos. La formaci\u00f3n espec\u00edfica para trabajos espec\u00edficos tiende si no a desaparecer, si a transformarse muy r\u00e1pidamente.Habr\u00e1 que desarrollar en los alumnos habilidades m\u00e1s complejas e integradas como pensar estrat\u00e9gicamente, analizar contextos y condiciones, reflexionar sobre ellas, representar el espacio del problema, elegir entre los conocimientos que se tienen los pertinentes a la situaci\u00f3n, ponderar las restricciones, planificar maneras alternativas de soluci\u00f3n, evaluar el proceso completo, autocorregir la ruta. Valorar en fin, la necesidad de formar al alumno en aprender a aprender y en adquirir las capacidades para plantear y resolver problemas reales. Construir, junto con el alumno, un \u201cmapa de itinerarios\u201d alternativos que permita adem\u00e1s del dominio espec\u00edfico de los contenidos educativos, un adecuado equipamiento para enfrentarse a problemas aut\u00e9nticos del d\u00eda a d\u00eda.<\/p>\n<p>Una de las finalidades del presente estudio es presentar una pedagog\u00eda basada en la l\u00f3gica de las competencias como base para el desarrollo del curr\u00edculo. \u201cEl curr\u00edculo sigue siendo el foco intelectual y organizativo de los procesos educativos en los centros de ense\u00f1anza, el terreno donde se definen y debaten fines, contenidos y procesos, y, a fin de cuentas, el espacio donde grupos y actores se disputan el poder en las instituciones (D\u00edaz Barriga,2005,p.58).<\/p>\n<p>Se trata, como muy bien afirma Coll, no s\u00f3lo de comprender el concepto de competencia y su potencialidad transformadora del curr\u00edculo ,sino adem\u00e1s de saber por qu\u00e9 y para qu\u00e9 hablamos de competencias y adoptar una postura reflexivarespecto al enfoque basado en competencias dado que en cierto modo, \u201cinnovaci\u00f3n curricular se toma como sin\u00f3nimo de incorporaci\u00f3n de las novedades educativas del momento, sin una reflexi\u00f3n profunda sobre sus implicaciones, ni una previsi\u00f3n clara de su incorporaci\u00f3n a las estructuras curriculares, o a la realidad del aula, o pasando por alto la cultura y pr\u00e1cticas educativas prevalecientes en una comunidad educativa dada.\u201d (D\u00edaz, Barriga., 2005.p.66) Afin de tener una idea de la evoluci\u00f3n del concepto de competencia en el \u00e1mbito educativo, habr\u00e1 que reflexionar sobre diversos significados, revisar sus or\u00edgenes y, la problem\u00e1tica de su puesta en pr\u00e1ctica y evaluaci\u00f3n.<\/p>\n","protected":false},"excerpt":{"rendered":"<p>Las reflexiones que pueden hacerse respecto del tema y de sus consecuencias sobre la educaci\u00f3n son muchas y de variada naturaleza. Este trabajo procura dar respuesta a preguntas que para el objetivo del estudio, tienen prioridad: 1. \u00bfC\u00f3mo es que se ha llegado a optar por un enfoque por competencias como alternativa para la educaci\u00f3n? [&hellip;]<\/p>\n","protected":false},"author":1,"featured_media":567,"comment_status":"open","ping_status":"open","sticky":false,"template":"","format":"standard","meta":{"om_disable_all_campaigns":false,"_monsterinsights_skip_tracking":false,"_monsterinsights_sitenote_active":false,"_monsterinsights_sitenote_note":"","_monsterinsights_sitenote_category":0,"_uf_show_specific_survey":0,"_uf_disable_surveys":false,"jetpack_post_was_ever_published":false,"_jetpack_newsletter_access":"","_jetpack_dont_email_post_to_subs":false,"_jetpack_newsletter_tier_id":0,"_jetpack_memberships_contains_paywalled_content":false,"_jetpack_memberships_contains_paid_content":false,"footnotes":"","jetpack_publicize_message":"","jetpack_publicize_feature_enabled":true,"jetpack_social_post_already_shared":true,"jetpack_social_options":{"image_generator_settings":{"template":"highway","default_image_id":0,"font":"","enabled":false},"version":2}},"categories":[326],"tags":[613,615,612,614,616,609,617,618,611],"class_list":["post-566","post","type-post","status-publish","format-standard","has-post-thumbnail","hentry","category-estrategias-del-aprendizaje-y-ensenanza","tag-capacidades-humanas","tag-coll-y-martin","tag-competencias-educativas","tag-diaz-barriga","tag-educacion-tradicional","tag-jonnaert","tag-logica-de-disciplina","tag-logica-del-comportamiento","tag-roegiers"],"yoast_head":"<!-- This site is optimized with the Yoast SEO plugin v27.5 - https:\/\/yoast.com\/product\/yoast-seo-wordpress\/ -->\n<title>Las competencias educativas y su actualidad - On-School<\/title>\n<meta name=\"description\" content=\"Las competencias educativas y su actualidad\" \/>\n<meta name=\"robots\" content=\"index, follow, max-snippet:-1, max-image-preview:large, max-video-preview:-1\" \/>\n<link rel=\"canonical\" href=\"https:\/\/www.on-school.com\/blog\/las-competencias-educativas-y-su-actualidad\/\" \/>\n<meta property=\"og:locale\" content=\"en_US\" \/>\n<meta property=\"og:type\" content=\"article\" \/>\n<meta property=\"og:title\" content=\"Las competencias educativas y su actualidad - On-School\" \/>\n<meta property=\"og:description\" content=\"Las competencias educativas y su actualidad\" \/>\n<meta property=\"og:url\" content=\"https:\/\/www.on-school.com\/blog\/las-competencias-educativas-y-su-actualidad\/\" \/>\n<meta property=\"og:site_name\" content=\"On-School\" \/>\n<meta property=\"article:publisher\" content=\"https:\/\/www.facebook.com\/pages\/On-School-Plataforma-Educativa-Virtual\/359347014214506\" \/>\n<meta property=\"article:author\" content=\"https:\/\/www.facebook.com\/jolusafe5\" \/>\n<meta property=\"article:published_time\" content=\"2014-11-29T05:20:14+00:00\" \/>\n<meta property=\"article:modified_time\" content=\"2014-12-15T05:26:52+00:00\" \/>\n<meta property=\"og:image\" content=\"https:\/\/www.on-school.com\/blog\/wp-content\/uploads\/2014\/12\/fotolia_732248_XS1.jpg\" \/>\n\t<meta property=\"og:image:width\" content=\"425\" \/>\n\t<meta property=\"og:image:height\" content=\"282\" \/>\n\t<meta property=\"og:image:type\" content=\"image\/jpeg\" \/>\n<meta name=\"author\" content=\"jolusafe5\" \/>\n<meta name=\"twitter:card\" content=\"summary_large_image\" \/>\n<meta name=\"twitter:creator\" content=\"@jolusafe5\" \/>\n<meta name=\"twitter:site\" content=\"@dannyrq0103\" \/>\n<meta name=\"twitter:label1\" content=\"Written by\" \/>\n\t<meta name=\"twitter:data1\" content=\"jolusafe5\" \/>\n\t<meta name=\"twitter:label2\" content=\"Est. reading time\" \/>\n\t<meta name=\"twitter:data2\" content=\"8 minutes\" \/>\n<script type=\"application\/ld+json\" class=\"yoast-schema-graph\">{\"@context\":\"https:\\\/\\\/schema.org\",\"@graph\":[{\"@type\":\"Article\",\"@id\":\"https:\\\/\\\/www.on-school.com\\\/blog\\\/las-competencias-educativas-y-su-actualidad\\\/#article\",\"isPartOf\":{\"@id\":\"https:\\\/\\\/www.on-school.com\\\/blog\\\/las-competencias-educativas-y-su-actualidad\\\/\"},\"author\":{\"name\":\"jolusafe5\",\"@id\":\"https:\\\/\\\/www.on-school.com\\\/blog\\\/#\\\/schema\\\/person\\\/60396eb2dba803d5c761e33f467a0e58\"},\"headline\":\"Las competencias educativas y su actualidad\",\"datePublished\":\"2014-11-29T05:20:14+00:00\",\"dateModified\":\"2014-12-15T05:26:52+00:00\",\"mainEntityOfPage\":{\"@id\":\"https:\\\/\\\/www.on-school.com\\\/blog\\\/las-competencias-educativas-y-su-actualidad\\\/\"},\"wordCount\":1648,\"commentCount\":0,\"publisher\":{\"@id\":\"https:\\\/\\\/www.on-school.com\\\/blog\\\/#organization\"},\"image\":{\"@id\":\"https:\\\/\\\/www.on-school.com\\\/blog\\\/las-competencias-educativas-y-su-actualidad\\\/#primaryimage\"},\"thumbnailUrl\":\"https:\\\/\\\/www.on-school.com\\\/blog\\\/wp-content\\\/uploads\\\/2014\\\/12\\\/fotolia_732248_XS1.jpg\",\"keywords\":[\"capacidades humanas\",\"Coll y Mart\u00edn\",\"competencias educativas\",\"D\u00edaz Barriga\",\"educaci\u00f3n tradicional\",\"Jonnaert\",\"l\u00f3gica de disciplina\",\"l\u00f3gica del comportamiento\",\"Roegiers\"],\"articleSection\":[\"Estrategias del aprendizaje y ense\u00f1anza\"],\"inLanguage\":\"en-US\",\"potentialAction\":[{\"@type\":\"CommentAction\",\"name\":\"Comment\",\"target\":[\"https:\\\/\\\/www.on-school.com\\\/blog\\\/las-competencias-educativas-y-su-actualidad\\\/#respond\"]}]},{\"@type\":\"WebPage\",\"@id\":\"https:\\\/\\\/www.on-school.com\\\/blog\\\/las-competencias-educativas-y-su-actualidad\\\/\",\"url\":\"https:\\\/\\\/www.on-school.com\\\/blog\\\/las-competencias-educativas-y-su-actualidad\\\/\",\"name\":\"Las competencias educativas y su actualidad - On-School\",\"isPartOf\":{\"@id\":\"https:\\\/\\\/www.on-school.com\\\/blog\\\/#website\"},\"primaryImageOfPage\":{\"@id\":\"https:\\\/\\\/www.on-school.com\\\/blog\\\/las-competencias-educativas-y-su-actualidad\\\/#primaryimage\"},\"image\":{\"@id\":\"https:\\\/\\\/www.on-school.com\\\/blog\\\/las-competencias-educativas-y-su-actualidad\\\/#primaryimage\"},\"thumbnailUrl\":\"https:\\\/\\\/www.on-school.com\\\/blog\\\/wp-content\\\/uploads\\\/2014\\\/12\\\/fotolia_732248_XS1.jpg\",\"datePublished\":\"2014-11-29T05:20:14+00:00\",\"dateModified\":\"2014-12-15T05:26:52+00:00\",\"description\":\"Las competencias educativas y su actualidad\",\"breadcrumb\":{\"@id\":\"https:\\\/\\\/www.on-school.com\\\/blog\\\/las-competencias-educativas-y-su-actualidad\\\/#breadcrumb\"},\"inLanguage\":\"en-US\",\"potentialAction\":[{\"@type\":\"ReadAction\",\"target\":[\"https:\\\/\\\/www.on-school.com\\\/blog\\\/las-competencias-educativas-y-su-actualidad\\\/\"]}]},{\"@type\":\"ImageObject\",\"inLanguage\":\"en-US\",\"@id\":\"https:\\\/\\\/www.on-school.com\\\/blog\\\/las-competencias-educativas-y-su-actualidad\\\/#primaryimage\",\"url\":\"https:\\\/\\\/www.on-school.com\\\/blog\\\/wp-content\\\/uploads\\\/2014\\\/12\\\/fotolia_732248_XS1.jpg\",\"contentUrl\":\"https:\\\/\\\/www.on-school.com\\\/blog\\\/wp-content\\\/uploads\\\/2014\\\/12\\\/fotolia_732248_XS1.jpg\",\"width\":425,\"height\":282,\"caption\":\"Habilidad lectora\"},{\"@type\":\"BreadcrumbList\",\"@id\":\"https:\\\/\\\/www.on-school.com\\\/blog\\\/las-competencias-educativas-y-su-actualidad\\\/#breadcrumb\",\"itemListElement\":[{\"@type\":\"ListItem\",\"position\":1,\"name\":\"Inicio\",\"item\":\"https:\\\/\\\/www.on-school.com\\\/blog\\\/\"},{\"@type\":\"ListItem\",\"position\":2,\"name\":\"Las competencias educativas y su actualidad\"}]},{\"@type\":\"WebSite\",\"@id\":\"https:\\\/\\\/www.on-school.com\\\/blog\\\/#website\",\"url\":\"https:\\\/\\\/www.on-school.com\\\/blog\\\/\",\"name\":\"On-School\",\"description\":\"Aula Virtual Educativa\",\"publisher\":{\"@id\":\"https:\\\/\\\/www.on-school.com\\\/blog\\\/#organization\"},\"potentialAction\":[{\"@type\":\"SearchAction\",\"target\":{\"@type\":\"EntryPoint\",\"urlTemplate\":\"https:\\\/\\\/www.on-school.com\\\/blog\\\/?s={search_term_string}\"},\"query-input\":{\"@type\":\"PropertyValueSpecification\",\"valueRequired\":true,\"valueName\":\"search_term_string\"}}],\"inLanguage\":\"en-US\"},{\"@type\":\"Organization\",\"@id\":\"https:\\\/\\\/www.on-school.com\\\/blog\\\/#organization\",\"name\":\"On-School\",\"url\":\"https:\\\/\\\/www.on-school.com\\\/blog\\\/\",\"logo\":{\"@type\":\"ImageObject\",\"inLanguage\":\"en-US\",\"@id\":\"https:\\\/\\\/www.on-school.com\\\/blog\\\/#\\\/schema\\\/logo\\\/image\\\/\",\"url\":\"https:\\\/\\\/www.on-school.com\\\/blog\\\/wp-content\\\/uploads\\\/2025\\\/09\\\/logoNewSchool.jpg\",\"contentUrl\":\"https:\\\/\\\/www.on-school.com\\\/blog\\\/wp-content\\\/uploads\\\/2025\\\/09\\\/logoNewSchool.jpg\",\"width\":778,\"height\":777,\"caption\":\"On-School\"},\"image\":{\"@id\":\"https:\\\/\\\/www.on-school.com\\\/blog\\\/#\\\/schema\\\/logo\\\/image\\\/\"},\"sameAs\":[\"https:\\\/\\\/www.facebook.com\\\/pages\\\/On-School-Plataforma-Educativa-Virtual\\\/359347014214506\",\"https:\\\/\\\/x.com\\\/dannyrq0103\"]},{\"@type\":\"Person\",\"@id\":\"https:\\\/\\\/www.on-school.com\\\/blog\\\/#\\\/schema\\\/person\\\/60396eb2dba803d5c761e33f467a0e58\",\"name\":\"jolusafe5\",\"image\":{\"@type\":\"ImageObject\",\"inLanguage\":\"en-US\",\"@id\":\"https:\\\/\\\/secure.gravatar.com\\\/avatar\\\/d2a6967d3c1736c22d3eca3839cb5260e71ac1ef16ce076cb36aeea8ca491315?s=96&d=mm&r=g\",\"url\":\"https:\\\/\\\/secure.gravatar.com\\\/avatar\\\/d2a6967d3c1736c22d3eca3839cb5260e71ac1ef16ce076cb36aeea8ca491315?s=96&d=mm&r=g\",\"contentUrl\":\"https:\\\/\\\/secure.gravatar.com\\\/avatar\\\/d2a6967d3c1736c22d3eca3839cb5260e71ac1ef16ce076cb36aeea8ca491315?s=96&d=mm&r=g\",\"caption\":\"jolusafe5\"},\"description\":\"Apasionado por los temas educativos, ciencias sociales y tecnolog\u00eda. Ingeniero en Computaci\u00f3n y Sistemas por la Universidad Popular Aut\u00f3noma del Estado de Puebla (UPAEP) . Maestr\u00eda en Inform\u00e1tica Aplicada por el Instituto Tecnol\u00f3gico y de Estudios Superiores de Occidente (ITESO). Estudiante de Maestr\u00eda en Inteligencia Artificial por ALINNCO.\",\"sameAs\":[\"http:\\\/\\\/www.on-school.com\",\"https:\\\/\\\/www.facebook.com\\\/jolusafe5\",\"https:\\\/\\\/x.com\\\/jolusafe5\"],\"url\":\"https:\\\/\\\/www.on-school.com\\\/blog\\\/author\\\/jolusafe5\\\/\"}]}<\/script>\n<!-- \/ Yoast SEO plugin. -->","yoast_head_json":{"title":"Las competencias educativas y su actualidad - On-School","description":"Las competencias educativas y su actualidad","robots":{"index":"index","follow":"follow","max-snippet":"max-snippet:-1","max-image-preview":"max-image-preview:large","max-video-preview":"max-video-preview:-1"},"canonical":"https:\/\/www.on-school.com\/blog\/las-competencias-educativas-y-su-actualidad\/","og_locale":"en_US","og_type":"article","og_title":"Las competencias educativas y su actualidad - On-School","og_description":"Las competencias educativas y su actualidad","og_url":"https:\/\/www.on-school.com\/blog\/las-competencias-educativas-y-su-actualidad\/","og_site_name":"On-School","article_publisher":"https:\/\/www.facebook.com\/pages\/On-School-Plataforma-Educativa-Virtual\/359347014214506","article_author":"https:\/\/www.facebook.com\/jolusafe5","article_published_time":"2014-11-29T05:20:14+00:00","article_modified_time":"2014-12-15T05:26:52+00:00","og_image":[{"width":425,"height":282,"url":"https:\/\/www.on-school.com\/blog\/wp-content\/uploads\/2014\/12\/fotolia_732248_XS1.jpg","type":"image\/jpeg"}],"author":"jolusafe5","twitter_card":"summary_large_image","twitter_creator":"@jolusafe5","twitter_site":"@dannyrq0103","twitter_misc":{"Written by":"jolusafe5","Est. reading time":"8 minutes"},"schema":{"@context":"https:\/\/schema.org","@graph":[{"@type":"Article","@id":"https:\/\/www.on-school.com\/blog\/las-competencias-educativas-y-su-actualidad\/#article","isPartOf":{"@id":"https:\/\/www.on-school.com\/blog\/las-competencias-educativas-y-su-actualidad\/"},"author":{"name":"jolusafe5","@id":"https:\/\/www.on-school.com\/blog\/#\/schema\/person\/60396eb2dba803d5c761e33f467a0e58"},"headline":"Las competencias educativas y su actualidad","datePublished":"2014-11-29T05:20:14+00:00","dateModified":"2014-12-15T05:26:52+00:00","mainEntityOfPage":{"@id":"https:\/\/www.on-school.com\/blog\/las-competencias-educativas-y-su-actualidad\/"},"wordCount":1648,"commentCount":0,"publisher":{"@id":"https:\/\/www.on-school.com\/blog\/#organization"},"image":{"@id":"https:\/\/www.on-school.com\/blog\/las-competencias-educativas-y-su-actualidad\/#primaryimage"},"thumbnailUrl":"https:\/\/www.on-school.com\/blog\/wp-content\/uploads\/2014\/12\/fotolia_732248_XS1.jpg","keywords":["capacidades humanas","Coll y Mart\u00edn","competencias educativas","D\u00edaz Barriga","educaci\u00f3n tradicional","Jonnaert","l\u00f3gica de disciplina","l\u00f3gica del comportamiento","Roegiers"],"articleSection":["Estrategias del aprendizaje y ense\u00f1anza"],"inLanguage":"en-US","potentialAction":[{"@type":"CommentAction","name":"Comment","target":["https:\/\/www.on-school.com\/blog\/las-competencias-educativas-y-su-actualidad\/#respond"]}]},{"@type":"WebPage","@id":"https:\/\/www.on-school.com\/blog\/las-competencias-educativas-y-su-actualidad\/","url":"https:\/\/www.on-school.com\/blog\/las-competencias-educativas-y-su-actualidad\/","name":"Las competencias educativas y su actualidad - On-School","isPartOf":{"@id":"https:\/\/www.on-school.com\/blog\/#website"},"primaryImageOfPage":{"@id":"https:\/\/www.on-school.com\/blog\/las-competencias-educativas-y-su-actualidad\/#primaryimage"},"image":{"@id":"https:\/\/www.on-school.com\/blog\/las-competencias-educativas-y-su-actualidad\/#primaryimage"},"thumbnailUrl":"https:\/\/www.on-school.com\/blog\/wp-content\/uploads\/2014\/12\/fotolia_732248_XS1.jpg","datePublished":"2014-11-29T05:20:14+00:00","dateModified":"2014-12-15T05:26:52+00:00","description":"Las competencias educativas y su actualidad","breadcrumb":{"@id":"https:\/\/www.on-school.com\/blog\/las-competencias-educativas-y-su-actualidad\/#breadcrumb"},"inLanguage":"en-US","potentialAction":[{"@type":"ReadAction","target":["https:\/\/www.on-school.com\/blog\/las-competencias-educativas-y-su-actualidad\/"]}]},{"@type":"ImageObject","inLanguage":"en-US","@id":"https:\/\/www.on-school.com\/blog\/las-competencias-educativas-y-su-actualidad\/#primaryimage","url":"https:\/\/www.on-school.com\/blog\/wp-content\/uploads\/2014\/12\/fotolia_732248_XS1.jpg","contentUrl":"https:\/\/www.on-school.com\/blog\/wp-content\/uploads\/2014\/12\/fotolia_732248_XS1.jpg","width":425,"height":282,"caption":"Habilidad lectora"},{"@type":"BreadcrumbList","@id":"https:\/\/www.on-school.com\/blog\/las-competencias-educativas-y-su-actualidad\/#breadcrumb","itemListElement":[{"@type":"ListItem","position":1,"name":"Inicio","item":"https:\/\/www.on-school.com\/blog\/"},{"@type":"ListItem","position":2,"name":"Las competencias educativas y su actualidad"}]},{"@type":"WebSite","@id":"https:\/\/www.on-school.com\/blog\/#website","url":"https:\/\/www.on-school.com\/blog\/","name":"On-School","description":"Aula Virtual Educativa","publisher":{"@id":"https:\/\/www.on-school.com\/blog\/#organization"},"potentialAction":[{"@type":"SearchAction","target":{"@type":"EntryPoint","urlTemplate":"https:\/\/www.on-school.com\/blog\/?s={search_term_string}"},"query-input":{"@type":"PropertyValueSpecification","valueRequired":true,"valueName":"search_term_string"}}],"inLanguage":"en-US"},{"@type":"Organization","@id":"https:\/\/www.on-school.com\/blog\/#organization","name":"On-School","url":"https:\/\/www.on-school.com\/blog\/","logo":{"@type":"ImageObject","inLanguage":"en-US","@id":"https:\/\/www.on-school.com\/blog\/#\/schema\/logo\/image\/","url":"https:\/\/www.on-school.com\/blog\/wp-content\/uploads\/2025\/09\/logoNewSchool.jpg","contentUrl":"https:\/\/www.on-school.com\/blog\/wp-content\/uploads\/2025\/09\/logoNewSchool.jpg","width":778,"height":777,"caption":"On-School"},"image":{"@id":"https:\/\/www.on-school.com\/blog\/#\/schema\/logo\/image\/"},"sameAs":["https:\/\/www.facebook.com\/pages\/On-School-Plataforma-Educativa-Virtual\/359347014214506","https:\/\/x.com\/dannyrq0103"]},{"@type":"Person","@id":"https:\/\/www.on-school.com\/blog\/#\/schema\/person\/60396eb2dba803d5c761e33f467a0e58","name":"jolusafe5","image":{"@type":"ImageObject","inLanguage":"en-US","@id":"https:\/\/secure.gravatar.com\/avatar\/d2a6967d3c1736c22d3eca3839cb5260e71ac1ef16ce076cb36aeea8ca491315?s=96&d=mm&r=g","url":"https:\/\/secure.gravatar.com\/avatar\/d2a6967d3c1736c22d3eca3839cb5260e71ac1ef16ce076cb36aeea8ca491315?s=96&d=mm&r=g","contentUrl":"https:\/\/secure.gravatar.com\/avatar\/d2a6967d3c1736c22d3eca3839cb5260e71ac1ef16ce076cb36aeea8ca491315?s=96&d=mm&r=g","caption":"jolusafe5"},"description":"Apasionado por los temas educativos, ciencias sociales y tecnolog\u00eda. Ingeniero en Computaci\u00f3n y Sistemas por la Universidad Popular Aut\u00f3noma del Estado de Puebla (UPAEP) . Maestr\u00eda en Inform\u00e1tica Aplicada por el Instituto Tecnol\u00f3gico y de Estudios Superiores de Occidente (ITESO). Estudiante de Maestr\u00eda en Inteligencia Artificial por ALINNCO.","sameAs":["http:\/\/www.on-school.com","https:\/\/www.facebook.com\/jolusafe5","https:\/\/x.com\/jolusafe5"],"url":"https:\/\/www.on-school.com\/blog\/author\/jolusafe5\/"}]}},"jetpack_publicize_connections":[],"jetpack_featured_media_url":"https:\/\/www.on-school.com\/blog\/wp-content\/uploads\/2014\/12\/fotolia_732248_XS1.jpg","jetpack_shortlink":"https:\/\/wp.me\/p4Yboc-98","jetpack_sharing_enabled":true,"jetpack-related-posts":[{"id":1706,"url":"https:\/\/www.on-school.com\/blog\/curriculo-por-competencias\/","url_meta":{"origin":566,"position":0},"title":"Curr\u00edculo por Competencias","author":"jolusafe5","date":"12\/10\/2019","format":false,"excerpt":"Curr\u00edculo por Competencias Hacia finales del siglo XX se empieza a desarrollar una reforma educativa a nivel mundial, cuestionando los modelos tradicionales de aprendizaje, tratando de proponer\u00a0 estrategias y modelos de aprendizaje significativo en los que los estudiantes pusieran en pr\u00e1ctica sus conocimientos, para\u00a0vida diaria y\u00a0laboral. El\u00a0concepto de curr\u00edculo por\u2026","rel":"","context":"In &quot;Dise\u00f1o Curricular&quot;","block_context":{"text":"Dise\u00f1o Curricular","link":"https:\/\/www.on-school.com\/blog\/category\/ciencias-de-la-educacion\/diseno-curricular\/"},"img":{"alt_text":"Desarrollo de competencias","src":"https:\/\/i0.wp.com\/www.on-school.com\/blog\/wp-content\/uploads\/2015\/03\/12733_desarrollocompetencias1.jpg?resize=350%2C200&ssl=1","width":350,"height":200,"srcset":"https:\/\/i0.wp.com\/www.on-school.com\/blog\/wp-content\/uploads\/2015\/03\/12733_desarrollocompetencias1.jpg?resize=350%2C200&ssl=1 1x, https:\/\/i0.wp.com\/www.on-school.com\/blog\/wp-content\/uploads\/2015\/03\/12733_desarrollocompetencias1.jpg?resize=525%2C300&ssl=1 1.5x"},"classes":[]},{"id":773,"url":"https:\/\/www.on-school.com\/blog\/educacion-basada-en-competencias\/","url_meta":{"origin":566,"position":1},"title":"Educaci\u00f3n basada en competencias","author":"jolusafe5","date":"16\/12\/2014","format":false,"excerpt":"El presente art\u00edculo completo lo puedes ver en el siguiente link:\u00a0Educaci\u00f3n basada en competencias RESUMEN En el presente art\u00edculo he procurado reunir algunas de las aportaciones a escala internacional que he juzgado m\u00e1s importantes acerca del tema de las competencias en la educaci\u00f3n superior. Este estudio me llev\u00f3 varios meses\u2026","rel":"","context":"In &quot;Art\u00edculos&quot;","block_context":{"text":"Art\u00edculos","link":"https:\/\/www.on-school.com\/blog\/category\/biblioteca\/articulos\/"},"img":{"alt_text":"Educaci\u00f3n basada en competencias","src":"https:\/\/i0.wp.com\/www.on-school.com\/blog\/wp-content\/uploads\/2015\/03\/Bachillerato_31.jpg?resize=350%2C200&ssl=1","width":350,"height":200,"srcset":"https:\/\/i0.wp.com\/www.on-school.com\/blog\/wp-content\/uploads\/2015\/03\/Bachillerato_31.jpg?resize=350%2C200&ssl=1 1x, https:\/\/i0.wp.com\/www.on-school.com\/blog\/wp-content\/uploads\/2015\/03\/Bachillerato_31.jpg?resize=525%2C300&ssl=1 1.5x"},"classes":[]},{"id":1733,"url":"https:\/\/www.on-school.com\/blog\/desarrollo-de-competencias-basicas-de-educacion-media\/","url_meta":{"origin":566,"position":2},"title":"Desarrollo de competencias b\u00e1sicas de educaci\u00f3n media","author":"jolusafe5","date":"15\/10\/2019","format":false,"excerpt":"Desarrollo de competencias De acuerdo con los lineamientos y orientaciones curriculares y pedag\u00f3gicas\u00a0del sistema educativo colombiano, todas las \u00e1reas del conocimiento deben contribuir al desarrollo de las competencias b\u00e1sicas por medio de la transversalizaci\u00f3n y operacionalizaci\u00f3n de las din\u00e1micas de clase orientadas al alcance de estas. Por medio de los\u2026","rel":"","context":"In &quot;Ciencias de la Educaci\u00f3n&quot;","block_context":{"text":"Ciencias de la Educaci\u00f3n","link":"https:\/\/www.on-school.com\/blog\/category\/ciencias-de-la-educacion\/"},"img":{"alt_text":"Desarrollo de competencias","src":"https:\/\/i0.wp.com\/www.on-school.com\/blog\/wp-content\/uploads\/2019\/10\/desarrollo-de-modelos-de-gestion-por-competencias1.png?resize=350%2C200&ssl=1","width":350,"height":200},"classes":[]},{"id":1890,"url":"https:\/\/www.on-school.com\/blog\/las-competencias-docentes\/","url_meta":{"origin":566,"position":3},"title":"Las competencias docentes","author":"jolusafe5","date":"30\/10\/2019","format":false,"excerpt":"Las competencias docentes Las competencias docentes se relacionan con la manera en que este observe el contexto social, pol\u00edtico y econ\u00f3mico en el que est\u00e1 inmersa su pr\u00e1ctica, para que pueda establecer cu\u00e1les son las capacidades cognitivas y conductuales que debe de tener, as\u00ed como lo que se espera de\u2026","rel":"","context":"In &quot;Ciencias de la Educaci\u00f3n&quot;","block_context":{"text":"Ciencias de la Educaci\u00f3n","link":"https:\/\/www.on-school.com\/blog\/category\/ciencias-de-la-educacion\/"},"img":{"alt_text":"Las competencias docentes","src":"https:\/\/i0.wp.com\/www.on-school.com\/blog\/wp-content\/uploads\/2019\/10\/SE-REQUIERE1.jpg?resize=350%2C200&ssl=1","width":350,"height":200,"srcset":"https:\/\/i0.wp.com\/www.on-school.com\/blog\/wp-content\/uploads\/2019\/10\/SE-REQUIERE1.jpg?resize=350%2C200&ssl=1 1x, https:\/\/i0.wp.com\/www.on-school.com\/blog\/wp-content\/uploads\/2019\/10\/SE-REQUIERE1.jpg?resize=525%2C300&ssl=1 1.5x, https:\/\/i0.wp.com\/www.on-school.com\/blog\/wp-content\/uploads\/2019\/10\/SE-REQUIERE1.jpg?resize=700%2C400&ssl=1 2x"},"classes":[]},{"id":1714,"url":"https:\/\/www.on-school.com\/blog\/competencias-en-la-educacion-artistica\/","url_meta":{"origin":566,"position":4},"title":"Competencias en la educaci\u00f3n art\u00edstica","author":"jolusafe5","date":"12\/10\/2019","format":false,"excerpt":"Competencias en la Educaci\u00f3n Art\u00edstica Como se explic\u00f3 anteriormente, el sistema educativo plantea unas competencias b\u00e1sicas o generales para la educaci\u00f3n b\u00e1sica y media, sin embargo cada \u00e1rea obligatoria o fundamental tiene unas competencias espec\u00edficas como objetivo de aprendizaje para desarrollar en los estudiantes. El \u00e1rea de educaci\u00f3n art\u00edstica tiene\u2026","rel":"","context":"In &quot;Ciencias de la Educaci\u00f3n&quot;","block_context":{"text":"Ciencias de la Educaci\u00f3n","link":"https:\/\/www.on-school.com\/blog\/category\/ciencias-de-la-educacion\/"},"img":{"alt_text":"Competencias en la Educaci\u00f3n Art\u00edstica","src":"https:\/\/i0.wp.com\/www.on-school.com\/blog\/wp-content\/uploads\/2019\/10\/Exprscuela-Infantil_11.jpg?resize=350%2C200&ssl=1","width":350,"height":200,"srcset":"https:\/\/i0.wp.com\/www.on-school.com\/blog\/wp-content\/uploads\/2019\/10\/Exprscuela-Infantil_11.jpg?resize=350%2C200&ssl=1 1x, https:\/\/i0.wp.com\/www.on-school.com\/blog\/wp-content\/uploads\/2019\/10\/Exprscuela-Infantil_11.jpg?resize=525%2C300&ssl=1 1.5x, https:\/\/i0.wp.com\/www.on-school.com\/blog\/wp-content\/uploads\/2019\/10\/Exprscuela-Infantil_11.jpg?resize=700%2C400&ssl=1 2x"},"classes":[]},{"id":1736,"url":"https:\/\/www.on-school.com\/blog\/desarrollo-de-competencias-especificas-de-educacion-artistica\/","url_meta":{"origin":566,"position":5},"title":"Desarrollo de competencias espec\u00edficas de educaci\u00f3n art\u00edstica","author":"jolusafe5","date":"15\/10\/2019","format":false,"excerpt":"Competencias espec\u00edficas de educaci\u00f3n art\u00edstica Leal, Pino. (2000), en su estudio titulado\u00a0Pedagog\u00eda de proyectos: Una alternativa educativa. Una experiencia a nivel de aula,\u00a0parte del concepto de aprendizaje significativo propuesto por Aussubel y Gardner, entendi\u00e9ndolo como las relaciones significativas entre lo que sabe el estudiante y lo que va a\u00a0 aprender\u2026","rel":"","context":"In &quot;Ciencias de la Educaci\u00f3n&quot;","block_context":{"text":"Ciencias de la Educaci\u00f3n","link":"https:\/\/www.on-school.com\/blog\/category\/ciencias-de-la-educacion\/"},"img":{"alt_text":"Competencias espec\u00edficas de educaci\u00f3n art\u00edstica","src":"https:\/\/i0.wp.com\/www.on-school.com\/blog\/wp-content\/uploads\/2019\/10\/Gestion-de-Proyectos1.png?resize=350%2C200","width":350,"height":200},"classes":[]}],"jetpack_likes_enabled":true,"_links":{"self":[{"href":"https:\/\/www.on-school.com\/blog\/wp-json\/wp\/v2\/posts\/566","targetHints":{"allow":["GET"]}}],"collection":[{"href":"https:\/\/www.on-school.com\/blog\/wp-json\/wp\/v2\/posts"}],"about":[{"href":"https:\/\/www.on-school.com\/blog\/wp-json\/wp\/v2\/types\/post"}],"author":[{"embeddable":true,"href":"https:\/\/www.on-school.com\/blog\/wp-json\/wp\/v2\/users\/1"}],"replies":[{"embeddable":true,"href":"https:\/\/www.on-school.com\/blog\/wp-json\/wp\/v2\/comments?post=566"}],"version-history":[{"count":1,"href":"https:\/\/www.on-school.com\/blog\/wp-json\/wp\/v2\/posts\/566\/revisions"}],"predecessor-version":[{"id":568,"href":"https:\/\/www.on-school.com\/blog\/wp-json\/wp\/v2\/posts\/566\/revisions\/568"}],"wp:featuredmedia":[{"embeddable":true,"href":"https:\/\/www.on-school.com\/blog\/wp-json\/wp\/v2\/media\/567"}],"wp:attachment":[{"href":"https:\/\/www.on-school.com\/blog\/wp-json\/wp\/v2\/media?parent=566"}],"wp:term":[{"taxonomy":"category","embeddable":true,"href":"https:\/\/www.on-school.com\/blog\/wp-json\/wp\/v2\/categories?post=566"},{"taxonomy":"post_tag","embeddable":true,"href":"https:\/\/www.on-school.com\/blog\/wp-json\/wp\/v2\/tags?post=566"}],"curies":[{"name":"wp","href":"https:\/\/api.w.org\/{rel}","templated":true}]}}