{"id":494,"date":"2014-11-13T16:55:41","date_gmt":"2014-11-13T16:55:41","guid":{"rendered":"http:\/\/www.on-school.com\/blog\/?p=494"},"modified":"2014-11-18T17:03:03","modified_gmt":"2014-11-18T17:03:03","slug":"la-ensenanza-de-las-fracciones","status":"publish","type":"post","link":"https:\/\/www.on-school.com\/blog\/la-ensenanza-de-las-fracciones\/","title":{"rendered":"La ense\u00f1anza de las fracciones"},"content":{"rendered":"<p>La ense\u00f1anza de las fracciones o quebrados se ha considerado como uno de los temas de mayor complejidad dentro de la asignatura de matem\u00e1ticas, pues se escuchan algunas ocasiones argumentos de los alumnos y maestros que \u201cCon los quebrados, tanto el profesor como el alumno se quiebran la cabeza\u201d.<\/p>\n<p>Se ha buscado que el profesor (gu\u00eda del conocimiento y promotor para la adquisici\u00f3n de los aprendizajes significativos), muestre mayor inter\u00e9s por esta ense\u00f1anza y realice un cambio para que este contenido sea de f\u00e1cil acceso para los alumnos.<\/p>\n<p>Se busca que la forma de ense\u00f1anza de este contenido se realice mediante ejemplos que el alumno pueda observar, manipular y contextualizar con su ambiente y su vida cotidiana, para que realmente se logre la adquisici\u00f3n de un aprendizaje significativo.<\/p>\n<p>El cambio consiste en que tanto el profesor como el alumno pongan en juego sus conocimientos previos sobre aquellos momentos de nuestra vida cotidiana en los que utilizamos frecuentemente estos quebrados sin que se nos dificulte, as\u00ed mismo que el alumno interact\u00fae con material que pueda manipular, que sea capaz de plantear problemas y exponer sus dudas y de la misma manera resolver los problemas planteados de los compa\u00f1eros de clase.<\/p>\n<p>Una vez logrado este cambio sobre la ense\u00f1anza del contenido se lograr\u00e1 en el alumno un aprendizaje significativo y un verdadero cambio de actitud en los alumnos ante los quebrados.<\/p>\n<p>Para poder llevar a cabo esta propuesta es necesario analizar y reflexionar algunos conceptos importantes que tomaremos en cuenta durante la aplicaci\u00f3n de la misma, como los siguientes:<br \/>\n<strong>1 Fracci\u00f3n <\/strong><br \/>\n<strong>2 Denominador <\/strong><br \/>\n<strong>3 Numerador <\/strong><br \/>\n<strong>4 Tipos o clases de fracciones <\/strong><br \/>\n<strong>5 Historia de las fracciones<\/strong><\/p>\n<figure id=\"attachment_495\" aria-describedby=\"caption-attachment-495\" style=\"width: 400px\" class=\"wp-caption aligncenter\"><a href=\"http:\/\/www.on-school.com\/blog\/wp-content\/uploads\/2014\/11\/fracciones1.jpg\"><img fetchpriority=\"high\" decoding=\"async\" class=\"size-full wp-image-495\" src=\"http:\/\/www.on-school.com\/blog\/wp-content\/uploads\/2014\/11\/fracciones1.jpg\" alt=\"Fracciones\" width=\"400\" height=\"389\" srcset=\"https:\/\/www.on-school.com\/blog\/wp-content\/uploads\/2014\/11\/fracciones1.jpg 400w, https:\/\/www.on-school.com\/blog\/wp-content\/uploads\/2014\/11\/fracciones1-300x291.jpg 300w, https:\/\/www.on-school.com\/blog\/wp-content\/uploads\/2014\/11\/fracciones1-60x57.jpg 60w\" sizes=\"(max-width: 400px) 100vw, 400px\" \/><\/a><figcaption id=\"caption-attachment-495\" class=\"wp-caption-text\">Fracciones<\/figcaption><\/figure>\n<p>Los conceptos que manejamos en esta secci\u00f3n, est\u00e1n incluidos dentro de la propuesta, aunque hay que aclarar que se podr\u00edan tomar en cuenta otros que puedan complementar lo que se esta trabajando, (dependiendo del ritmo del trabajo del grupo y del maestro). Tambi\u00e9n \u00e9stos, sirven de gu\u00eda para que el alumno compare la construcci\u00f3n de sus conceptos, con los que se proponen en la propuesta.<\/p>\n<p><strong>Fracci\u00f3n:<\/strong> Es un n\u00famero que expresa una parte de la unidad. Expresar una cantidad mediante una fracci\u00f3n significa que de un total se ha tomado un n\u00famero de porciones iguales. Son los n\u00fameros que representan partes de un todo y se denominan n\u00fameros racionales, fracciones o quebrados.<\/p>\n<p>\u00c9stas se pueden expresar como el cociente de dos n\u00fameros enteros a y b:<\/p>\n<p style=\"text-align: center;\">a (Numerador)<\/p>\n<p style=\"text-align: center;\">________________<\/p>\n<p style=\"text-align: center;\">\n<p style=\"text-align: center;\">b (Denominador)<\/p>\n<p>En una fracci\u00f3n hay dos n\u00fameros llamados t\u00e9rminos, que se escriben uno sobre otro separados por una raya horizontal:<\/p>\n<p>I. El que se escribe debajo de la raya es el <strong>denominador<\/strong>, y es el que indica el n\u00famero de partes iguales en que se ha dividido la unidad.<br \/>\nII. El que se escribe encima de la raya es el <strong>numerador<\/strong>, y es el que indica el n\u00famero de partes iguales que se han tomado de la unidad.<\/p>\n<p>Una fracci\u00f3n est\u00e1 en su forma reducida si el numerador y el denominador no tienen un factor com\u00fan.<\/p>\n<p><strong>Tipos o clases de fracciones:<\/strong> Seg\u00fan la cantidad que expresa en el numerador y el denominador de una fracci\u00f3n, se distinguen las siguientes clases de fracciones:<\/p>\n<p><strong>1. Fracci\u00f3n propia:<\/strong> es aquella cuyo numerador es menor que el denominador. Una fracci\u00f3n propia es siempre menor que la unidad. As\u00ed \u00be es menor que la unidad por que hemos dividido la unidad en 4 partes iguales y solo hemos tomado 3 de esas partes.<br \/>\n<strong>2. Fracci\u00f3n impropia:<\/strong> es aquella cuyo denominador es mayor que el denominador. Decimos que 7\/5 es mayor que la unidad por que hemos dividido las unidades en 5 partes iguales y, por tanto, para tomar 7 de estas partes es necesario disponer de m\u00e1s de una unidad: tomaremos 5\/5 de la primera unidad y 2\/5 de la segunda.<br \/>\n<strong>3. Fracci\u00f3n mixta:<\/strong> es aquella que antes de la fracci\u00f3n tendr\u00e1 un n\u00famero entero, posteriormente se coloca una fracci\u00f3n ya sea propia o impropia por ejemplo 5 \u00bc necesitaremos tomar 5 unidades completas y de la sexta unidad la dividiremos en 4 para tomar 1.<\/p>\n","protected":false},"excerpt":{"rendered":"<p>La ense\u00f1anza de las fracciones o quebrados se ha considerado como uno de los temas de mayor complejidad dentro de la asignatura de matem\u00e1ticas, pues se escuchan algunas ocasiones argumentos de los alumnos y maestros que \u201cCon los quebrados, tanto el profesor como el alumno se quiebran la cabeza\u201d. Se ha buscado que el profesor [&hellip;]<\/p>\n","protected":false},"author":1,"featured_media":495,"comment_status":"open","ping_status":"open","sticky":false,"template":"","format":"standard","meta":{"om_disable_all_campaigns":false,"_monsterinsights_skip_tracking":false,"_monsterinsights_sitenote_active":false,"_monsterinsights_sitenote_note":"","_monsterinsights_sitenote_category":0,"_uf_show_specific_survey":0,"_uf_disable_surveys":false,"jetpack_post_was_ever_published":false,"_jetpack_newsletter_access":"","_jetpack_dont_email_post_to_subs":false,"_jetpack_newsletter_tier_id":0,"_jetpack_memberships_contains_paywalled_content":false,"_jetpack_memberships_contains_paid_content":false,"footnotes":"","jetpack_publicize_message":"","jetpack_publicize_feature_enabled":true,"jetpack_social_post_already_shared":true,"jetpack_social_options":{"image_generator_settings":{"template":"highway","default_image_id":0,"font":"","enabled":false},"version":2}},"categories":[326,163],"tags":[312,174,507,508,504,506,505],"class_list":["post-494","post","type-post","status-publish","format-standard","has-post-thumbnail","hentry","category-estrategias-del-aprendizaje-y-ensenanza","category-matematicas","tag-denominador","tag-fracciones","tag-impropia","tag-mixta","tag-numerador","tag-propia","tag-tipos-de-fracciones"],"yoast_head":"<!-- This site is optimized with the Yoast SEO plugin v27.5 - https:\/\/yoast.com\/product\/yoast-seo-wordpress\/ -->\n<title>La ense\u00f1anza de las fracciones  - On-School<\/title>\n<meta name=\"description\" content=\"La ense\u00f1anza de las fracciones\" \/>\n<meta name=\"robots\" content=\"index, follow, max-snippet:-1, max-image-preview:large, max-video-preview:-1\" \/>\n<link rel=\"canonical\" href=\"https:\/\/www.on-school.com\/blog\/la-ensenanza-de-las-fracciones\/\" \/>\n<meta property=\"og:locale\" content=\"en_US\" \/>\n<meta property=\"og:type\" content=\"article\" \/>\n<meta property=\"og:title\" content=\"La ense\u00f1anza de las fracciones  - On-School\" \/>\n<meta property=\"og:description\" content=\"La ense\u00f1anza de las fracciones\" \/>\n<meta property=\"og:url\" content=\"https:\/\/www.on-school.com\/blog\/la-ensenanza-de-las-fracciones\/\" \/>\n<meta property=\"og:site_name\" content=\"On-School\" \/>\n<meta property=\"article:publisher\" content=\"https:\/\/www.facebook.com\/pages\/On-School-Plataforma-Educativa-Virtual\/359347014214506\" \/>\n<meta property=\"article:author\" content=\"https:\/\/www.facebook.com\/jolusafe5\" \/>\n<meta property=\"article:published_time\" content=\"2014-11-13T16:55:41+00:00\" \/>\n<meta property=\"article:modified_time\" content=\"2014-11-18T17:03:03+00:00\" \/>\n<meta property=\"og:image\" content=\"https:\/\/www.on-school.com\/blog\/wp-content\/uploads\/2014\/11\/fracciones1.jpg\" \/>\n\t<meta property=\"og:image:width\" content=\"400\" \/>\n\t<meta property=\"og:image:height\" content=\"389\" \/>\n\t<meta property=\"og:image:type\" content=\"image\/jpeg\" \/>\n<meta name=\"author\" content=\"jolusafe5\" \/>\n<meta name=\"twitter:card\" content=\"summary_large_image\" \/>\n<meta name=\"twitter:creator\" content=\"@jolusafe5\" \/>\n<meta name=\"twitter:site\" content=\"@dannyrq0103\" \/>\n<meta name=\"twitter:label1\" content=\"Written by\" \/>\n\t<meta name=\"twitter:data1\" content=\"jolusafe5\" \/>\n\t<meta name=\"twitter:label2\" content=\"Est. reading time\" \/>\n\t<meta name=\"twitter:data2\" content=\"4 minutes\" \/>\n<script type=\"application\/ld+json\" class=\"yoast-schema-graph\">{\"@context\":\"https:\\\/\\\/schema.org\",\"@graph\":[{\"@type\":\"Article\",\"@id\":\"https:\\\/\\\/www.on-school.com\\\/blog\\\/la-ensenanza-de-las-fracciones\\\/#article\",\"isPartOf\":{\"@id\":\"https:\\\/\\\/www.on-school.com\\\/blog\\\/la-ensenanza-de-las-fracciones\\\/\"},\"author\":{\"name\":\"jolusafe5\",\"@id\":\"https:\\\/\\\/www.on-school.com\\\/blog\\\/#\\\/schema\\\/person\\\/60396eb2dba803d5c761e33f467a0e58\"},\"headline\":\"La ense\u00f1anza de las fracciones\",\"datePublished\":\"2014-11-13T16:55:41+00:00\",\"dateModified\":\"2014-11-18T17:03:03+00:00\",\"mainEntityOfPage\":{\"@id\":\"https:\\\/\\\/www.on-school.com\\\/blog\\\/la-ensenanza-de-las-fracciones\\\/\"},\"wordCount\":711,\"commentCount\":0,\"publisher\":{\"@id\":\"https:\\\/\\\/www.on-school.com\\\/blog\\\/#organization\"},\"image\":{\"@id\":\"https:\\\/\\\/www.on-school.com\\\/blog\\\/la-ensenanza-de-las-fracciones\\\/#primaryimage\"},\"thumbnailUrl\":\"https:\\\/\\\/www.on-school.com\\\/blog\\\/wp-content\\\/uploads\\\/2014\\\/11\\\/fracciones1.jpg\",\"keywords\":[\"denominador\",\"fracciones\",\"impropia\",\"mixta\",\"numerador\",\"propia\",\"tipos de fracciones\"],\"articleSection\":[\"Estrategias del aprendizaje y ense\u00f1anza\",\"Matem\u00e1ticas\"],\"inLanguage\":\"en-US\",\"potentialAction\":[{\"@type\":\"CommentAction\",\"name\":\"Comment\",\"target\":[\"https:\\\/\\\/www.on-school.com\\\/blog\\\/la-ensenanza-de-las-fracciones\\\/#respond\"]}]},{\"@type\":\"WebPage\",\"@id\":\"https:\\\/\\\/www.on-school.com\\\/blog\\\/la-ensenanza-de-las-fracciones\\\/\",\"url\":\"https:\\\/\\\/www.on-school.com\\\/blog\\\/la-ensenanza-de-las-fracciones\\\/\",\"name\":\"La ense\u00f1anza de las fracciones - On-School\",\"isPartOf\":{\"@id\":\"https:\\\/\\\/www.on-school.com\\\/blog\\\/#website\"},\"primaryImageOfPage\":{\"@id\":\"https:\\\/\\\/www.on-school.com\\\/blog\\\/la-ensenanza-de-las-fracciones\\\/#primaryimage\"},\"image\":{\"@id\":\"https:\\\/\\\/www.on-school.com\\\/blog\\\/la-ensenanza-de-las-fracciones\\\/#primaryimage\"},\"thumbnailUrl\":\"https:\\\/\\\/www.on-school.com\\\/blog\\\/wp-content\\\/uploads\\\/2014\\\/11\\\/fracciones1.jpg\",\"datePublished\":\"2014-11-13T16:55:41+00:00\",\"dateModified\":\"2014-11-18T17:03:03+00:00\",\"description\":\"La ense\u00f1anza de las fracciones\",\"breadcrumb\":{\"@id\":\"https:\\\/\\\/www.on-school.com\\\/blog\\\/la-ensenanza-de-las-fracciones\\\/#breadcrumb\"},\"inLanguage\":\"en-US\",\"potentialAction\":[{\"@type\":\"ReadAction\",\"target\":[\"https:\\\/\\\/www.on-school.com\\\/blog\\\/la-ensenanza-de-las-fracciones\\\/\"]}]},{\"@type\":\"ImageObject\",\"inLanguage\":\"en-US\",\"@id\":\"https:\\\/\\\/www.on-school.com\\\/blog\\\/la-ensenanza-de-las-fracciones\\\/#primaryimage\",\"url\":\"https:\\\/\\\/www.on-school.com\\\/blog\\\/wp-content\\\/uploads\\\/2014\\\/11\\\/fracciones1.jpg\",\"contentUrl\":\"https:\\\/\\\/www.on-school.com\\\/blog\\\/wp-content\\\/uploads\\\/2014\\\/11\\\/fracciones1.jpg\",\"width\":400,\"height\":389,\"caption\":\"Fracciones\"},{\"@type\":\"BreadcrumbList\",\"@id\":\"https:\\\/\\\/www.on-school.com\\\/blog\\\/la-ensenanza-de-las-fracciones\\\/#breadcrumb\",\"itemListElement\":[{\"@type\":\"ListItem\",\"position\":1,\"name\":\"Inicio\",\"item\":\"https:\\\/\\\/www.on-school.com\\\/blog\\\/\"},{\"@type\":\"ListItem\",\"position\":2,\"name\":\"La ense\u00f1anza de las fracciones\"}]},{\"@type\":\"WebSite\",\"@id\":\"https:\\\/\\\/www.on-school.com\\\/blog\\\/#website\",\"url\":\"https:\\\/\\\/www.on-school.com\\\/blog\\\/\",\"name\":\"On-School\",\"description\":\"Aula Virtual Educativa\",\"publisher\":{\"@id\":\"https:\\\/\\\/www.on-school.com\\\/blog\\\/#organization\"},\"potentialAction\":[{\"@type\":\"SearchAction\",\"target\":{\"@type\":\"EntryPoint\",\"urlTemplate\":\"https:\\\/\\\/www.on-school.com\\\/blog\\\/?s={search_term_string}\"},\"query-input\":{\"@type\":\"PropertyValueSpecification\",\"valueRequired\":true,\"valueName\":\"search_term_string\"}}],\"inLanguage\":\"en-US\"},{\"@type\":\"Organization\",\"@id\":\"https:\\\/\\\/www.on-school.com\\\/blog\\\/#organization\",\"name\":\"On-School\",\"url\":\"https:\\\/\\\/www.on-school.com\\\/blog\\\/\",\"logo\":{\"@type\":\"ImageObject\",\"inLanguage\":\"en-US\",\"@id\":\"https:\\\/\\\/www.on-school.com\\\/blog\\\/#\\\/schema\\\/logo\\\/image\\\/\",\"url\":\"https:\\\/\\\/www.on-school.com\\\/blog\\\/wp-content\\\/uploads\\\/2025\\\/09\\\/logoNewSchool.jpg\",\"contentUrl\":\"https:\\\/\\\/www.on-school.com\\\/blog\\\/wp-content\\\/uploads\\\/2025\\\/09\\\/logoNewSchool.jpg\",\"width\":778,\"height\":777,\"caption\":\"On-School\"},\"image\":{\"@id\":\"https:\\\/\\\/www.on-school.com\\\/blog\\\/#\\\/schema\\\/logo\\\/image\\\/\"},\"sameAs\":[\"https:\\\/\\\/www.facebook.com\\\/pages\\\/On-School-Plataforma-Educativa-Virtual\\\/359347014214506\",\"https:\\\/\\\/x.com\\\/dannyrq0103\"]},{\"@type\":\"Person\",\"@id\":\"https:\\\/\\\/www.on-school.com\\\/blog\\\/#\\\/schema\\\/person\\\/60396eb2dba803d5c761e33f467a0e58\",\"name\":\"jolusafe5\",\"image\":{\"@type\":\"ImageObject\",\"inLanguage\":\"en-US\",\"@id\":\"https:\\\/\\\/secure.gravatar.com\\\/avatar\\\/d2a6967d3c1736c22d3eca3839cb5260e71ac1ef16ce076cb36aeea8ca491315?s=96&d=mm&r=g\",\"url\":\"https:\\\/\\\/secure.gravatar.com\\\/avatar\\\/d2a6967d3c1736c22d3eca3839cb5260e71ac1ef16ce076cb36aeea8ca491315?s=96&d=mm&r=g\",\"contentUrl\":\"https:\\\/\\\/secure.gravatar.com\\\/avatar\\\/d2a6967d3c1736c22d3eca3839cb5260e71ac1ef16ce076cb36aeea8ca491315?s=96&d=mm&r=g\",\"caption\":\"jolusafe5\"},\"description\":\"Apasionado por los temas educativos, ciencias sociales y tecnolog\u00eda. Ingeniero en Computaci\u00f3n y Sistemas por la Universidad Popular Aut\u00f3noma del Estado de Puebla (UPAEP) . Maestr\u00eda en Inform\u00e1tica Aplicada por el Instituto Tecnol\u00f3gico y de Estudios Superiores de Occidente (ITESO). Estudiante de Maestr\u00eda en Inteligencia Artificial por ALINNCO.\",\"sameAs\":[\"http:\\\/\\\/www.on-school.com\",\"https:\\\/\\\/www.facebook.com\\\/jolusafe5\",\"https:\\\/\\\/x.com\\\/jolusafe5\"],\"url\":\"https:\\\/\\\/www.on-school.com\\\/blog\\\/author\\\/jolusafe5\\\/\"}]}<\/script>\n<!-- \/ Yoast SEO plugin. -->","yoast_head_json":{"title":"La ense\u00f1anza de las fracciones  - On-School","description":"La ense\u00f1anza de las fracciones","robots":{"index":"index","follow":"follow","max-snippet":"max-snippet:-1","max-image-preview":"max-image-preview:large","max-video-preview":"max-video-preview:-1"},"canonical":"https:\/\/www.on-school.com\/blog\/la-ensenanza-de-las-fracciones\/","og_locale":"en_US","og_type":"article","og_title":"La ense\u00f1anza de las fracciones  - On-School","og_description":"La ense\u00f1anza de las fracciones","og_url":"https:\/\/www.on-school.com\/blog\/la-ensenanza-de-las-fracciones\/","og_site_name":"On-School","article_publisher":"https:\/\/www.facebook.com\/pages\/On-School-Plataforma-Educativa-Virtual\/359347014214506","article_author":"https:\/\/www.facebook.com\/jolusafe5","article_published_time":"2014-11-13T16:55:41+00:00","article_modified_time":"2014-11-18T17:03:03+00:00","og_image":[{"width":400,"height":389,"url":"https:\/\/www.on-school.com\/blog\/wp-content\/uploads\/2014\/11\/fracciones1.jpg","type":"image\/jpeg"}],"author":"jolusafe5","twitter_card":"summary_large_image","twitter_creator":"@jolusafe5","twitter_site":"@dannyrq0103","twitter_misc":{"Written by":"jolusafe5","Est. reading time":"4 minutes"},"schema":{"@context":"https:\/\/schema.org","@graph":[{"@type":"Article","@id":"https:\/\/www.on-school.com\/blog\/la-ensenanza-de-las-fracciones\/#article","isPartOf":{"@id":"https:\/\/www.on-school.com\/blog\/la-ensenanza-de-las-fracciones\/"},"author":{"name":"jolusafe5","@id":"https:\/\/www.on-school.com\/blog\/#\/schema\/person\/60396eb2dba803d5c761e33f467a0e58"},"headline":"La ense\u00f1anza de las fracciones","datePublished":"2014-11-13T16:55:41+00:00","dateModified":"2014-11-18T17:03:03+00:00","mainEntityOfPage":{"@id":"https:\/\/www.on-school.com\/blog\/la-ensenanza-de-las-fracciones\/"},"wordCount":711,"commentCount":0,"publisher":{"@id":"https:\/\/www.on-school.com\/blog\/#organization"},"image":{"@id":"https:\/\/www.on-school.com\/blog\/la-ensenanza-de-las-fracciones\/#primaryimage"},"thumbnailUrl":"https:\/\/www.on-school.com\/blog\/wp-content\/uploads\/2014\/11\/fracciones1.jpg","keywords":["denominador","fracciones","impropia","mixta","numerador","propia","tipos de fracciones"],"articleSection":["Estrategias del aprendizaje y ense\u00f1anza","Matem\u00e1ticas"],"inLanguage":"en-US","potentialAction":[{"@type":"CommentAction","name":"Comment","target":["https:\/\/www.on-school.com\/blog\/la-ensenanza-de-las-fracciones\/#respond"]}]},{"@type":"WebPage","@id":"https:\/\/www.on-school.com\/blog\/la-ensenanza-de-las-fracciones\/","url":"https:\/\/www.on-school.com\/blog\/la-ensenanza-de-las-fracciones\/","name":"La ense\u00f1anza de las fracciones - On-School","isPartOf":{"@id":"https:\/\/www.on-school.com\/blog\/#website"},"primaryImageOfPage":{"@id":"https:\/\/www.on-school.com\/blog\/la-ensenanza-de-las-fracciones\/#primaryimage"},"image":{"@id":"https:\/\/www.on-school.com\/blog\/la-ensenanza-de-las-fracciones\/#primaryimage"},"thumbnailUrl":"https:\/\/www.on-school.com\/blog\/wp-content\/uploads\/2014\/11\/fracciones1.jpg","datePublished":"2014-11-13T16:55:41+00:00","dateModified":"2014-11-18T17:03:03+00:00","description":"La ense\u00f1anza de las fracciones","breadcrumb":{"@id":"https:\/\/www.on-school.com\/blog\/la-ensenanza-de-las-fracciones\/#breadcrumb"},"inLanguage":"en-US","potentialAction":[{"@type":"ReadAction","target":["https:\/\/www.on-school.com\/blog\/la-ensenanza-de-las-fracciones\/"]}]},{"@type":"ImageObject","inLanguage":"en-US","@id":"https:\/\/www.on-school.com\/blog\/la-ensenanza-de-las-fracciones\/#primaryimage","url":"https:\/\/www.on-school.com\/blog\/wp-content\/uploads\/2014\/11\/fracciones1.jpg","contentUrl":"https:\/\/www.on-school.com\/blog\/wp-content\/uploads\/2014\/11\/fracciones1.jpg","width":400,"height":389,"caption":"Fracciones"},{"@type":"BreadcrumbList","@id":"https:\/\/www.on-school.com\/blog\/la-ensenanza-de-las-fracciones\/#breadcrumb","itemListElement":[{"@type":"ListItem","position":1,"name":"Inicio","item":"https:\/\/www.on-school.com\/blog\/"},{"@type":"ListItem","position":2,"name":"La ense\u00f1anza de las fracciones"}]},{"@type":"WebSite","@id":"https:\/\/www.on-school.com\/blog\/#website","url":"https:\/\/www.on-school.com\/blog\/","name":"On-School","description":"Aula Virtual Educativa","publisher":{"@id":"https:\/\/www.on-school.com\/blog\/#organization"},"potentialAction":[{"@type":"SearchAction","target":{"@type":"EntryPoint","urlTemplate":"https:\/\/www.on-school.com\/blog\/?s={search_term_string}"},"query-input":{"@type":"PropertyValueSpecification","valueRequired":true,"valueName":"search_term_string"}}],"inLanguage":"en-US"},{"@type":"Organization","@id":"https:\/\/www.on-school.com\/blog\/#organization","name":"On-School","url":"https:\/\/www.on-school.com\/blog\/","logo":{"@type":"ImageObject","inLanguage":"en-US","@id":"https:\/\/www.on-school.com\/blog\/#\/schema\/logo\/image\/","url":"https:\/\/www.on-school.com\/blog\/wp-content\/uploads\/2025\/09\/logoNewSchool.jpg","contentUrl":"https:\/\/www.on-school.com\/blog\/wp-content\/uploads\/2025\/09\/logoNewSchool.jpg","width":778,"height":777,"caption":"On-School"},"image":{"@id":"https:\/\/www.on-school.com\/blog\/#\/schema\/logo\/image\/"},"sameAs":["https:\/\/www.facebook.com\/pages\/On-School-Plataforma-Educativa-Virtual\/359347014214506","https:\/\/x.com\/dannyrq0103"]},{"@type":"Person","@id":"https:\/\/www.on-school.com\/blog\/#\/schema\/person\/60396eb2dba803d5c761e33f467a0e58","name":"jolusafe5","image":{"@type":"ImageObject","inLanguage":"en-US","@id":"https:\/\/secure.gravatar.com\/avatar\/d2a6967d3c1736c22d3eca3839cb5260e71ac1ef16ce076cb36aeea8ca491315?s=96&d=mm&r=g","url":"https:\/\/secure.gravatar.com\/avatar\/d2a6967d3c1736c22d3eca3839cb5260e71ac1ef16ce076cb36aeea8ca491315?s=96&d=mm&r=g","contentUrl":"https:\/\/secure.gravatar.com\/avatar\/d2a6967d3c1736c22d3eca3839cb5260e71ac1ef16ce076cb36aeea8ca491315?s=96&d=mm&r=g","caption":"jolusafe5"},"description":"Apasionado por los temas educativos, ciencias sociales y tecnolog\u00eda. Ingeniero en Computaci\u00f3n y Sistemas por la Universidad Popular Aut\u00f3noma del Estado de Puebla (UPAEP) . Maestr\u00eda en Inform\u00e1tica Aplicada por el Instituto Tecnol\u00f3gico y de Estudios Superiores de Occidente (ITESO). Estudiante de Maestr\u00eda en Inteligencia Artificial por ALINNCO.","sameAs":["http:\/\/www.on-school.com","https:\/\/www.facebook.com\/jolusafe5","https:\/\/x.com\/jolusafe5"],"url":"https:\/\/www.on-school.com\/blog\/author\/jolusafe5\/"}]}},"jetpack_publicize_connections":[],"jetpack_featured_media_url":"https:\/\/www.on-school.com\/blog\/wp-content\/uploads\/2014\/11\/fracciones1.jpg","jetpack_shortlink":"https:\/\/wp.me\/p4Yboc-7Y","jetpack_sharing_enabled":true,"jetpack-related-posts":[{"id":375,"url":"https:\/\/www.on-school.com\/blog\/matematicas-fracciones-propias-impropias-y-mixtas-cuarto-quinto-sexto-grado\/","url_meta":{"origin":494,"position":0},"title":"Matem\u00e1ticas \u2013 Fracciones propias, impropias y mixtas \u2013 Cuarto, Quinto, Sexto Grado","author":"jolusafe5","date":"17\/10\/2014","format":false,"excerpt":"Material Did\u00e1ctico: Puedes descargar el material did\u00e1ctico en el siguiente link:\u00a0Matem\u00e1ticas - Ejercicios de Fracciones - Quinto y Sexto Grado\u00a0.\u00a0En este otro link, podr\u00e1s descargar un domin\u00f3 que te servir\u00e1 como apoyo did\u00e1ctico para la ense\u00f1anza de las fracciones.\u00a0Material Did\u00e1ctico - Domin\u00f3 para Ense\u00f1anza de Fracciones. Adem\u00e1s, te compartimos las\u2026","rel":"","context":"In &quot;Cuarto Grado&quot;","block_context":{"text":"Cuarto Grado","link":"https:\/\/www.on-school.com\/blog\/category\/sistema-educativo\/educacion-basica\/primaria\/cuarto-grado\/"},"img":{"alt_text":"","src":"https:\/\/i0.wp.com\/www.disfrutalasmatematicas.com\/images\/fractions\/pie-1-2.jpg?resize=350%2C200","width":350,"height":200},"classes":[]},{"id":366,"url":"https:\/\/www.on-school.com\/blog\/matematicas-fracciones-equivalentes-tercer-cuarto-quinto-grado\/","url_meta":{"origin":494,"position":1},"title":"Matem\u00e1ticas \u2013 Fracciones Equivalentes \u2013 Tercer, Cuarto, Quinto Grado","author":"jolusafe5","date":"09\/10\/2014","format":false,"excerpt":"Fracciones Equivalentes (En el siguiente link pueden descargar el material que cuenta con lo siguiente: Fracciones Equivalentes). En este otro link, podr\u00e1s descargar un domin\u00f3 que te servir\u00e1 como apoyo did\u00e1ctico para la ense\u00f1anza de las fracciones.\u00a0Material Did\u00e1ctico - Domin\u00f3 para Ense\u00f1anza de Fracciones Adem\u00e1s, te compartimos las siguientes fotograf\u00edas\u2026","rel":"","context":"In &quot;Cuarto Grado&quot;","block_context":{"text":"Cuarto Grado","link":"https:\/\/www.on-school.com\/blog\/category\/sistema-educativo\/educacion-basica\/primaria\/cuarto-grado\/"},"img":{"alt_text":"Fracciones Equivalentes","src":"https:\/\/i0.wp.com\/www.on-school.com\/blog\/wp-content\/uploads\/2014\/10\/fracciones-equivalentes1.jpg?resize=350%2C200&ssl=1","width":350,"height":200,"srcset":"https:\/\/i0.wp.com\/www.on-school.com\/blog\/wp-content\/uploads\/2014\/10\/fracciones-equivalentes1.jpg?resize=350%2C200&ssl=1 1x, https:\/\/i0.wp.com\/www.on-school.com\/blog\/wp-content\/uploads\/2014\/10\/fracciones-equivalentes1.jpg?resize=525%2C300&ssl=1 1.5x"},"classes":[]},{"id":1171,"url":"https:\/\/www.on-school.com\/blog\/matematicas-ejercicio-colorear-grupo-de-figuras-para-representar-fracciones-primaria\/","url_meta":{"origin":494,"position":2},"title":"Matem\u00e1ticas \u2013 Ejercicio: Colorear grupo de figuras para representar fracciones &#8211; Primaria","author":"jolusafe5","date":"18\/01\/2016","format":false,"excerpt":"Material Did\u00e1ctico: Puedes descargar el material did\u00e1ctico en el siguiente link: Material Did\u00e1ctico - Ejercicios Fracciones - Colorear grupo de formas Objetivo: Material orientado a alumnos de Primaria. Estas hojas de trabajo est\u00e1n dise\u00f1adas para ser trabajadas en el sal\u00f3n de clase y reforzar el tema de fracciones. La finalidad\u2026","rel":"","context":"In &quot;Matem\u00e1ticas&quot;","block_context":{"text":"Matem\u00e1ticas","link":"https:\/\/www.on-school.com\/blog\/category\/sistema-educativo\/educacion-basica\/primaria\/segundo-grado\/matematicas\/"},"img":{"alt_text":"Coloreado figuras que representar fracciones","src":"https:\/\/i0.wp.com\/www.on-school.com\/blog\/wp-content\/uploads\/2016\/01\/Coloreado-figuras-que-representar-fracciones.jpg?resize=350%2C200&ssl=1","width":350,"height":200},"classes":[]},{"id":1213,"url":"https:\/\/www.on-school.com\/blog\/matematicas-coleccion-de-fracciones-equivalentes-primaria\/","url_meta":{"origin":494,"position":3},"title":"Matem\u00e1ticas &#8211; Colecci\u00f3n de Fracciones Equivalentes- Primaria","author":"jolusafe5","date":"25\/02\/2016","format":false,"excerpt":"Material Did\u00e1ctico: Puedes descargar el material did\u00e1ctico en el siguiente link:\u00a0Desaf\u00edos Matem\u00e1ticos - Colecci\u00f3n de Fracciones Equivalentes Estas hojas de trabajo est\u00e1n dise\u00f1adas para ser trabajadas en el sal\u00f3n de clase o en casa con ayuda de los padres de familia. La finalidad de \u00e9stos ejercicios es desarrollar y mejorar\u2026","rel":"","context":"In &quot;Matem\u00e1ticas&quot;","block_context":{"text":"Matem\u00e1ticas","link":"https:\/\/www.on-school.com\/blog\/category\/sistema-educativo\/educacion-basica\/primaria\/segundo-grado\/matematicas\/"},"img":{"alt_text":"Fracciones Equivalentes","src":"https:\/\/i0.wp.com\/www.on-school.com\/blog\/wp-content\/uploads\/2016\/02\/matemat116pg1.jpg?resize=350%2C200&ssl=1","width":350,"height":200},"classes":[]},{"id":491,"url":"https:\/\/www.on-school.com\/blog\/la-ensenanza-de-las-matematicas\/","url_meta":{"origin":494,"position":4},"title":"La Ense\u00f1anza de las matem\u00e1ticas","author":"jolusafe5","date":"12\/11\/2014","format":false,"excerpt":"Para abordar y comprender el proceso de ense\u00f1anza \u2013 aprendizaje de las fracciones es necesario tener bases psicopedag\u00f3gicas que tomen en cuenta las etapas y caracter\u00edsticas de los estudiantes de sexto a\u00f1o con los cuales se va a trabajar, ya que de acuerdo a esto desarrollaremos diversas estrategias para fomentar\u2026","rel":"","context":"In &quot;Estrategias del aprendizaje y ense\u00f1anza&quot;","block_context":{"text":"Estrategias del aprendizaje y ense\u00f1anza","link":"https:\/\/www.on-school.com\/blog\/category\/procesos-educativos\/estrategias-del-aprendizaje-y-ensenanza\/"},"img":{"alt_text":"Aprendiendo Matem\u00e1ticas","src":"https:\/\/i0.wp.com\/www.on-school.com\/blog\/wp-content\/uploads\/2014\/11\/MATEMATICAS1.jpg?resize=350%2C200&ssl=1","width":350,"height":200},"classes":[]},{"id":1801,"url":"https:\/\/www.on-school.com\/blog\/metodos-de-ensenanza-de-las-matematicas\/","url_meta":{"origin":494,"position":5},"title":"M\u00e9todos de ense\u00f1anza de las matem\u00e1ticas","author":"jolusafe5","date":"25\/10\/2019","format":false,"excerpt":"M\u00e9todos de ense\u00f1anza de las Matem\u00e1ticas Una gran parte del \u00e9xito del proceso docente depende de la utilizaci\u00f3n de m\u00e9todos de ense\u00f1anza racionales y productivos que se seleccionan tomando en consideraci\u00f3n los objetivos y las peculiaridades del proceso de asimilaci\u00f3n de los conocimientos. La asimilaci\u00f3n de conocimientos es un tipo\u2026","rel":"","context":"In &quot;Matem\u00e1ticas&quot;","block_context":{"text":"Matem\u00e1ticas","link":"https:\/\/www.on-school.com\/blog\/category\/sistema-educativo\/educacion-basica\/primaria\/segundo-grado\/matematicas\/"},"img":{"alt_text":"M\u00e9todos de ense\u00f1anza de las Matem\u00e1ticas","src":"https:\/\/i0.wp.com\/www.on-school.com\/blog\/wp-content\/uploads\/2019\/10\/ni%C3%B1os-matem%C3%A1ticas1.jpg?resize=350%2C200&ssl=1","width":350,"height":200,"srcset":"https:\/\/i0.wp.com\/www.on-school.com\/blog\/wp-content\/uploads\/2019\/10\/ni%C3%B1os-matem%C3%A1ticas1.jpg?resize=350%2C200&ssl=1 1x, https:\/\/i0.wp.com\/www.on-school.com\/blog\/wp-content\/uploads\/2019\/10\/ni%C3%B1os-matem%C3%A1ticas1.jpg?resize=525%2C300&ssl=1 1.5x, https:\/\/i0.wp.com\/www.on-school.com\/blog\/wp-content\/uploads\/2019\/10\/ni%C3%B1os-matem%C3%A1ticas1.jpg?resize=700%2C400&ssl=1 2x"},"classes":[]}],"jetpack_likes_enabled":true,"_links":{"self":[{"href":"https:\/\/www.on-school.com\/blog\/wp-json\/wp\/v2\/posts\/494","targetHints":{"allow":["GET"]}}],"collection":[{"href":"https:\/\/www.on-school.com\/blog\/wp-json\/wp\/v2\/posts"}],"about":[{"href":"https:\/\/www.on-school.com\/blog\/wp-json\/wp\/v2\/types\/post"}],"author":[{"embeddable":true,"href":"https:\/\/www.on-school.com\/blog\/wp-json\/wp\/v2\/users\/1"}],"replies":[{"embeddable":true,"href":"https:\/\/www.on-school.com\/blog\/wp-json\/wp\/v2\/comments?post=494"}],"version-history":[{"count":1,"href":"https:\/\/www.on-school.com\/blog\/wp-json\/wp\/v2\/posts\/494\/revisions"}],"predecessor-version":[{"id":496,"href":"https:\/\/www.on-school.com\/blog\/wp-json\/wp\/v2\/posts\/494\/revisions\/496"}],"wp:featuredmedia":[{"embeddable":true,"href":"https:\/\/www.on-school.com\/blog\/wp-json\/wp\/v2\/media\/495"}],"wp:attachment":[{"href":"https:\/\/www.on-school.com\/blog\/wp-json\/wp\/v2\/media?parent=494"}],"wp:term":[{"taxonomy":"category","embeddable":true,"href":"https:\/\/www.on-school.com\/blog\/wp-json\/wp\/v2\/categories?post=494"},{"taxonomy":"post_tag","embeddable":true,"href":"https:\/\/www.on-school.com\/blog\/wp-json\/wp\/v2\/tags?post=494"}],"curies":[{"name":"wp","href":"https:\/\/api.w.org\/{rel}","templated":true}]}}