{"id":431,"date":"2014-10-26T16:05:53","date_gmt":"2014-10-26T16:05:53","guid":{"rendered":"http:\/\/www.on-school.com\/blog\/?p=431"},"modified":"2014-11-09T16:16:48","modified_gmt":"2014-11-09T16:16:48","slug":"reporte-de-lectura-la-gestion-pedagogica-de-la-escuela-furlan-landesmann-y-pasillas","status":"publish","type":"post","link":"https:\/\/www.on-school.com\/blog\/reporte-de-lectura-la-gestion-pedagogica-de-la-escuela-furlan-landesmann-y-pasillas\/","title":{"rendered":"Reporte de lectura &#8220;La gesti\u00f3n pedag\u00f3gica de la escuela&#8221; (Furlan, Landesmann y Pasillas)"},"content":{"rendered":"<p>Furl\u00e1n nos indica en esta lectura, una breve explicaci\u00f3n de la gesti\u00f3n pedag\u00f3gica dentro de una instituci\u00f3n, comenta que esta acci\u00f3n debe ser el labor primordial para que la educaci\u00f3n sea un autentico instrumento en la transformaci\u00f3n social del ser humano, es decir, se necesita de un cambio educativo donde est\u00e9n involucrados; alumnos, maestros, para el aprendizaje y la ense\u00f1anza de ellos.<br \/>\nAl igual, propone una administraci\u00f3n educativa con el fin de cumplir las expectativas de alumnos-docente.<br \/>\nSe\u00f1ala un perfil integral, coherente y unificado de decisiones y define objetivos institucionales, propuestas de acci\u00f3n y las prioridades de una administraci\u00f3n educativa.<br \/>\nNos indica la  noci\u00f3n de autoridad en donde aborda un concepto de relaci\u00f3n entre lo directivo y la instituci\u00f3n. Este liderazgo debe tener como base un saber coherente y habilidades expresivas, para abordar situaciones que se presenten en un ambiente  de directivos y dem\u00e1s. Por eso se dice que el rol directivo implica la gesti\u00f3n de los procesos formales de la instituci\u00f3n.<br \/>\nPor otra parte, F\u00farlan nos dice que la escuela es un espacio social de excelencia, en la cual se requiere de una reflexi\u00f3n constante por parte de sus miembros, para que sobre la pr\u00e1ctica educativa aprendan a valorar el \u00e9xito, revisar los conflictos y dificultades que se presenten a trav\u00e9s de un esfuerzo colectivo, el estar unidos todos los integrantes del proceso implica tomar conciencia del desarrollo del individuo y del colectivo sobre la base de combinar la libertad, la espontaneidad, la interacci\u00f3n y la existencia del grupo que conforman el trabajo educativo.<br \/>\nAs\u00ed mismo plantea que la aceptaci\u00f3n de todos los componentes de una instituci\u00f3n, docentes, administrativos, alumnos, comunidad educativa, debe basarse en una vida colectiva que valore la cr\u00edtica y el di\u00e1logo, en donde predomine la confianza mutua y la participaci\u00f3n de todos, generando un buen clima de convivencia escolar.<br \/>\nAhora bien, que nos quiere decir F\u00farlan con esto, que la gesti\u00f3n educativa se encuentra en un dilema filos\u00f3fico donde postula la acci\u00f3n educativa, como una relaci\u00f3n dial\u00e9ctica en la cual, interviene un grupo de sujetos, directivos, profesores, estudiantes y familias, que toman decisiones y ejecutan acciones, y que es necesario reconocer las semejanzas y las diferencias por parte de este grupo de actores, as\u00ed como, la definici\u00f3n de una serie de acciones concretas que conduzcan a los actores al logro de un objetivo en com\u00fan.<br \/>\nPero adem\u00e1s, pienso que la gesti\u00f3n educativa est\u00e1 relacionada con un encargo social, el de transformar a los individuos y la sociedad, en su educaci\u00f3n.<br \/>\nPor \u00faltimo, creo que la gesti\u00f3n educativa tiene como objetivo intervenir en el ciclo de la administraci\u00f3n, en las fases de planeaci\u00f3n, organizaci\u00f3n, ejecuci\u00f3n evaluaci\u00f3n y control, es pertinente que en la fase de planeaci\u00f3n se reflexione sobre la prospectiva educativa, en donde se involucre la autonom\u00eda, la democracia, calidad educativa, formaci\u00f3n integral y el surgimiento de instituciones innovadoras en cuanto a la educaci\u00f3n del alumno y docentes.<\/p>\n","protected":false},"excerpt":{"rendered":"<p>Furl\u00e1n nos indica en esta lectura, una breve explicaci\u00f3n de la gesti\u00f3n pedag\u00f3gica dentro de una instituci\u00f3n, comenta que esta acci\u00f3n debe ser el labor primordial para que la educaci\u00f3n sea un autentico instrumento en la transformaci\u00f3n social del ser humano, es decir, se necesita de un cambio educativo donde est\u00e9n involucrados; alumnos, maestros, para [&hellip;]<\/p>\n","protected":false},"author":2,"featured_media":433,"comment_status":"open","ping_status":"open","sticky":false,"template":"","format":"standard","meta":{"om_disable_all_campaigns":false,"_monsterinsights_skip_tracking":false,"_monsterinsights_sitenote_active":false,"_monsterinsights_sitenote_note":"","_monsterinsights_sitenote_category":0,"_uf_show_specific_survey":0,"_uf_disable_surveys":false,"jetpack_post_was_ever_published":false,"_jetpack_newsletter_access":"","_jetpack_dont_email_post_to_subs":false,"_jetpack_newsletter_tier_id":0,"_jetpack_memberships_contains_paywalled_content":false,"_jetpack_memberships_contains_paid_content":false,"footnotes":"","jetpack_publicize_message":"","jetpack_publicize_feature_enabled":true,"jetpack_social_post_already_shared":true,"jetpack_social_options":{"image_generator_settings":{"template":"highway","default_image_id":0,"font":"","enabled":false},"version":2}},"categories":[367],"tags":[400,148,401,33,345,396,399,397,147,398,145],"class_list":["post-431","post","type-post","status-publish","format-standard","has-post-thumbnail","hentry","category-gestion-educativa","tag-administracion-educativa","tag-control","tag-ejecucion","tag-escuela","tag-evaluacion","tag-furlan","tag-gestion-pedagogica","tag-landesmann","tag-organizacion","tag-pasillas","tag-planeacion"],"yoast_head":"<!-- This site is optimized with the Yoast SEO plugin v27.5 - https:\/\/yoast.com\/product\/yoast-seo-wordpress\/ -->\n<title>Reporte de lectura &quot;La gesti\u00f3n pedag\u00f3gica de la escuela&quot; (Furlan, Landesmann y Pasillas) - On-School<\/title>\n<meta name=\"description\" content=\"Reporte de lectura &quot;La gesti\u00f3n pedag\u00f3gica de la escuela&quot; (Furlan, Landesmann y Pasillas)\" \/>\n<meta name=\"robots\" content=\"index, follow, max-snippet:-1, max-image-preview:large, max-video-preview:-1\" \/>\n<link rel=\"canonical\" href=\"https:\/\/www.on-school.com\/blog\/reporte-de-lectura-la-gestion-pedagogica-de-la-escuela-furlan-landesmann-y-pasillas\/\" \/>\n<meta property=\"og:locale\" content=\"en_US\" \/>\n<meta property=\"og:type\" content=\"article\" \/>\n<meta property=\"og:title\" content=\"Reporte de lectura &quot;La gesti\u00f3n pedag\u00f3gica de la escuela&quot; (Furlan, Landesmann y Pasillas) - On-School\" \/>\n<meta property=\"og:description\" content=\"Reporte de lectura &quot;La gesti\u00f3n pedag\u00f3gica de la escuela&quot; (Furlan, Landesmann y Pasillas)\" \/>\n<meta property=\"og:url\" content=\"https:\/\/www.on-school.com\/blog\/reporte-de-lectura-la-gestion-pedagogica-de-la-escuela-furlan-landesmann-y-pasillas\/\" \/>\n<meta property=\"og:site_name\" content=\"On-School\" \/>\n<meta property=\"article:publisher\" content=\"https:\/\/www.facebook.com\/pages\/On-School-Plataforma-Educativa-Virtual\/359347014214506\" \/>\n<meta property=\"article:author\" content=\"https:\/\/www.facebook.com\/dannyrq03\" \/>\n<meta property=\"article:published_time\" content=\"2014-10-26T16:05:53+00:00\" \/>\n<meta property=\"article:modified_time\" content=\"2014-11-09T16:16:48+00:00\" \/>\n<meta property=\"og:image\" content=\"https:\/\/www.on-school.com\/blog\/wp-content\/uploads\/2014\/11\/grafico051.jpg\" \/>\n\t<meta property=\"og:image:width\" content=\"570\" \/>\n\t<meta property=\"og:image:height\" content=\"240\" \/>\n\t<meta property=\"og:image:type\" content=\"image\/jpeg\" \/>\n<meta name=\"author\" content=\"Daniela Robles\" \/>\n<meta name=\"twitter:card\" content=\"summary_large_image\" \/>\n<meta name=\"twitter:creator\" content=\"@dannyrq0103\" \/>\n<meta name=\"twitter:site\" content=\"@dannyrq0103\" \/>\n<meta name=\"twitter:label1\" content=\"Written by\" \/>\n\t<meta name=\"twitter:data1\" content=\"Daniela Robles\" \/>\n\t<meta name=\"twitter:label2\" content=\"Est. reading time\" \/>\n\t<meta name=\"twitter:data2\" content=\"3 minutes\" \/>\n<script type=\"application\/ld+json\" class=\"yoast-schema-graph\">{\"@context\":\"https:\\\/\\\/schema.org\",\"@graph\":[{\"@type\":\"Article\",\"@id\":\"https:\\\/\\\/www.on-school.com\\\/blog\\\/reporte-de-lectura-la-gestion-pedagogica-de-la-escuela-furlan-landesmann-y-pasillas\\\/#article\",\"isPartOf\":{\"@id\":\"https:\\\/\\\/www.on-school.com\\\/blog\\\/reporte-de-lectura-la-gestion-pedagogica-de-la-escuela-furlan-landesmann-y-pasillas\\\/\"},\"author\":{\"name\":\"Daniela Robles\",\"@id\":\"https:\\\/\\\/www.on-school.com\\\/blog\\\/#\\\/schema\\\/person\\\/9f7167a86251ef6b0fd1af6e5a5cf30b\"},\"headline\":\"Reporte de lectura &#8220;La gesti\u00f3n pedag\u00f3gica de la escuela&#8221; (Furlan, Landesmann y Pasillas)\",\"datePublished\":\"2014-10-26T16:05:53+00:00\",\"dateModified\":\"2014-11-09T16:16:48+00:00\",\"mainEntityOfPage\":{\"@id\":\"https:\\\/\\\/www.on-school.com\\\/blog\\\/reporte-de-lectura-la-gestion-pedagogica-de-la-escuela-furlan-landesmann-y-pasillas\\\/\"},\"wordCount\":549,\"commentCount\":0,\"publisher\":{\"@id\":\"https:\\\/\\\/www.on-school.com\\\/blog\\\/#organization\"},\"image\":{\"@id\":\"https:\\\/\\\/www.on-school.com\\\/blog\\\/reporte-de-lectura-la-gestion-pedagogica-de-la-escuela-furlan-landesmann-y-pasillas\\\/#primaryimage\"},\"thumbnailUrl\":\"https:\\\/\\\/www.on-school.com\\\/blog\\\/wp-content\\\/uploads\\\/2014\\\/11\\\/grafico051.jpg\",\"keywords\":[\"administraci\u00f3n educativa\",\"control\",\"ejecuci\u00f3n\",\"escuela\",\"evaluaci\u00f3n\",\"Furlan\",\"gesti\u00f3n pedag\u00f3gica\",\"Landesmann\",\"organizaci\u00f3n\",\"Pasillas\",\"planeaci\u00f3n\"],\"articleSection\":[\"Gesti\u00f3n Educativa\"],\"inLanguage\":\"en-US\",\"potentialAction\":[{\"@type\":\"CommentAction\",\"name\":\"Comment\",\"target\":[\"https:\\\/\\\/www.on-school.com\\\/blog\\\/reporte-de-lectura-la-gestion-pedagogica-de-la-escuela-furlan-landesmann-y-pasillas\\\/#respond\"]}]},{\"@type\":\"WebPage\",\"@id\":\"https:\\\/\\\/www.on-school.com\\\/blog\\\/reporte-de-lectura-la-gestion-pedagogica-de-la-escuela-furlan-landesmann-y-pasillas\\\/\",\"url\":\"https:\\\/\\\/www.on-school.com\\\/blog\\\/reporte-de-lectura-la-gestion-pedagogica-de-la-escuela-furlan-landesmann-y-pasillas\\\/\",\"name\":\"Reporte de lectura \\\"La gesti\u00f3n pedag\u00f3gica de la escuela\\\" (Furlan, Landesmann y Pasillas) - On-School\",\"isPartOf\":{\"@id\":\"https:\\\/\\\/www.on-school.com\\\/blog\\\/#website\"},\"primaryImageOfPage\":{\"@id\":\"https:\\\/\\\/www.on-school.com\\\/blog\\\/reporte-de-lectura-la-gestion-pedagogica-de-la-escuela-furlan-landesmann-y-pasillas\\\/#primaryimage\"},\"image\":{\"@id\":\"https:\\\/\\\/www.on-school.com\\\/blog\\\/reporte-de-lectura-la-gestion-pedagogica-de-la-escuela-furlan-landesmann-y-pasillas\\\/#primaryimage\"},\"thumbnailUrl\":\"https:\\\/\\\/www.on-school.com\\\/blog\\\/wp-content\\\/uploads\\\/2014\\\/11\\\/grafico051.jpg\",\"datePublished\":\"2014-10-26T16:05:53+00:00\",\"dateModified\":\"2014-11-09T16:16:48+00:00\",\"description\":\"Reporte de lectura \\\"La gesti\u00f3n pedag\u00f3gica de la escuela\\\" (Furlan, Landesmann y Pasillas)\",\"breadcrumb\":{\"@id\":\"https:\\\/\\\/www.on-school.com\\\/blog\\\/reporte-de-lectura-la-gestion-pedagogica-de-la-escuela-furlan-landesmann-y-pasillas\\\/#breadcrumb\"},\"inLanguage\":\"en-US\",\"potentialAction\":[{\"@type\":\"ReadAction\",\"target\":[\"https:\\\/\\\/www.on-school.com\\\/blog\\\/reporte-de-lectura-la-gestion-pedagogica-de-la-escuela-furlan-landesmann-y-pasillas\\\/\"]}]},{\"@type\":\"ImageObject\",\"inLanguage\":\"en-US\",\"@id\":\"https:\\\/\\\/www.on-school.com\\\/blog\\\/reporte-de-lectura-la-gestion-pedagogica-de-la-escuela-furlan-landesmann-y-pasillas\\\/#primaryimage\",\"url\":\"https:\\\/\\\/www.on-school.com\\\/blog\\\/wp-content\\\/uploads\\\/2014\\\/11\\\/grafico051.jpg\",\"contentUrl\":\"https:\\\/\\\/www.on-school.com\\\/blog\\\/wp-content\\\/uploads\\\/2014\\\/11\\\/grafico051.jpg\",\"width\":570,\"height\":240,\"caption\":\"Gesti\u00f3n de la Escuela\"},{\"@type\":\"BreadcrumbList\",\"@id\":\"https:\\\/\\\/www.on-school.com\\\/blog\\\/reporte-de-lectura-la-gestion-pedagogica-de-la-escuela-furlan-landesmann-y-pasillas\\\/#breadcrumb\",\"itemListElement\":[{\"@type\":\"ListItem\",\"position\":1,\"name\":\"Inicio\",\"item\":\"https:\\\/\\\/www.on-school.com\\\/blog\\\/\"},{\"@type\":\"ListItem\",\"position\":2,\"name\":\"Reporte de lectura &#8220;La gesti\u00f3n pedag\u00f3gica de la escuela&#8221; (Furlan, Landesmann y Pasillas)\"}]},{\"@type\":\"WebSite\",\"@id\":\"https:\\\/\\\/www.on-school.com\\\/blog\\\/#website\",\"url\":\"https:\\\/\\\/www.on-school.com\\\/blog\\\/\",\"name\":\"On-School\",\"description\":\"Aula Virtual Educativa\",\"publisher\":{\"@id\":\"https:\\\/\\\/www.on-school.com\\\/blog\\\/#organization\"},\"potentialAction\":[{\"@type\":\"SearchAction\",\"target\":{\"@type\":\"EntryPoint\",\"urlTemplate\":\"https:\\\/\\\/www.on-school.com\\\/blog\\\/?s={search_term_string}\"},\"query-input\":{\"@type\":\"PropertyValueSpecification\",\"valueRequired\":true,\"valueName\":\"search_term_string\"}}],\"inLanguage\":\"en-US\"},{\"@type\":\"Organization\",\"@id\":\"https:\\\/\\\/www.on-school.com\\\/blog\\\/#organization\",\"name\":\"On-School\",\"url\":\"https:\\\/\\\/www.on-school.com\\\/blog\\\/\",\"logo\":{\"@type\":\"ImageObject\",\"inLanguage\":\"en-US\",\"@id\":\"https:\\\/\\\/www.on-school.com\\\/blog\\\/#\\\/schema\\\/logo\\\/image\\\/\",\"url\":\"https:\\\/\\\/www.on-school.com\\\/blog\\\/wp-content\\\/uploads\\\/2025\\\/09\\\/logoNewSchool.jpg\",\"contentUrl\":\"https:\\\/\\\/www.on-school.com\\\/blog\\\/wp-content\\\/uploads\\\/2025\\\/09\\\/logoNewSchool.jpg\",\"width\":778,\"height\":777,\"caption\":\"On-School\"},\"image\":{\"@id\":\"https:\\\/\\\/www.on-school.com\\\/blog\\\/#\\\/schema\\\/logo\\\/image\\\/\"},\"sameAs\":[\"https:\\\/\\\/www.facebook.com\\\/pages\\\/On-School-Plataforma-Educativa-Virtual\\\/359347014214506\",\"https:\\\/\\\/x.com\\\/dannyrq0103\"]},{\"@type\":\"Person\",\"@id\":\"https:\\\/\\\/www.on-school.com\\\/blog\\\/#\\\/schema\\\/person\\\/9f7167a86251ef6b0fd1af6e5a5cf30b\",\"name\":\"Daniela Robles\",\"image\":{\"@type\":\"ImageObject\",\"inLanguage\":\"en-US\",\"@id\":\"https:\\\/\\\/secure.gravatar.com\\\/avatar\\\/d9ff050e27a23563c6b56ef3c34936d00257a29266068c8d767674f6773c1467?s=96&d=mm&r=g\",\"url\":\"https:\\\/\\\/secure.gravatar.com\\\/avatar\\\/d9ff050e27a23563c6b56ef3c34936d00257a29266068c8d767674f6773c1467?s=96&d=mm&r=g\",\"contentUrl\":\"https:\\\/\\\/secure.gravatar.com\\\/avatar\\\/d9ff050e27a23563c6b56ef3c34936d00257a29266068c8d767674f6773c1467?s=96&d=mm&r=g\",\"caption\":\"Daniela Robles\"},\"description\":\"Apasionada de los temas educativos. Mam\u00e1 de Luis Leonardo y Diana Camila. Licenciada en Ciencias de la Educaci\u00f3n por el Instituto Tecnol\u00f3gico y de Estudios Superiores de Occidente (ITESO). Maestr\u00eda en Inovaci\u00f3n tecnol\u00f3gica con Orientaci\u00f3n Educativa por la UVM\",\"sameAs\":[\"http:\\\/\\\/www.on-school.com\",\"https:\\\/\\\/www.facebook.com\\\/dannyrq03\",\"https:\\\/\\\/x.com\\\/dannyrq0103\"],\"url\":\"https:\\\/\\\/www.on-school.com\\\/blog\\\/author\\\/dannyrq0103\\\/\"}]}<\/script>\n<!-- \/ Yoast SEO plugin. -->","yoast_head_json":{"title":"Reporte de lectura \"La gesti\u00f3n pedag\u00f3gica de la escuela\" (Furlan, Landesmann y Pasillas) - On-School","description":"Reporte de lectura \"La gesti\u00f3n pedag\u00f3gica de la escuela\" (Furlan, Landesmann y Pasillas)","robots":{"index":"index","follow":"follow","max-snippet":"max-snippet:-1","max-image-preview":"max-image-preview:large","max-video-preview":"max-video-preview:-1"},"canonical":"https:\/\/www.on-school.com\/blog\/reporte-de-lectura-la-gestion-pedagogica-de-la-escuela-furlan-landesmann-y-pasillas\/","og_locale":"en_US","og_type":"article","og_title":"Reporte de lectura \"La gesti\u00f3n pedag\u00f3gica de la escuela\" (Furlan, Landesmann y Pasillas) - On-School","og_description":"Reporte de lectura \"La gesti\u00f3n pedag\u00f3gica de la escuela\" (Furlan, Landesmann y Pasillas)","og_url":"https:\/\/www.on-school.com\/blog\/reporte-de-lectura-la-gestion-pedagogica-de-la-escuela-furlan-landesmann-y-pasillas\/","og_site_name":"On-School","article_publisher":"https:\/\/www.facebook.com\/pages\/On-School-Plataforma-Educativa-Virtual\/359347014214506","article_author":"https:\/\/www.facebook.com\/dannyrq03","article_published_time":"2014-10-26T16:05:53+00:00","article_modified_time":"2014-11-09T16:16:48+00:00","og_image":[{"width":570,"height":240,"url":"https:\/\/www.on-school.com\/blog\/wp-content\/uploads\/2014\/11\/grafico051.jpg","type":"image\/jpeg"}],"author":"Daniela Robles","twitter_card":"summary_large_image","twitter_creator":"@dannyrq0103","twitter_site":"@dannyrq0103","twitter_misc":{"Written by":"Daniela Robles","Est. reading time":"3 minutes"},"schema":{"@context":"https:\/\/schema.org","@graph":[{"@type":"Article","@id":"https:\/\/www.on-school.com\/blog\/reporte-de-lectura-la-gestion-pedagogica-de-la-escuela-furlan-landesmann-y-pasillas\/#article","isPartOf":{"@id":"https:\/\/www.on-school.com\/blog\/reporte-de-lectura-la-gestion-pedagogica-de-la-escuela-furlan-landesmann-y-pasillas\/"},"author":{"name":"Daniela Robles","@id":"https:\/\/www.on-school.com\/blog\/#\/schema\/person\/9f7167a86251ef6b0fd1af6e5a5cf30b"},"headline":"Reporte de lectura &#8220;La gesti\u00f3n pedag\u00f3gica de la escuela&#8221; (Furlan, Landesmann y Pasillas)","datePublished":"2014-10-26T16:05:53+00:00","dateModified":"2014-11-09T16:16:48+00:00","mainEntityOfPage":{"@id":"https:\/\/www.on-school.com\/blog\/reporte-de-lectura-la-gestion-pedagogica-de-la-escuela-furlan-landesmann-y-pasillas\/"},"wordCount":549,"commentCount":0,"publisher":{"@id":"https:\/\/www.on-school.com\/blog\/#organization"},"image":{"@id":"https:\/\/www.on-school.com\/blog\/reporte-de-lectura-la-gestion-pedagogica-de-la-escuela-furlan-landesmann-y-pasillas\/#primaryimage"},"thumbnailUrl":"https:\/\/www.on-school.com\/blog\/wp-content\/uploads\/2014\/11\/grafico051.jpg","keywords":["administraci\u00f3n educativa","control","ejecuci\u00f3n","escuela","evaluaci\u00f3n","Furlan","gesti\u00f3n pedag\u00f3gica","Landesmann","organizaci\u00f3n","Pasillas","planeaci\u00f3n"],"articleSection":["Gesti\u00f3n Educativa"],"inLanguage":"en-US","potentialAction":[{"@type":"CommentAction","name":"Comment","target":["https:\/\/www.on-school.com\/blog\/reporte-de-lectura-la-gestion-pedagogica-de-la-escuela-furlan-landesmann-y-pasillas\/#respond"]}]},{"@type":"WebPage","@id":"https:\/\/www.on-school.com\/blog\/reporte-de-lectura-la-gestion-pedagogica-de-la-escuela-furlan-landesmann-y-pasillas\/","url":"https:\/\/www.on-school.com\/blog\/reporte-de-lectura-la-gestion-pedagogica-de-la-escuela-furlan-landesmann-y-pasillas\/","name":"Reporte de lectura \"La gesti\u00f3n pedag\u00f3gica de la escuela\" (Furlan, Landesmann y Pasillas) - On-School","isPartOf":{"@id":"https:\/\/www.on-school.com\/blog\/#website"},"primaryImageOfPage":{"@id":"https:\/\/www.on-school.com\/blog\/reporte-de-lectura-la-gestion-pedagogica-de-la-escuela-furlan-landesmann-y-pasillas\/#primaryimage"},"image":{"@id":"https:\/\/www.on-school.com\/blog\/reporte-de-lectura-la-gestion-pedagogica-de-la-escuela-furlan-landesmann-y-pasillas\/#primaryimage"},"thumbnailUrl":"https:\/\/www.on-school.com\/blog\/wp-content\/uploads\/2014\/11\/grafico051.jpg","datePublished":"2014-10-26T16:05:53+00:00","dateModified":"2014-11-09T16:16:48+00:00","description":"Reporte de lectura \"La gesti\u00f3n pedag\u00f3gica de la escuela\" (Furlan, Landesmann y Pasillas)","breadcrumb":{"@id":"https:\/\/www.on-school.com\/blog\/reporte-de-lectura-la-gestion-pedagogica-de-la-escuela-furlan-landesmann-y-pasillas\/#breadcrumb"},"inLanguage":"en-US","potentialAction":[{"@type":"ReadAction","target":["https:\/\/www.on-school.com\/blog\/reporte-de-lectura-la-gestion-pedagogica-de-la-escuela-furlan-landesmann-y-pasillas\/"]}]},{"@type":"ImageObject","inLanguage":"en-US","@id":"https:\/\/www.on-school.com\/blog\/reporte-de-lectura-la-gestion-pedagogica-de-la-escuela-furlan-landesmann-y-pasillas\/#primaryimage","url":"https:\/\/www.on-school.com\/blog\/wp-content\/uploads\/2014\/11\/grafico051.jpg","contentUrl":"https:\/\/www.on-school.com\/blog\/wp-content\/uploads\/2014\/11\/grafico051.jpg","width":570,"height":240,"caption":"Gesti\u00f3n de la Escuela"},{"@type":"BreadcrumbList","@id":"https:\/\/www.on-school.com\/blog\/reporte-de-lectura-la-gestion-pedagogica-de-la-escuela-furlan-landesmann-y-pasillas\/#breadcrumb","itemListElement":[{"@type":"ListItem","position":1,"name":"Inicio","item":"https:\/\/www.on-school.com\/blog\/"},{"@type":"ListItem","position":2,"name":"Reporte de lectura &#8220;La gesti\u00f3n pedag\u00f3gica de la escuela&#8221; (Furlan, Landesmann y Pasillas)"}]},{"@type":"WebSite","@id":"https:\/\/www.on-school.com\/blog\/#website","url":"https:\/\/www.on-school.com\/blog\/","name":"On-School","description":"Aula Virtual Educativa","publisher":{"@id":"https:\/\/www.on-school.com\/blog\/#organization"},"potentialAction":[{"@type":"SearchAction","target":{"@type":"EntryPoint","urlTemplate":"https:\/\/www.on-school.com\/blog\/?s={search_term_string}"},"query-input":{"@type":"PropertyValueSpecification","valueRequired":true,"valueName":"search_term_string"}}],"inLanguage":"en-US"},{"@type":"Organization","@id":"https:\/\/www.on-school.com\/blog\/#organization","name":"On-School","url":"https:\/\/www.on-school.com\/blog\/","logo":{"@type":"ImageObject","inLanguage":"en-US","@id":"https:\/\/www.on-school.com\/blog\/#\/schema\/logo\/image\/","url":"https:\/\/www.on-school.com\/blog\/wp-content\/uploads\/2025\/09\/logoNewSchool.jpg","contentUrl":"https:\/\/www.on-school.com\/blog\/wp-content\/uploads\/2025\/09\/logoNewSchool.jpg","width":778,"height":777,"caption":"On-School"},"image":{"@id":"https:\/\/www.on-school.com\/blog\/#\/schema\/logo\/image\/"},"sameAs":["https:\/\/www.facebook.com\/pages\/On-School-Plataforma-Educativa-Virtual\/359347014214506","https:\/\/x.com\/dannyrq0103"]},{"@type":"Person","@id":"https:\/\/www.on-school.com\/blog\/#\/schema\/person\/9f7167a86251ef6b0fd1af6e5a5cf30b","name":"Daniela Robles","image":{"@type":"ImageObject","inLanguage":"en-US","@id":"https:\/\/secure.gravatar.com\/avatar\/d9ff050e27a23563c6b56ef3c34936d00257a29266068c8d767674f6773c1467?s=96&d=mm&r=g","url":"https:\/\/secure.gravatar.com\/avatar\/d9ff050e27a23563c6b56ef3c34936d00257a29266068c8d767674f6773c1467?s=96&d=mm&r=g","contentUrl":"https:\/\/secure.gravatar.com\/avatar\/d9ff050e27a23563c6b56ef3c34936d00257a29266068c8d767674f6773c1467?s=96&d=mm&r=g","caption":"Daniela Robles"},"description":"Apasionada de los temas educativos. Mam\u00e1 de Luis Leonardo y Diana Camila. Licenciada en Ciencias de la Educaci\u00f3n por el Instituto Tecnol\u00f3gico y de Estudios Superiores de Occidente (ITESO). Maestr\u00eda en Inovaci\u00f3n tecnol\u00f3gica con Orientaci\u00f3n Educativa por la UVM","sameAs":["http:\/\/www.on-school.com","https:\/\/www.facebook.com\/dannyrq03","https:\/\/x.com\/dannyrq0103"],"url":"https:\/\/www.on-school.com\/blog\/author\/dannyrq0103\/"}]}},"jetpack_publicize_connections":[],"jetpack_featured_media_url":"https:\/\/www.on-school.com\/blog\/wp-content\/uploads\/2014\/11\/grafico051.jpg","jetpack_shortlink":"https:\/\/wp.me\/p4Yboc-6X","jetpack_sharing_enabled":true,"jetpack-related-posts":[{"id":425,"url":"https:\/\/www.on-school.com\/blog\/reporte-de-lectura-estrategias-de-desarrollo-y-educacion-el-desafio-de-la-gestion-juan-carlos-tedesco\/","url_meta":{"origin":431,"position":0},"title":"Reporte de lectura &#8220;Estrategias de desarrollo y Educaci\u00f3n: El desaf\u00edo de la gesti\u00f3n&#8221; (Juan Carlos Tedesco)","author":"Daniela Robles","date":"23\/10\/2014","format":false,"excerpt":"La lectura nos dice que la educaci\u00f3n vuelve a ser considerada una prioridad en la agenda de discusiones sobre estrategias del desarrollo, se involucran las pol\u00edticas p\u00fablicas y familiares. As\u00ed mismo, nos menciona que la educaci\u00f3n es considerada como una actividad sistem\u00e1tica, efectuada desde la escuela y orientada a formar\u2026","rel":"","context":"In &quot;Gesti\u00f3n Educativa&quot;","block_context":{"text":"Gesti\u00f3n Educativa","link":"https:\/\/www.on-school.com\/blog\/category\/procesos-educativos\/gestion-educativa\/"},"img":{"alt_text":"Juan Carlos Tedesco","src":"https:\/\/i0.wp.com\/www.on-school.com\/blog\/wp-content\/uploads\/2014\/11\/072Tedesco.jpg?resize=350%2C200&ssl=1","width":350,"height":200,"srcset":"https:\/\/i0.wp.com\/www.on-school.com\/blog\/wp-content\/uploads\/2014\/11\/072Tedesco.jpg?resize=350%2C200&ssl=1 1x, https:\/\/i0.wp.com\/www.on-school.com\/blog\/wp-content\/uploads\/2014\/11\/072Tedesco.jpg?resize=525%2C300&ssl=1 1.5x, https:\/\/i0.wp.com\/www.on-school.com\/blog\/wp-content\/uploads\/2014\/11\/072Tedesco.jpg?resize=700%2C400&ssl=1 2x"},"classes":[]},{"id":1687,"url":"https:\/\/www.on-school.com\/blog\/el-curriculo-en-la-educacion\/","url_meta":{"origin":431,"position":1},"title":"El curr\u00edculo en la educaci\u00f3n","author":"jolusafe5","date":"08\/10\/2019","format":false,"excerpt":"EL CURR\u00cdCULO DENTRO DE LA EDUCACI\u00d3N Curr\u00edculo en la educaci\u00f3n DEFINICI\u00d3N En coherencia con los conceptos de enfoque y modelo pedag\u00f3gico, el enfoque curricular responde a las diferentes formas te\u00f3ricas de ver y explicar el curr\u00edculo en la educaci\u00f3n. \u201cCurr\u00edculo es el conjunto de criterios, planes de estudio, programas, metodolog\u00edas,\u2026","rel":"","context":"In &quot;Gesti\u00f3n Educativa&quot;","block_context":{"text":"Gesti\u00f3n Educativa","link":"https:\/\/www.on-school.com\/blog\/category\/procesos-educativos\/gestion-educativa\/"},"img":{"alt_text":"Curr\u00edculo en la educaci\u00f3n","src":"https:\/\/i0.wp.com\/www.on-school.com\/blog\/wp-content\/uploads\/2019\/10\/que-es-curriculo-educativ1.jpg?resize=350%2C200&ssl=1","width":350,"height":200,"srcset":"https:\/\/i0.wp.com\/www.on-school.com\/blog\/wp-content\/uploads\/2019\/10\/que-es-curriculo-educativ1.jpg?resize=350%2C200&ssl=1 1x, https:\/\/i0.wp.com\/www.on-school.com\/blog\/wp-content\/uploads\/2019\/10\/que-es-curriculo-educativ1.jpg?resize=525%2C300&ssl=1 1.5x"},"classes":[]},{"id":63,"url":"https:\/\/www.on-school.com\/blog\/lo-importante-de-utilizar-una-plataforma-educativa-virtual-porque-utilizarla\/","url_meta":{"origin":431,"position":2},"title":"Plataformas para el aprendizaje en linea y educacion superior: caracterizaci\u00f3n, balace cr\u00edtico y perspectivas psicopedag\u00f3gicas.","author":"Daniela Robles","date":"29\/08\/2014","format":false,"excerpt":"BIBLIOGRAFIA: Rigo Lemili Marco Antonio, \u00c1vila Calder\u00f3n Jos\u00e9 Luis. La presente lectura nos muestra un contexto o paradigma de las nuevas tecnolog\u00edas, materiales y sistemas de informaci\u00f3n y comunicaci\u00f3n que se incorporaron en las escuelas para el nuevo aprendizaje. Existen muchas de ellas que aun utilizan materiales como; borrador, gises,\u2026","rel":"","context":"In &quot;Ciencias de la Educaci\u00f3n&quot;","block_context":{"text":"Ciencias de la Educaci\u00f3n","link":"https:\/\/www.on-school.com\/blog\/category\/ciencias-de-la-educacion\/"},"img":{"alt_text":"Plataformas Educativas","src":"https:\/\/i0.wp.com\/www.on-school.com\/blog\/wp-content\/uploads\/2014\/08\/plataforma.jpg?resize=350%2C200","width":350,"height":200,"srcset":"https:\/\/i0.wp.com\/www.on-school.com\/blog\/wp-content\/uploads\/2014\/08\/plataforma.jpg?resize=350%2C200 1x, https:\/\/i0.wp.com\/www.on-school.com\/blog\/wp-content\/uploads\/2014\/08\/plataforma.jpg?resize=525%2C300 1.5x, https:\/\/i0.wp.com\/www.on-school.com\/blog\/wp-content\/uploads\/2014\/08\/plataforma.jpg?resize=700%2C400 2x, https:\/\/i0.wp.com\/www.on-school.com\/blog\/wp-content\/uploads\/2014\/08\/plataforma.jpg?resize=1050%2C600 3x"},"classes":[]},{"id":110,"url":"https:\/\/www.on-school.com\/blog\/cuatro-modelos-de-escuelas-tradicional-nueva-critica-y-tecnocratica\/","url_meta":{"origin":431,"position":3},"title":"Cuatro modelos de escuelas: Tradicional, nueva, cr\u00edtica y tecnocr\u00e1tica.","author":"Daniela Robles","date":"03\/09\/2014","format":false,"excerpt":"Modelos de escuelas A continuaci\u00f3n platicaremos de algunos modelos de escuelas ESCUELA TRADICIONAL NUEVA TECNOCRATICA Y CR\u00cfTICA La instituci\u00f3n por excelencia de la educaci\u00f3n for\u00admal es la escuela. En ella se concretan los proble\u00admas de finalidad, autoridad, interacci\u00f3n y curr\u00edculo que constituyen la problem\u00e1tica b\u00e1sica del docente y en los\u2026","rel":"","context":"In &quot;Ciencias de la Educaci\u00f3n&quot;","block_context":{"text":"Ciencias de la Educaci\u00f3n","link":"https:\/\/www.on-school.com\/blog\/category\/ciencias-de-la-educacion\/"},"img":{"alt_text":"Calidad en el servicio educativo","src":"https:\/\/i0.wp.com\/www.on-school.com\/blog\/wp-content\/uploads\/2014\/08\/calidad-en-el-servicio-educativo-21.jpg?resize=350%2C200&ssl=1","width":350,"height":200},"classes":[]},{"id":428,"url":"https:\/\/www.on-school.com\/blog\/reporte-de-lectura-gestion-educativa-institucional-de-las-intenciones-a-las-concreciones-la-autonomia-como-consecuencia-liliana-farjat\/","url_meta":{"origin":431,"position":4},"title":"Reporte de lectura &#8220;Gesti\u00f3n educativa institucional. De las intenciones a las concreciones. La autonom\u00eda como consecuencia&#8221; (Liliana Farjat)","author":"Daniela Robles","date":"25\/10\/2014","format":false,"excerpt":"El tema que nos indica la lectura, menciona que profesionalizar no es lo mismo que capacitar, profesionalizar une la idea de hacer mejor nuestro trabajo, va m\u00e1s all\u00e1 que el conocimiento. Un profesional debe tener claro los contenidos de su trabajo, es decir, la selecci\u00f3n de contenidos, actitud frente a\u2026","rel":"","context":"In &quot;Gesti\u00f3n Educativa&quot;","block_context":{"text":"Gesti\u00f3n Educativa","link":"https:\/\/www.on-school.com\/blog\/category\/procesos-educativos\/gestion-educativa\/"},"img":{"alt_text":"Educaci\u00f3n y Autonom\u00eda","src":"https:\/\/i0.wp.com\/www.on-school.com\/blog\/wp-content\/uploads\/2014\/11\/Diapositiva11.jpg?resize=350%2C200&ssl=1","width":350,"height":200,"srcset":"https:\/\/i0.wp.com\/www.on-school.com\/blog\/wp-content\/uploads\/2014\/11\/Diapositiva11.jpg?resize=350%2C200&ssl=1 1x, https:\/\/i0.wp.com\/www.on-school.com\/blog\/wp-content\/uploads\/2014\/11\/Diapositiva11.jpg?resize=525%2C300&ssl=1 1.5x, https:\/\/i0.wp.com\/www.on-school.com\/blog\/wp-content\/uploads\/2014\/11\/Diapositiva11.jpg?resize=700%2C400&ssl=1 2x"},"classes":[]},{"id":146,"url":"https:\/\/www.on-school.com\/blog\/que-es-un-diseno-curricular\/","url_meta":{"origin":431,"position":5},"title":"Qu\u00e9 es un Dise\u00f1o Curricular","author":"Daniela Robles","date":"07\/09\/2014","format":false,"excerpt":"Iniciar\u00e9 con la argumentaci\u00f3n que Gimeno S\u00e1crist\u00e1n expresa en la lectura de lo que es un curr\u00edculum: \u201cEl curr\u00edculum es un texto que representa y presenta aspiraciones, int\u00e9reses, ideales y formas de entender su misi\u00f3n en un contexto hist\u00f3rico muy concreto, desde donde se toman decisiones y se eligen caminos\u2026","rel":"","context":"In &quot;Ciencias de la Educaci\u00f3n&quot;","block_context":{"text":"Ciencias de la Educaci\u00f3n","link":"https:\/\/www.on-school.com\/blog\/category\/ciencias-de-la-educacion\/"},"img":{"alt_text":"Dise\u00f1o Curricular","src":"https:\/\/i0.wp.com\/www.on-school.com\/blog\/wp-content\/uploads\/2014\/09\/11.jpg?resize=350%2C200&ssl=1","width":350,"height":200,"srcset":"https:\/\/i0.wp.com\/www.on-school.com\/blog\/wp-content\/uploads\/2014\/09\/11.jpg?resize=350%2C200&ssl=1 1x, https:\/\/i0.wp.com\/www.on-school.com\/blog\/wp-content\/uploads\/2014\/09\/11.jpg?resize=525%2C300&ssl=1 1.5x"},"classes":[]}],"jetpack_likes_enabled":true,"_links":{"self":[{"href":"https:\/\/www.on-school.com\/blog\/wp-json\/wp\/v2\/posts\/431","targetHints":{"allow":["GET"]}}],"collection":[{"href":"https:\/\/www.on-school.com\/blog\/wp-json\/wp\/v2\/posts"}],"about":[{"href":"https:\/\/www.on-school.com\/blog\/wp-json\/wp\/v2\/types\/post"}],"author":[{"embeddable":true,"href":"https:\/\/www.on-school.com\/blog\/wp-json\/wp\/v2\/users\/2"}],"replies":[{"embeddable":true,"href":"https:\/\/www.on-school.com\/blog\/wp-json\/wp\/v2\/comments?post=431"}],"version-history":[{"count":1,"href":"https:\/\/www.on-school.com\/blog\/wp-json\/wp\/v2\/posts\/431\/revisions"}],"predecessor-version":[{"id":434,"href":"https:\/\/www.on-school.com\/blog\/wp-json\/wp\/v2\/posts\/431\/revisions\/434"}],"wp:featuredmedia":[{"embeddable":true,"href":"https:\/\/www.on-school.com\/blog\/wp-json\/wp\/v2\/media\/433"}],"wp:attachment":[{"href":"https:\/\/www.on-school.com\/blog\/wp-json\/wp\/v2\/media?parent=431"}],"wp:term":[{"taxonomy":"category","embeddable":true,"href":"https:\/\/www.on-school.com\/blog\/wp-json\/wp\/v2\/categories?post=431"},{"taxonomy":"post_tag","embeddable":true,"href":"https:\/\/www.on-school.com\/blog\/wp-json\/wp\/v2\/tags?post=431"}],"curies":[{"name":"wp","href":"https:\/\/api.w.org\/{rel}","templated":true}]}}