{"id":422,"date":"2014-10-22T04:59:30","date_gmt":"2014-10-22T04:59:30","guid":{"rendered":"http:\/\/www.on-school.com\/blog\/?p=422"},"modified":"2014-11-09T05:10:41","modified_gmt":"2014-11-09T05:10:41","slug":"que-se-requiere-para-que-la-ley-general-de-educacion-sea-congruente-con-las-necesidades-educativas-de-mexico","status":"publish","type":"post","link":"https:\/\/www.on-school.com\/blog\/que-se-requiere-para-que-la-ley-general-de-educacion-sea-congruente-con-las-necesidades-educativas-de-mexico\/","title":{"rendered":"\u00bfQu\u00e9 se requiere para que la ley general de educaci\u00f3n sea congruente con las necesidades educativas de M\u00e9xico?"},"content":{"rendered":"<p>En mi opini\u00f3n es que cada uno de los cap\u00edtulos y art\u00edculos que propone esta ley, deber\u00eda cumplirlos como lo indica, es una contrariedad para la sociedad leer este reglamento o normas en funci\u00f3n al progreso de la educaci\u00f3n y saber que hay muy poco avance en cuanto a los temas que indica. La ley general de educaci\u00f3n, deber\u00eda especificar con claridad los puntos, art\u00edculos que nos quiere expresar sin darnos diferentes definiciones para llegar a un solo punto.<br \/>\nPor \u00faltimo deber\u00eda englobar principios, objetivos, cambios, deberes, derechos, obligaciones y dem\u00e1s entre docentes, alumnos, padres de familia, directivos, el estado y la naci\u00f3n. Es decir, aquellas personas que legislaron esta ley debieron saber, razonar y aprender a legislar una ley general de la Educaci\u00f3n para as\u00ed garantizar los recursos de los docentes y alumnos y haya una calidad educativa en condiciones apropiadas, para despu\u00e9s pensar y dar el siguiente pasado de la Educaci\u00f3n.<\/p>\n","protected":false},"excerpt":{"rendered":"<p>En mi opini\u00f3n es que cada uno de los cap\u00edtulos y art\u00edculos que propone esta ley, deber\u00eda cumplirlos como lo indica, es una contrariedad para la sociedad leer este reglamento o normas en funci\u00f3n al progreso de la educaci\u00f3n y saber que hay muy poco avance en cuanto a los temas que indica. La ley [&hellip;]<\/p>\n","protected":false},"author":2,"featured_media":423,"comment_status":"open","ping_status":"open","sticky":false,"template":"","format":"standard","meta":{"om_disable_all_campaigns":false,"_monsterinsights_skip_tracking":false,"_monsterinsights_sitenote_active":false,"_monsterinsights_sitenote_note":"","_monsterinsights_sitenote_category":0,"_uf_show_specific_survey":0,"_uf_disable_surveys":false,"jetpack_post_was_ever_published":false,"_jetpack_newsletter_access":"","_jetpack_dont_email_post_to_subs":false,"_jetpack_newsletter_tier_id":0,"_jetpack_memberships_contains_paywalled_content":false,"_jetpack_memberships_contains_paid_content":false,"footnotes":"","jetpack_publicize_message":"","jetpack_publicize_feature_enabled":true,"jetpack_social_post_already_shared":true,"jetpack_social_options":{"image_generator_settings":{"template":"highway","default_image_id":0,"font":"","enabled":false},"version":2}},"categories":[367],"tags":[377,190,379,378],"class_list":["post-422","post","type-post","status-publish","format-standard","has-post-thumbnail","hentry","category-gestion-educativa","tag-ley-general-de-la-educacion","tag-mexico","tag-objetivos","tag-principios"],"yoast_head":"<!-- This site is optimized with the Yoast SEO plugin v27.5 - https:\/\/yoast.com\/product\/yoast-seo-wordpress\/ -->\n<title>\u00bfQu\u00e9 se requiere para que la ley general de educaci\u00f3n sea congruente con las necesidades educativas de M\u00e9xico? - On-School<\/title>\n<meta name=\"description\" content=\"\u00bfQu\u00e9 se requiere para que la ley general de educaci\u00f3n sea congruente con las necesidades educativas de M\u00e9xico?\" \/>\n<meta name=\"robots\" content=\"index, follow, max-snippet:-1, max-image-preview:large, max-video-preview:-1\" \/>\n<link rel=\"canonical\" href=\"https:\/\/www.on-school.com\/blog\/que-se-requiere-para-que-la-ley-general-de-educacion-sea-congruente-con-las-necesidades-educativas-de-mexico\/\" \/>\n<meta property=\"og:locale\" content=\"en_US\" \/>\n<meta property=\"og:type\" content=\"article\" \/>\n<meta property=\"og:title\" content=\"\u00bfQu\u00e9 se requiere para que la ley general de educaci\u00f3n sea congruente con las necesidades educativas de M\u00e9xico? - On-School\" \/>\n<meta property=\"og:description\" content=\"\u00bfQu\u00e9 se requiere para que la ley general de educaci\u00f3n sea congruente con las necesidades educativas de M\u00e9xico?\" \/>\n<meta property=\"og:url\" content=\"https:\/\/www.on-school.com\/blog\/que-se-requiere-para-que-la-ley-general-de-educacion-sea-congruente-con-las-necesidades-educativas-de-mexico\/\" \/>\n<meta property=\"og:site_name\" content=\"On-School\" \/>\n<meta property=\"article:publisher\" content=\"https:\/\/www.facebook.com\/pages\/On-School-Plataforma-Educativa-Virtual\/359347014214506\" \/>\n<meta property=\"article:author\" content=\"https:\/\/www.facebook.com\/dannyrq03\" \/>\n<meta property=\"article:published_time\" content=\"2014-10-22T04:59:30+00:00\" \/>\n<meta property=\"article:modified_time\" content=\"2014-11-09T05:10:41+00:00\" \/>\n<meta property=\"og:image\" content=\"https:\/\/www.on-school.com\/blog\/wp-content\/uploads\/2014\/11\/Ley-general-de-educaci\u00f3n1.png\" \/>\n\t<meta property=\"og:image:width\" content=\"300\" \/>\n\t<meta property=\"og:image:height\" content=\"300\" \/>\n\t<meta property=\"og:image:type\" content=\"image\/png\" \/>\n<meta name=\"author\" content=\"Daniela Robles\" \/>\n<meta name=\"twitter:card\" content=\"summary_large_image\" \/>\n<meta name=\"twitter:creator\" content=\"@dannyrq0103\" \/>\n<meta name=\"twitter:site\" content=\"@dannyrq0103\" \/>\n<meta name=\"twitter:label1\" content=\"Written by\" \/>\n\t<meta name=\"twitter:data1\" content=\"Daniela Robles\" \/>\n\t<meta name=\"twitter:label2\" content=\"Est. reading time\" \/>\n\t<meta name=\"twitter:data2\" content=\"1 minute\" \/>\n<script type=\"application\/ld+json\" class=\"yoast-schema-graph\">{\"@context\":\"https:\\\/\\\/schema.org\",\"@graph\":[{\"@type\":\"Article\",\"@id\":\"https:\\\/\\\/www.on-school.com\\\/blog\\\/que-se-requiere-para-que-la-ley-general-de-educacion-sea-congruente-con-las-necesidades-educativas-de-mexico\\\/#article\",\"isPartOf\":{\"@id\":\"https:\\\/\\\/www.on-school.com\\\/blog\\\/que-se-requiere-para-que-la-ley-general-de-educacion-sea-congruente-con-las-necesidades-educativas-de-mexico\\\/\"},\"author\":{\"name\":\"Daniela Robles\",\"@id\":\"https:\\\/\\\/www.on-school.com\\\/blog\\\/#\\\/schema\\\/person\\\/9f7167a86251ef6b0fd1af6e5a5cf30b\"},\"headline\":\"\u00bfQu\u00e9 se requiere para que la ley general de educaci\u00f3n sea congruente con las necesidades educativas de M\u00e9xico?\",\"datePublished\":\"2014-10-22T04:59:30+00:00\",\"dateModified\":\"2014-11-09T05:10:41+00:00\",\"mainEntityOfPage\":{\"@id\":\"https:\\\/\\\/www.on-school.com\\\/blog\\\/que-se-requiere-para-que-la-ley-general-de-educacion-sea-congruente-con-las-necesidades-educativas-de-mexico\\\/\"},\"wordCount\":188,\"commentCount\":0,\"publisher\":{\"@id\":\"https:\\\/\\\/www.on-school.com\\\/blog\\\/#organization\"},\"image\":{\"@id\":\"https:\\\/\\\/www.on-school.com\\\/blog\\\/que-se-requiere-para-que-la-ley-general-de-educacion-sea-congruente-con-las-necesidades-educativas-de-mexico\\\/#primaryimage\"},\"thumbnailUrl\":\"https:\\\/\\\/www.on-school.com\\\/blog\\\/wp-content\\\/uploads\\\/2014\\\/11\\\/Ley-general-de-educaci\u00f3n1.png\",\"keywords\":[\"ley general de la educaci\u00f3n\",\"m\u00e9xico\",\"objetivos\",\"principios\"],\"articleSection\":[\"Gesti\u00f3n Educativa\"],\"inLanguage\":\"en-US\",\"potentialAction\":[{\"@type\":\"CommentAction\",\"name\":\"Comment\",\"target\":[\"https:\\\/\\\/www.on-school.com\\\/blog\\\/que-se-requiere-para-que-la-ley-general-de-educacion-sea-congruente-con-las-necesidades-educativas-de-mexico\\\/#respond\"]}]},{\"@type\":\"WebPage\",\"@id\":\"https:\\\/\\\/www.on-school.com\\\/blog\\\/que-se-requiere-para-que-la-ley-general-de-educacion-sea-congruente-con-las-necesidades-educativas-de-mexico\\\/\",\"url\":\"https:\\\/\\\/www.on-school.com\\\/blog\\\/que-se-requiere-para-que-la-ley-general-de-educacion-sea-congruente-con-las-necesidades-educativas-de-mexico\\\/\",\"name\":\"\u00bfQu\u00e9 se requiere para que la ley general de educaci\u00f3n sea congruente con las necesidades educativas de M\u00e9xico? - On-School\",\"isPartOf\":{\"@id\":\"https:\\\/\\\/www.on-school.com\\\/blog\\\/#website\"},\"primaryImageOfPage\":{\"@id\":\"https:\\\/\\\/www.on-school.com\\\/blog\\\/que-se-requiere-para-que-la-ley-general-de-educacion-sea-congruente-con-las-necesidades-educativas-de-mexico\\\/#primaryimage\"},\"image\":{\"@id\":\"https:\\\/\\\/www.on-school.com\\\/blog\\\/que-se-requiere-para-que-la-ley-general-de-educacion-sea-congruente-con-las-necesidades-educativas-de-mexico\\\/#primaryimage\"},\"thumbnailUrl\":\"https:\\\/\\\/www.on-school.com\\\/blog\\\/wp-content\\\/uploads\\\/2014\\\/11\\\/Ley-general-de-educaci\u00f3n1.png\",\"datePublished\":\"2014-10-22T04:59:30+00:00\",\"dateModified\":\"2014-11-09T05:10:41+00:00\",\"description\":\"\u00bfQu\u00e9 se requiere para que la ley general de educaci\u00f3n sea congruente con las necesidades educativas de M\u00e9xico?\",\"breadcrumb\":{\"@id\":\"https:\\\/\\\/www.on-school.com\\\/blog\\\/que-se-requiere-para-que-la-ley-general-de-educacion-sea-congruente-con-las-necesidades-educativas-de-mexico\\\/#breadcrumb\"},\"inLanguage\":\"en-US\",\"potentialAction\":[{\"@type\":\"ReadAction\",\"target\":[\"https:\\\/\\\/www.on-school.com\\\/blog\\\/que-se-requiere-para-que-la-ley-general-de-educacion-sea-congruente-con-las-necesidades-educativas-de-mexico\\\/\"]}]},{\"@type\":\"ImageObject\",\"inLanguage\":\"en-US\",\"@id\":\"https:\\\/\\\/www.on-school.com\\\/blog\\\/que-se-requiere-para-que-la-ley-general-de-educacion-sea-congruente-con-las-necesidades-educativas-de-mexico\\\/#primaryimage\",\"url\":\"https:\\\/\\\/www.on-school.com\\\/blog\\\/wp-content\\\/uploads\\\/2014\\\/11\\\/Ley-general-de-educaci\u00f3n1.png\",\"contentUrl\":\"https:\\\/\\\/www.on-school.com\\\/blog\\\/wp-content\\\/uploads\\\/2014\\\/11\\\/Ley-general-de-educaci\u00f3n1.png\",\"width\":300,\"height\":300,\"caption\":\"Ley general de la educaci\u00f3n\"},{\"@type\":\"BreadcrumbList\",\"@id\":\"https:\\\/\\\/www.on-school.com\\\/blog\\\/que-se-requiere-para-que-la-ley-general-de-educacion-sea-congruente-con-las-necesidades-educativas-de-mexico\\\/#breadcrumb\",\"itemListElement\":[{\"@type\":\"ListItem\",\"position\":1,\"name\":\"Inicio\",\"item\":\"https:\\\/\\\/www.on-school.com\\\/blog\\\/\"},{\"@type\":\"ListItem\",\"position\":2,\"name\":\"\u00bfQu\u00e9 se requiere para que la ley general de educaci\u00f3n sea congruente con las necesidades educativas de M\u00e9xico?\"}]},{\"@type\":\"WebSite\",\"@id\":\"https:\\\/\\\/www.on-school.com\\\/blog\\\/#website\",\"url\":\"https:\\\/\\\/www.on-school.com\\\/blog\\\/\",\"name\":\"On-School\",\"description\":\"Aula Virtual Educativa\",\"publisher\":{\"@id\":\"https:\\\/\\\/www.on-school.com\\\/blog\\\/#organization\"},\"potentialAction\":[{\"@type\":\"SearchAction\",\"target\":{\"@type\":\"EntryPoint\",\"urlTemplate\":\"https:\\\/\\\/www.on-school.com\\\/blog\\\/?s={search_term_string}\"},\"query-input\":{\"@type\":\"PropertyValueSpecification\",\"valueRequired\":true,\"valueName\":\"search_term_string\"}}],\"inLanguage\":\"en-US\"},{\"@type\":\"Organization\",\"@id\":\"https:\\\/\\\/www.on-school.com\\\/blog\\\/#organization\",\"name\":\"On-School\",\"url\":\"https:\\\/\\\/www.on-school.com\\\/blog\\\/\",\"logo\":{\"@type\":\"ImageObject\",\"inLanguage\":\"en-US\",\"@id\":\"https:\\\/\\\/www.on-school.com\\\/blog\\\/#\\\/schema\\\/logo\\\/image\\\/\",\"url\":\"https:\\\/\\\/www.on-school.com\\\/blog\\\/wp-content\\\/uploads\\\/2025\\\/09\\\/logoNewSchool.jpg\",\"contentUrl\":\"https:\\\/\\\/www.on-school.com\\\/blog\\\/wp-content\\\/uploads\\\/2025\\\/09\\\/logoNewSchool.jpg\",\"width\":778,\"height\":777,\"caption\":\"On-School\"},\"image\":{\"@id\":\"https:\\\/\\\/www.on-school.com\\\/blog\\\/#\\\/schema\\\/logo\\\/image\\\/\"},\"sameAs\":[\"https:\\\/\\\/www.facebook.com\\\/pages\\\/On-School-Plataforma-Educativa-Virtual\\\/359347014214506\",\"https:\\\/\\\/x.com\\\/dannyrq0103\"]},{\"@type\":\"Person\",\"@id\":\"https:\\\/\\\/www.on-school.com\\\/blog\\\/#\\\/schema\\\/person\\\/9f7167a86251ef6b0fd1af6e5a5cf30b\",\"name\":\"Daniela Robles\",\"image\":{\"@type\":\"ImageObject\",\"inLanguage\":\"en-US\",\"@id\":\"https:\\\/\\\/secure.gravatar.com\\\/avatar\\\/d9ff050e27a23563c6b56ef3c34936d00257a29266068c8d767674f6773c1467?s=96&d=mm&r=g\",\"url\":\"https:\\\/\\\/secure.gravatar.com\\\/avatar\\\/d9ff050e27a23563c6b56ef3c34936d00257a29266068c8d767674f6773c1467?s=96&d=mm&r=g\",\"contentUrl\":\"https:\\\/\\\/secure.gravatar.com\\\/avatar\\\/d9ff050e27a23563c6b56ef3c34936d00257a29266068c8d767674f6773c1467?s=96&d=mm&r=g\",\"caption\":\"Daniela Robles\"},\"description\":\"Apasionada de los temas educativos. Mam\u00e1 de Luis Leonardo y Diana Camila. Licenciada en Ciencias de la Educaci\u00f3n por el Instituto Tecnol\u00f3gico y de Estudios Superiores de Occidente (ITESO). Maestr\u00eda en Inovaci\u00f3n tecnol\u00f3gica con Orientaci\u00f3n Educativa por la UVM\",\"sameAs\":[\"http:\\\/\\\/www.on-school.com\",\"https:\\\/\\\/www.facebook.com\\\/dannyrq03\",\"https:\\\/\\\/x.com\\\/dannyrq0103\"],\"url\":\"https:\\\/\\\/www.on-school.com\\\/blog\\\/author\\\/dannyrq0103\\\/\"}]}<\/script>\n<!-- \/ Yoast SEO plugin. -->","yoast_head_json":{"title":"\u00bfQu\u00e9 se requiere para que la ley general de educaci\u00f3n sea congruente con las necesidades educativas de M\u00e9xico? - On-School","description":"\u00bfQu\u00e9 se requiere para que la ley general de educaci\u00f3n sea congruente con las necesidades educativas de M\u00e9xico?","robots":{"index":"index","follow":"follow","max-snippet":"max-snippet:-1","max-image-preview":"max-image-preview:large","max-video-preview":"max-video-preview:-1"},"canonical":"https:\/\/www.on-school.com\/blog\/que-se-requiere-para-que-la-ley-general-de-educacion-sea-congruente-con-las-necesidades-educativas-de-mexico\/","og_locale":"en_US","og_type":"article","og_title":"\u00bfQu\u00e9 se requiere para que la ley general de educaci\u00f3n sea congruente con las necesidades educativas de M\u00e9xico? - On-School","og_description":"\u00bfQu\u00e9 se requiere para que la ley general de educaci\u00f3n sea congruente con las necesidades educativas de M\u00e9xico?","og_url":"https:\/\/www.on-school.com\/blog\/que-se-requiere-para-que-la-ley-general-de-educacion-sea-congruente-con-las-necesidades-educativas-de-mexico\/","og_site_name":"On-School","article_publisher":"https:\/\/www.facebook.com\/pages\/On-School-Plataforma-Educativa-Virtual\/359347014214506","article_author":"https:\/\/www.facebook.com\/dannyrq03","article_published_time":"2014-10-22T04:59:30+00:00","article_modified_time":"2014-11-09T05:10:41+00:00","og_image":[{"width":300,"height":300,"url":"https:\/\/www.on-school.com\/blog\/wp-content\/uploads\/2014\/11\/Ley-general-de-educaci\u00f3n1.png","type":"image\/png"}],"author":"Daniela Robles","twitter_card":"summary_large_image","twitter_creator":"@dannyrq0103","twitter_site":"@dannyrq0103","twitter_misc":{"Written by":"Daniela Robles","Est. reading time":"1 minute"},"schema":{"@context":"https:\/\/schema.org","@graph":[{"@type":"Article","@id":"https:\/\/www.on-school.com\/blog\/que-se-requiere-para-que-la-ley-general-de-educacion-sea-congruente-con-las-necesidades-educativas-de-mexico\/#article","isPartOf":{"@id":"https:\/\/www.on-school.com\/blog\/que-se-requiere-para-que-la-ley-general-de-educacion-sea-congruente-con-las-necesidades-educativas-de-mexico\/"},"author":{"name":"Daniela Robles","@id":"https:\/\/www.on-school.com\/blog\/#\/schema\/person\/9f7167a86251ef6b0fd1af6e5a5cf30b"},"headline":"\u00bfQu\u00e9 se requiere para que la ley general de educaci\u00f3n sea congruente con las necesidades educativas de M\u00e9xico?","datePublished":"2014-10-22T04:59:30+00:00","dateModified":"2014-11-09T05:10:41+00:00","mainEntityOfPage":{"@id":"https:\/\/www.on-school.com\/blog\/que-se-requiere-para-que-la-ley-general-de-educacion-sea-congruente-con-las-necesidades-educativas-de-mexico\/"},"wordCount":188,"commentCount":0,"publisher":{"@id":"https:\/\/www.on-school.com\/blog\/#organization"},"image":{"@id":"https:\/\/www.on-school.com\/blog\/que-se-requiere-para-que-la-ley-general-de-educacion-sea-congruente-con-las-necesidades-educativas-de-mexico\/#primaryimage"},"thumbnailUrl":"https:\/\/www.on-school.com\/blog\/wp-content\/uploads\/2014\/11\/Ley-general-de-educaci\u00f3n1.png","keywords":["ley general de la educaci\u00f3n","m\u00e9xico","objetivos","principios"],"articleSection":["Gesti\u00f3n Educativa"],"inLanguage":"en-US","potentialAction":[{"@type":"CommentAction","name":"Comment","target":["https:\/\/www.on-school.com\/blog\/que-se-requiere-para-que-la-ley-general-de-educacion-sea-congruente-con-las-necesidades-educativas-de-mexico\/#respond"]}]},{"@type":"WebPage","@id":"https:\/\/www.on-school.com\/blog\/que-se-requiere-para-que-la-ley-general-de-educacion-sea-congruente-con-las-necesidades-educativas-de-mexico\/","url":"https:\/\/www.on-school.com\/blog\/que-se-requiere-para-que-la-ley-general-de-educacion-sea-congruente-con-las-necesidades-educativas-de-mexico\/","name":"\u00bfQu\u00e9 se requiere para que la ley general de educaci\u00f3n sea congruente con las necesidades educativas de M\u00e9xico? - On-School","isPartOf":{"@id":"https:\/\/www.on-school.com\/blog\/#website"},"primaryImageOfPage":{"@id":"https:\/\/www.on-school.com\/blog\/que-se-requiere-para-que-la-ley-general-de-educacion-sea-congruente-con-las-necesidades-educativas-de-mexico\/#primaryimage"},"image":{"@id":"https:\/\/www.on-school.com\/blog\/que-se-requiere-para-que-la-ley-general-de-educacion-sea-congruente-con-las-necesidades-educativas-de-mexico\/#primaryimage"},"thumbnailUrl":"https:\/\/www.on-school.com\/blog\/wp-content\/uploads\/2014\/11\/Ley-general-de-educaci\u00f3n1.png","datePublished":"2014-10-22T04:59:30+00:00","dateModified":"2014-11-09T05:10:41+00:00","description":"\u00bfQu\u00e9 se requiere para que la ley general de educaci\u00f3n sea congruente con las necesidades educativas de M\u00e9xico?","breadcrumb":{"@id":"https:\/\/www.on-school.com\/blog\/que-se-requiere-para-que-la-ley-general-de-educacion-sea-congruente-con-las-necesidades-educativas-de-mexico\/#breadcrumb"},"inLanguage":"en-US","potentialAction":[{"@type":"ReadAction","target":["https:\/\/www.on-school.com\/blog\/que-se-requiere-para-que-la-ley-general-de-educacion-sea-congruente-con-las-necesidades-educativas-de-mexico\/"]}]},{"@type":"ImageObject","inLanguage":"en-US","@id":"https:\/\/www.on-school.com\/blog\/que-se-requiere-para-que-la-ley-general-de-educacion-sea-congruente-con-las-necesidades-educativas-de-mexico\/#primaryimage","url":"https:\/\/www.on-school.com\/blog\/wp-content\/uploads\/2014\/11\/Ley-general-de-educaci\u00f3n1.png","contentUrl":"https:\/\/www.on-school.com\/blog\/wp-content\/uploads\/2014\/11\/Ley-general-de-educaci\u00f3n1.png","width":300,"height":300,"caption":"Ley general de la educaci\u00f3n"},{"@type":"BreadcrumbList","@id":"https:\/\/www.on-school.com\/blog\/que-se-requiere-para-que-la-ley-general-de-educacion-sea-congruente-con-las-necesidades-educativas-de-mexico\/#breadcrumb","itemListElement":[{"@type":"ListItem","position":1,"name":"Inicio","item":"https:\/\/www.on-school.com\/blog\/"},{"@type":"ListItem","position":2,"name":"\u00bfQu\u00e9 se requiere para que la ley general de educaci\u00f3n sea congruente con las necesidades educativas de M\u00e9xico?"}]},{"@type":"WebSite","@id":"https:\/\/www.on-school.com\/blog\/#website","url":"https:\/\/www.on-school.com\/blog\/","name":"On-School","description":"Aula Virtual Educativa","publisher":{"@id":"https:\/\/www.on-school.com\/blog\/#organization"},"potentialAction":[{"@type":"SearchAction","target":{"@type":"EntryPoint","urlTemplate":"https:\/\/www.on-school.com\/blog\/?s={search_term_string}"},"query-input":{"@type":"PropertyValueSpecification","valueRequired":true,"valueName":"search_term_string"}}],"inLanguage":"en-US"},{"@type":"Organization","@id":"https:\/\/www.on-school.com\/blog\/#organization","name":"On-School","url":"https:\/\/www.on-school.com\/blog\/","logo":{"@type":"ImageObject","inLanguage":"en-US","@id":"https:\/\/www.on-school.com\/blog\/#\/schema\/logo\/image\/","url":"https:\/\/www.on-school.com\/blog\/wp-content\/uploads\/2025\/09\/logoNewSchool.jpg","contentUrl":"https:\/\/www.on-school.com\/blog\/wp-content\/uploads\/2025\/09\/logoNewSchool.jpg","width":778,"height":777,"caption":"On-School"},"image":{"@id":"https:\/\/www.on-school.com\/blog\/#\/schema\/logo\/image\/"},"sameAs":["https:\/\/www.facebook.com\/pages\/On-School-Plataforma-Educativa-Virtual\/359347014214506","https:\/\/x.com\/dannyrq0103"]},{"@type":"Person","@id":"https:\/\/www.on-school.com\/blog\/#\/schema\/person\/9f7167a86251ef6b0fd1af6e5a5cf30b","name":"Daniela Robles","image":{"@type":"ImageObject","inLanguage":"en-US","@id":"https:\/\/secure.gravatar.com\/avatar\/d9ff050e27a23563c6b56ef3c34936d00257a29266068c8d767674f6773c1467?s=96&d=mm&r=g","url":"https:\/\/secure.gravatar.com\/avatar\/d9ff050e27a23563c6b56ef3c34936d00257a29266068c8d767674f6773c1467?s=96&d=mm&r=g","contentUrl":"https:\/\/secure.gravatar.com\/avatar\/d9ff050e27a23563c6b56ef3c34936d00257a29266068c8d767674f6773c1467?s=96&d=mm&r=g","caption":"Daniela Robles"},"description":"Apasionada de los temas educativos. Mam\u00e1 de Luis Leonardo y Diana Camila. Licenciada en Ciencias de la Educaci\u00f3n por el Instituto Tecnol\u00f3gico y de Estudios Superiores de Occidente (ITESO). Maestr\u00eda en Inovaci\u00f3n tecnol\u00f3gica con Orientaci\u00f3n Educativa por la UVM","sameAs":["http:\/\/www.on-school.com","https:\/\/www.facebook.com\/dannyrq03","https:\/\/x.com\/dannyrq0103"],"url":"https:\/\/www.on-school.com\/blog\/author\/dannyrq0103\/"}]}},"jetpack_publicize_connections":[],"jetpack_featured_media_url":"https:\/\/www.on-school.com\/blog\/wp-content\/uploads\/2014\/11\/Ley-general-de-educaci\u00f3n1.png","jetpack_shortlink":"https:\/\/wp.me\/p4Yboc-6O","jetpack_sharing_enabled":true,"jetpack-related-posts":[{"id":662,"url":"https:\/\/www.on-school.com\/blog\/los-articulos-constitucionales-referentes-a-la-reforma-educativa\/","url_meta":{"origin":422,"position":0},"title":"Los art\u00edculos constitucionales referentes a la REFORMA EDUCATIVA.","author":"Daniela Robles","date":"07\/01\/2015","format":false,"excerpt":"ART\u00cdCULOS CONSTITUCIONALES REFERENTES A LA REFORMA EDUCATIVA 1993 Y 2003. Muchas veces se ha tenido la duda de saber que paso o que ha pasado con los art\u00edculos de la Constituci\u00f3n Pol\u00edtica de los Estados Unidos Mexicanos, por ejemplo el articulo 3\u00b0. Se dice que en el articulo 3\u00b0 de\u2026","rel":"","context":"In &quot;Ciencias de la Educaci\u00f3n&quot;","block_context":{"text":"Ciencias de la Educaci\u00f3n","link":"https:\/\/www.on-school.com\/blog\/category\/ciencias-de-la-educacion\/"},"img":{"alt_text":"Los articulos constitucionales referentes a la Reforma Educativa.","src":"https:\/\/i0.wp.com\/www.on-school.com\/blog\/wp-content\/uploads\/2015\/01\/reformas-del-artculo-3-constitucional-1-7281.jpg?resize=350%2C200&ssl=1","width":350,"height":200,"srcset":"https:\/\/i0.wp.com\/www.on-school.com\/blog\/wp-content\/uploads\/2015\/01\/reformas-del-artculo-3-constitucional-1-7281.jpg?resize=350%2C200&ssl=1 1x, https:\/\/i0.wp.com\/www.on-school.com\/blog\/wp-content\/uploads\/2015\/01\/reformas-del-artculo-3-constitucional-1-7281.jpg?resize=525%2C300&ssl=1 1.5x, https:\/\/i0.wp.com\/www.on-school.com\/blog\/wp-content\/uploads\/2015\/01\/reformas-del-artculo-3-constitucional-1-7281.jpg?resize=700%2C400&ssl=1 2x"},"classes":[]},{"id":703,"url":"https:\/\/www.on-school.com\/blog\/hablemos-de-la-historia-de-la-evaluacion-educativa-lukas-y-santiago\/","url_meta":{"origin":422,"position":1},"title":"Hablemos de la Historia de la Evaluaci\u00f3n Educativa, Lukas y Santiago","author":"Daniela Robles","date":"10\/01\/2015","format":false,"excerpt":"La evaluaci\u00f3n educativa es un tema que no ha tenido explicaciones exactas, por ejemplo, \u00bfc\u00f3mo empez\u00f3 el tema de la evaluaci\u00f3n?, \u00bfque tan eficiente han sido los resultados de una evaluaci\u00f3n educativa?, \u00bfque autores nos hablan de la evaluaci\u00f3n educativa?, etc. Actualmente, \u201calgunas \u00a0personas (profesores, administrativos y pol\u00edticos) integradas a\u2026","rel":"","context":"In &quot;An\u00e1lisis de las Organizaciones Educativas&quot;","block_context":{"text":"An\u00e1lisis de las Organizaciones Educativas","link":"https:\/\/www.on-school.com\/blog\/category\/ciencias-de-la-educacion\/analisis-de-las-organizaciones-educativas\/"},"img":{"alt_text":"hablemos de la historia de la evaluaci\u00f3n educativa","src":"https:\/\/i0.wp.com\/www.on-school.com\/blog\/wp-content\/uploads\/2015\/02\/Madrid_Biblioteca-Nacional_entre-1930-y-19391.jpg?resize=350%2C200&ssl=1","width":350,"height":200,"srcset":"https:\/\/i0.wp.com\/www.on-school.com\/blog\/wp-content\/uploads\/2015\/02\/Madrid_Biblioteca-Nacional_entre-1930-y-19391.jpg?resize=350%2C200&ssl=1 1x, https:\/\/i0.wp.com\/www.on-school.com\/blog\/wp-content\/uploads\/2015\/02\/Madrid_Biblioteca-Nacional_entre-1930-y-19391.jpg?resize=525%2C300&ssl=1 1.5x, https:\/\/i0.wp.com\/www.on-school.com\/blog\/wp-content\/uploads\/2015\/02\/Madrid_Biblioteca-Nacional_entre-1930-y-19391.jpg?resize=700%2C400&ssl=1 2x"},"classes":[]},{"id":334,"url":"https:\/\/www.on-school.com\/blog\/emprendedor-educativo-paulo-freire\/","url_meta":{"origin":422,"position":2},"title":"Emprendedor Educativo &#8220;Paulo Freire&#8221;","author":"Daniela Robles","date":"04\/10\/2014","format":false,"excerpt":"Paulo Freire es un pedagogo que naci\u00f3 en Brasil en 1921-1997.\u00a0 Estudio filosof\u00eda e inicio su labor como profesor\u00a0 de historia y filosof\u00eda en la Universidad de Recife. En 1947 inicio su carrera para la alfabetizaci\u00f3n de adultos, que m\u00e1s tarde lo llevar\u00eda a la pr\u00e1ctica en el noroeste de\u2026","rel":"","context":"In &quot;Innovaci\u00f3n y Gesti\u00f3n de Proyectos&quot;","block_context":{"text":"Innovaci\u00f3n y Gesti\u00f3n de Proyectos","link":"https:\/\/www.on-school.com\/blog\/category\/ciencias-de-la-educacion\/innovacion-y-gestion-de-proyectos\/"},"img":{"alt_text":"Paulo Freire","src":"https:\/\/i0.wp.com\/www.on-school.com\/blog\/wp-content\/uploads\/2014\/10\/Paulo-Freire-BW1.png?resize=350%2C200&ssl=1","width":350,"height":200,"srcset":"https:\/\/i0.wp.com\/www.on-school.com\/blog\/wp-content\/uploads\/2014\/10\/Paulo-Freire-BW1.png?resize=350%2C200&ssl=1 1x, https:\/\/i0.wp.com\/www.on-school.com\/blog\/wp-content\/uploads\/2014\/10\/Paulo-Freire-BW1.png?resize=525%2C300&ssl=1 1.5x"},"classes":[]},{"id":152,"url":"https:\/\/www.on-school.com\/blog\/que-es-el-funcionalismo-desde-la-teoria-de-durkheim\/","url_meta":{"origin":422,"position":3},"title":"Qu\u00e9 es el Funcionalismo desde la teor\u00eda de Durkheim","author":"Daniela Robles","date":"09\/09\/2014","format":false,"excerpt":"El presente trabajo analiza la teor\u00eda funcionalista de Emile Durkheim y de Max Weber. Se abordan las ideas que Durkheim comenta en su libro \u201cEducaci\u00f3n y Sociolog\u00eda\u201d. As\u00ed mismo, se reflexionan laslecturas, videos, ensayos, textos, con relaci\u00f3n a la educaci\u00f3n funcionalista en las sociedades. Se analizan los temas en base\u2026","rel":"","context":"In &quot;Ciencias de la Educaci\u00f3n&quot;","block_context":{"text":"Ciencias de la Educaci\u00f3n","link":"https:\/\/www.on-school.com\/blog\/category\/ciencias-de-la-educacion\/"},"img":{"alt_text":"","src":"https:\/\/i0.wp.com\/www.on-school.com\/blog\/wp-content\/uploads\/2014\/09\/durkheim_emile1.jpg?resize=350%2C200&ssl=1","width":350,"height":200},"classes":[]},{"id":38,"url":"https:\/\/www.on-school.com\/blog\/gestion-de-servicios-y-la-educacion-vista-como-un-sistema-de-servicio-ii\/","url_meta":{"origin":422,"position":4},"title":"Gesti\u00f3n de Servicios y la Educaci\u00f3n vista como un Sistema de Servicio (II)","author":"jolusafe5","date":"24\/08\/2014","format":false,"excerpt":"Jeffrey Puryear nos dice que estos problemas no son exclusivos de M\u00e9xico, sino que Am\u00e9rica Latina necesita un nuevo enfoque de la educaci\u00f3n (Puryear, 1997).\u00a0 Tambi\u00e9n nos da un panorama de las pol\u00edticas que se han estado siguiendo, basadas principalmente en la extensi\u00f3n de la cobertura a m\u00e1s alumnos que\u2026","rel":"","context":"In &quot;Gesti\u00f3n de Servicios de TI&quot;","block_context":{"text":"Gesti\u00f3n de Servicios de TI","link":"https:\/\/www.on-school.com\/blog\/category\/tecnologias-de-la-informacion\/informatica-aplicada\/gestion-de-servicios-de-ti\/"},"img":{"alt_text":"Calidad en el servicio educativo","src":"https:\/\/i0.wp.com\/www.on-school.com\/blog\/wp-content\/uploads\/2014\/08\/calidad-en-el-servicio-educativo-21.jpg?resize=350%2C200&ssl=1","width":350,"height":200},"classes":[]},{"id":323,"url":"https:\/\/www.on-school.com\/blog\/el-positivismo-en-mexico-parte-i\/","url_meta":{"origin":422,"position":5},"title":"El Positivismo en M\u00e9xico (Parte I)","author":"Daniela Robles","date":"30\/09\/2014","format":false,"excerpt":"INTRODUCCI\u00d3N El presente trabajo aborda la teor\u00eda del positivismo y la influencia que tuvo en la educaci\u00f3n de M\u00e9xico y que actualmente sigue vigente en algunos aspectos. Augusto Comte como fundador del positivismo influyo directamente en Gabino Barreda para crear lo que se conoce como el positivismo mexicano, que fue\u2026","rel":"","context":"In &quot;Sociolog\u00eda de la Educaci\u00f3n&quot;","block_context":{"text":"Sociolog\u00eda de la Educaci\u00f3n","link":"https:\/\/www.on-school.com\/blog\/category\/ciencias-de-la-educacion\/sociologia-de-la-educacion\/"},"img":{"alt_text":"Augusto Comte","src":"https:\/\/i0.wp.com\/www.on-school.com\/blog\/wp-content\/uploads\/2014\/10\/auguste-comte1.jpg?resize=350%2C200&ssl=1","width":350,"height":200},"classes":[]}],"jetpack_likes_enabled":true,"_links":{"self":[{"href":"https:\/\/www.on-school.com\/blog\/wp-json\/wp\/v2\/posts\/422","targetHints":{"allow":["GET"]}}],"collection":[{"href":"https:\/\/www.on-school.com\/blog\/wp-json\/wp\/v2\/posts"}],"about":[{"href":"https:\/\/www.on-school.com\/blog\/wp-json\/wp\/v2\/types\/post"}],"author":[{"embeddable":true,"href":"https:\/\/www.on-school.com\/blog\/wp-json\/wp\/v2\/users\/2"}],"replies":[{"embeddable":true,"href":"https:\/\/www.on-school.com\/blog\/wp-json\/wp\/v2\/comments?post=422"}],"version-history":[{"count":1,"href":"https:\/\/www.on-school.com\/blog\/wp-json\/wp\/v2\/posts\/422\/revisions"}],"predecessor-version":[{"id":424,"href":"https:\/\/www.on-school.com\/blog\/wp-json\/wp\/v2\/posts\/422\/revisions\/424"}],"wp:featuredmedia":[{"embeddable":true,"href":"https:\/\/www.on-school.com\/blog\/wp-json\/wp\/v2\/media\/423"}],"wp:attachment":[{"href":"https:\/\/www.on-school.com\/blog\/wp-json\/wp\/v2\/media?parent=422"}],"wp:term":[{"taxonomy":"category","embeddable":true,"href":"https:\/\/www.on-school.com\/blog\/wp-json\/wp\/v2\/categories?post=422"},{"taxonomy":"post_tag","embeddable":true,"href":"https:\/\/www.on-school.com\/blog\/wp-json\/wp\/v2\/tags?post=422"}],"curies":[{"name":"wp","href":"https:\/\/api.w.org\/{rel}","templated":true}]}}