{"id":419,"date":"2014-10-21T04:51:10","date_gmt":"2014-10-21T04:51:10","guid":{"rendered":"http:\/\/www.on-school.com\/blog\/?p=419"},"modified":"2014-11-09T05:11:08","modified_gmt":"2014-11-09T05:11:08","slug":"analsis-sobre-foro-de-gestion-educativa","status":"publish","type":"post","link":"https:\/\/www.on-school.com\/blog\/analsis-sobre-foro-de-gestion-educativa\/","title":{"rendered":"An\u00e1lsis sobre foro de Gesti\u00f3n Educativa"},"content":{"rendered":"<p>Liliana Farjat hace \u00e9nfasis  con algunos principios que deben ser tomados en cuenta en una gesti\u00f3n educativa dentro de una instituci\u00f3n, algunos de ellos son:<br \/>\nLa Autonom\u00eda, es regir intereses peculiares de su vida interna por medio de normas y \u00f3rganos del gobierno propios, de la que gozan dentro del estado, que reconocen esa condici\u00f3n de independencia bajo ciertos conceptos, es decir, los mismos profesionales tienen la libertad del trabajo individual, pueden realizar proyectos a base de un fin productivo.<br \/>\nLa Profesionalidad, es importante que un profesional tenga una verdadera capacitaci\u00f3n para un bien laboral y constructivo para su contexto estudiantil.<br \/>\nEfectividad, se puede llamar gesti\u00f3n, busca optimizar, unir a la empresa y sus colaboradores, logra la atenci\u00f3n de todos, con el prop\u00f3sito de tener oportunidades de cambios para todos.<br \/>\nOrganizaci\u00f3n, es un tema amplio ya que implica varios factores importantes dentro de una empresa o una instituci\u00f3n, se podr\u00eda decir que es una de los principios m\u00e1s importantes, porque nos dice, que es un principio que lleva a cualquier trabajador un orden laboral para el propio bienestar de \u00e9l, es decir, involucrar\u00eda la comunicaci\u00f3n entre trabajadores, trabajar en equipo, la participaci\u00f3n, entre otras.<br \/>\nLa Coherencia, se necesita de una relaci\u00f3n, conexi\u00f3n o enlace de unas cosas con otras, como podr\u00eda ser esto, el trabajo que se involucre en una instituci\u00f3n debe llevar algo concreto que se pueda entender, poder trabajarlo, un proceso de armon\u00eda, estructuras eficientes y dem\u00e1s, para llevar un ambiente amigable.<br \/>\nCohesi\u00f3n e integraci\u00f3n, se\u00f1ala la uni\u00f3n con nuestro entorno, es decir, involucra el trabajo en equipo, esto ayudar\u00eda a trabajar con muy buena comunicaci\u00f3n ya que todos estar\u00edan enterados de los trabajos que se van realizando, es un ejemplo, por decir algo, que adem\u00e1s limita el aislamiento entre los trabajadores.<br \/>\nPertenencia, llamada tambi\u00e9n conocimiento de la empresa o instituci\u00f3n, todo lo que tenga que ver con ense\u00f1anza, educaci\u00f3n, aplicaciones dentro de ella, debe ser integrada para todos.<br \/>\nPertinencia, es el sentido de la acci\u00f3n, los actos que se realizan dentro de una empresa, donde involucran lo que es correspondiente a\u2026, lo que puede ser dirigido.<br \/>\nValufactura, es entendida como el principio que cierra o encierra, es decir, es un tipo de diagn\u00f3stico en el que la empresa retoma lo bueno y lo negativo de ella.<br \/>\nPor \u00faltimo tenemos el Principio de Calidad, que nos quiere decir, es el resultado de los trabajos laborados dentro de una empresa o instituci\u00f3n.<br \/>\nEsto es con el fin de trabajar con nuestros compa\u00f1eros y directivos  en equipo, ser responsables, ser aut\u00f3nomos y aprender a resolver problemas, ser participativos, colaborativos y honestos-solidarios.<\/p>\n","protected":false},"excerpt":{"rendered":"<p>Liliana Farjat hace \u00e9nfasis con algunos principios que deben ser tomados en cuenta en una gesti\u00f3n educativa dentro de una instituci\u00f3n, algunos de ellos son: La Autonom\u00eda, es regir intereses peculiares de su vida interna por medio de normas y \u00f3rganos del gobierno propios, de la que gozan dentro del estado, que reconocen esa condici\u00f3n [&hellip;]<\/p>\n","protected":false},"author":2,"featured_media":420,"comment_status":"open","ping_status":"open","sticky":false,"template":"","format":"standard","meta":{"om_disable_all_campaigns":false,"_monsterinsights_skip_tracking":false,"_monsterinsights_sitenote_active":false,"_monsterinsights_sitenote_note":"","_monsterinsights_sitenote_category":0,"_uf_show_specific_survey":0,"_uf_disable_surveys":false,"jetpack_post_was_ever_published":false,"_jetpack_newsletter_access":"","_jetpack_dont_email_post_to_subs":false,"_jetpack_newsletter_tier_id":0,"_jetpack_memberships_contains_paywalled_content":false,"_jetpack_memberships_contains_paid_content":false,"footnotes":"","jetpack_publicize_message":"","jetpack_publicize_feature_enabled":true,"jetpack_social_post_already_shared":true,"jetpack_social_options":{"image_generator_settings":{"template":"highway","default_image_id":0,"font":"","enabled":false},"version":2}},"categories":[367],"tags":[368,374,370,371,376,369,375,271,372,373],"class_list":["post-419","post","type-post","status-publish","format-standard","has-post-thumbnail","hentry","category-gestion-educativa","tag-autonomia","tag-coherencia","tag-colaboracion","tag-honestidad","tag-liliana-farjat","tag-participacion","tag-profesionalismo","tag-responsabilidad","tag-solidaridad","tag-valufactura"],"yoast_head":"<!-- This site is optimized with the Yoast SEO plugin v27.5 - https:\/\/yoast.com\/product\/yoast-seo-wordpress\/ -->\n<title>An\u00e1lsis sobre foro de Gesti\u00f3n Educativa - On-School<\/title>\n<meta name=\"description\" content=\"An\u00e1lsis sobre foro de Gesti\u00f3n Educativa\" \/>\n<meta name=\"robots\" content=\"index, follow, max-snippet:-1, max-image-preview:large, max-video-preview:-1\" \/>\n<link rel=\"canonical\" href=\"https:\/\/www.on-school.com\/blog\/analsis-sobre-foro-de-gestion-educativa\/\" \/>\n<meta property=\"og:locale\" content=\"en_US\" \/>\n<meta property=\"og:type\" content=\"article\" \/>\n<meta property=\"og:title\" content=\"An\u00e1lsis sobre foro de Gesti\u00f3n Educativa - On-School\" \/>\n<meta property=\"og:description\" content=\"An\u00e1lsis sobre foro de Gesti\u00f3n Educativa\" \/>\n<meta property=\"og:url\" content=\"https:\/\/www.on-school.com\/blog\/analsis-sobre-foro-de-gestion-educativa\/\" \/>\n<meta property=\"og:site_name\" content=\"On-School\" \/>\n<meta property=\"article:publisher\" content=\"https:\/\/www.facebook.com\/pages\/On-School-Plataforma-Educativa-Virtual\/359347014214506\" \/>\n<meta property=\"article:author\" content=\"https:\/\/www.facebook.com\/dannyrq03\" \/>\n<meta property=\"article:published_time\" content=\"2014-10-21T04:51:10+00:00\" \/>\n<meta property=\"article:modified_time\" content=\"2014-11-09T05:11:08+00:00\" \/>\n<meta property=\"og:image\" content=\"https:\/\/www.on-school.com\/blog\/wp-content\/uploads\/2014\/11\/gestion-del-cambio11.jpg\" \/>\n\t<meta property=\"og:image:width\" content=\"1201\" \/>\n\t<meta property=\"og:image:height\" content=\"1201\" \/>\n\t<meta property=\"og:image:type\" content=\"image\/jpeg\" \/>\n<meta name=\"author\" content=\"Daniela Robles\" \/>\n<meta name=\"twitter:card\" content=\"summary_large_image\" \/>\n<meta name=\"twitter:creator\" content=\"@dannyrq0103\" \/>\n<meta name=\"twitter:site\" content=\"@dannyrq0103\" \/>\n<meta name=\"twitter:label1\" content=\"Written by\" \/>\n\t<meta name=\"twitter:data1\" content=\"Daniela Robles\" \/>\n\t<meta name=\"twitter:label2\" content=\"Est. reading time\" \/>\n\t<meta name=\"twitter:data2\" content=\"2 minutes\" \/>\n<script type=\"application\/ld+json\" class=\"yoast-schema-graph\">{\"@context\":\"https:\\\/\\\/schema.org\",\"@graph\":[{\"@type\":\"Article\",\"@id\":\"https:\\\/\\\/www.on-school.com\\\/blog\\\/analsis-sobre-foro-de-gestion-educativa\\\/#article\",\"isPartOf\":{\"@id\":\"https:\\\/\\\/www.on-school.com\\\/blog\\\/analsis-sobre-foro-de-gestion-educativa\\\/\"},\"author\":{\"name\":\"Daniela Robles\",\"@id\":\"https:\\\/\\\/www.on-school.com\\\/blog\\\/#\\\/schema\\\/person\\\/9f7167a86251ef6b0fd1af6e5a5cf30b\"},\"headline\":\"An\u00e1lsis sobre foro de Gesti\u00f3n Educativa\",\"datePublished\":\"2014-10-21T04:51:10+00:00\",\"dateModified\":\"2014-11-09T05:11:08+00:00\",\"mainEntityOfPage\":{\"@id\":\"https:\\\/\\\/www.on-school.com\\\/blog\\\/analsis-sobre-foro-de-gestion-educativa\\\/\"},\"wordCount\":477,\"commentCount\":0,\"publisher\":{\"@id\":\"https:\\\/\\\/www.on-school.com\\\/blog\\\/#organization\"},\"image\":{\"@id\":\"https:\\\/\\\/www.on-school.com\\\/blog\\\/analsis-sobre-foro-de-gestion-educativa\\\/#primaryimage\"},\"thumbnailUrl\":\"https:\\\/\\\/www.on-school.com\\\/blog\\\/wp-content\\\/uploads\\\/2014\\\/11\\\/gestion-del-cambio11.jpg\",\"keywords\":[\"autonom\u00eda\",\"coherencia\",\"colaboraci\u00f3n\",\"honestidad\",\"Liliana Farjat\",\"participaci\u00f3n\",\"profesionalismo\",\"responsabilidad\",\"solidaridad\",\"valufactura\"],\"articleSection\":[\"Gesti\u00f3n Educativa\"],\"inLanguage\":\"en-US\",\"potentialAction\":[{\"@type\":\"CommentAction\",\"name\":\"Comment\",\"target\":[\"https:\\\/\\\/www.on-school.com\\\/blog\\\/analsis-sobre-foro-de-gestion-educativa\\\/#respond\"]}]},{\"@type\":\"WebPage\",\"@id\":\"https:\\\/\\\/www.on-school.com\\\/blog\\\/analsis-sobre-foro-de-gestion-educativa\\\/\",\"url\":\"https:\\\/\\\/www.on-school.com\\\/blog\\\/analsis-sobre-foro-de-gestion-educativa\\\/\",\"name\":\"An\u00e1lsis sobre foro de Gesti\u00f3n Educativa - On-School\",\"isPartOf\":{\"@id\":\"https:\\\/\\\/www.on-school.com\\\/blog\\\/#website\"},\"primaryImageOfPage\":{\"@id\":\"https:\\\/\\\/www.on-school.com\\\/blog\\\/analsis-sobre-foro-de-gestion-educativa\\\/#primaryimage\"},\"image\":{\"@id\":\"https:\\\/\\\/www.on-school.com\\\/blog\\\/analsis-sobre-foro-de-gestion-educativa\\\/#primaryimage\"},\"thumbnailUrl\":\"https:\\\/\\\/www.on-school.com\\\/blog\\\/wp-content\\\/uploads\\\/2014\\\/11\\\/gestion-del-cambio11.jpg\",\"datePublished\":\"2014-10-21T04:51:10+00:00\",\"dateModified\":\"2014-11-09T05:11:08+00:00\",\"description\":\"An\u00e1lsis sobre foro de Gesti\u00f3n Educativa\",\"breadcrumb\":{\"@id\":\"https:\\\/\\\/www.on-school.com\\\/blog\\\/analsis-sobre-foro-de-gestion-educativa\\\/#breadcrumb\"},\"inLanguage\":\"en-US\",\"potentialAction\":[{\"@type\":\"ReadAction\",\"target\":[\"https:\\\/\\\/www.on-school.com\\\/blog\\\/analsis-sobre-foro-de-gestion-educativa\\\/\"]}]},{\"@type\":\"ImageObject\",\"inLanguage\":\"en-US\",\"@id\":\"https:\\\/\\\/www.on-school.com\\\/blog\\\/analsis-sobre-foro-de-gestion-educativa\\\/#primaryimage\",\"url\":\"https:\\\/\\\/www.on-school.com\\\/blog\\\/wp-content\\\/uploads\\\/2014\\\/11\\\/gestion-del-cambio11.jpg\",\"contentUrl\":\"https:\\\/\\\/www.on-school.com\\\/blog\\\/wp-content\\\/uploads\\\/2014\\\/11\\\/gestion-del-cambio11.jpg\",\"width\":1201,\"height\":1201,\"caption\":\"Gesti\u00f3n del Cambio\"},{\"@type\":\"BreadcrumbList\",\"@id\":\"https:\\\/\\\/www.on-school.com\\\/blog\\\/analsis-sobre-foro-de-gestion-educativa\\\/#breadcrumb\",\"itemListElement\":[{\"@type\":\"ListItem\",\"position\":1,\"name\":\"Inicio\",\"item\":\"https:\\\/\\\/www.on-school.com\\\/blog\\\/\"},{\"@type\":\"ListItem\",\"position\":2,\"name\":\"An\u00e1lsis sobre foro de Gesti\u00f3n Educativa\"}]},{\"@type\":\"WebSite\",\"@id\":\"https:\\\/\\\/www.on-school.com\\\/blog\\\/#website\",\"url\":\"https:\\\/\\\/www.on-school.com\\\/blog\\\/\",\"name\":\"On-School\",\"description\":\"Aula Virtual Educativa\",\"publisher\":{\"@id\":\"https:\\\/\\\/www.on-school.com\\\/blog\\\/#organization\"},\"potentialAction\":[{\"@type\":\"SearchAction\",\"target\":{\"@type\":\"EntryPoint\",\"urlTemplate\":\"https:\\\/\\\/www.on-school.com\\\/blog\\\/?s={search_term_string}\"},\"query-input\":{\"@type\":\"PropertyValueSpecification\",\"valueRequired\":true,\"valueName\":\"search_term_string\"}}],\"inLanguage\":\"en-US\"},{\"@type\":\"Organization\",\"@id\":\"https:\\\/\\\/www.on-school.com\\\/blog\\\/#organization\",\"name\":\"On-School\",\"url\":\"https:\\\/\\\/www.on-school.com\\\/blog\\\/\",\"logo\":{\"@type\":\"ImageObject\",\"inLanguage\":\"en-US\",\"@id\":\"https:\\\/\\\/www.on-school.com\\\/blog\\\/#\\\/schema\\\/logo\\\/image\\\/\",\"url\":\"https:\\\/\\\/www.on-school.com\\\/blog\\\/wp-content\\\/uploads\\\/2025\\\/09\\\/logoNewSchool.jpg\",\"contentUrl\":\"https:\\\/\\\/www.on-school.com\\\/blog\\\/wp-content\\\/uploads\\\/2025\\\/09\\\/logoNewSchool.jpg\",\"width\":778,\"height\":777,\"caption\":\"On-School\"},\"image\":{\"@id\":\"https:\\\/\\\/www.on-school.com\\\/blog\\\/#\\\/schema\\\/logo\\\/image\\\/\"},\"sameAs\":[\"https:\\\/\\\/www.facebook.com\\\/pages\\\/On-School-Plataforma-Educativa-Virtual\\\/359347014214506\",\"https:\\\/\\\/x.com\\\/dannyrq0103\"]},{\"@type\":\"Person\",\"@id\":\"https:\\\/\\\/www.on-school.com\\\/blog\\\/#\\\/schema\\\/person\\\/9f7167a86251ef6b0fd1af6e5a5cf30b\",\"name\":\"Daniela Robles\",\"image\":{\"@type\":\"ImageObject\",\"inLanguage\":\"en-US\",\"@id\":\"https:\\\/\\\/secure.gravatar.com\\\/avatar\\\/d9ff050e27a23563c6b56ef3c34936d00257a29266068c8d767674f6773c1467?s=96&d=mm&r=g\",\"url\":\"https:\\\/\\\/secure.gravatar.com\\\/avatar\\\/d9ff050e27a23563c6b56ef3c34936d00257a29266068c8d767674f6773c1467?s=96&d=mm&r=g\",\"contentUrl\":\"https:\\\/\\\/secure.gravatar.com\\\/avatar\\\/d9ff050e27a23563c6b56ef3c34936d00257a29266068c8d767674f6773c1467?s=96&d=mm&r=g\",\"caption\":\"Daniela Robles\"},\"description\":\"Apasionada de los temas educativos. Mam\u00e1 de Luis Leonardo y Diana Camila. Licenciada en Ciencias de la Educaci\u00f3n por el Instituto Tecnol\u00f3gico y de Estudios Superiores de Occidente (ITESO). Maestr\u00eda en Inovaci\u00f3n tecnol\u00f3gica con Orientaci\u00f3n Educativa por la UVM\",\"sameAs\":[\"http:\\\/\\\/www.on-school.com\",\"https:\\\/\\\/www.facebook.com\\\/dannyrq03\",\"https:\\\/\\\/x.com\\\/dannyrq0103\"],\"url\":\"https:\\\/\\\/www.on-school.com\\\/blog\\\/author\\\/dannyrq0103\\\/\"}]}<\/script>\n<!-- \/ Yoast SEO plugin. -->","yoast_head_json":{"title":"An\u00e1lsis sobre foro de Gesti\u00f3n Educativa - On-School","description":"An\u00e1lsis sobre foro de Gesti\u00f3n Educativa","robots":{"index":"index","follow":"follow","max-snippet":"max-snippet:-1","max-image-preview":"max-image-preview:large","max-video-preview":"max-video-preview:-1"},"canonical":"https:\/\/www.on-school.com\/blog\/analsis-sobre-foro-de-gestion-educativa\/","og_locale":"en_US","og_type":"article","og_title":"An\u00e1lsis sobre foro de Gesti\u00f3n Educativa - On-School","og_description":"An\u00e1lsis sobre foro de Gesti\u00f3n Educativa","og_url":"https:\/\/www.on-school.com\/blog\/analsis-sobre-foro-de-gestion-educativa\/","og_site_name":"On-School","article_publisher":"https:\/\/www.facebook.com\/pages\/On-School-Plataforma-Educativa-Virtual\/359347014214506","article_author":"https:\/\/www.facebook.com\/dannyrq03","article_published_time":"2014-10-21T04:51:10+00:00","article_modified_time":"2014-11-09T05:11:08+00:00","og_image":[{"width":1201,"height":1201,"url":"https:\/\/www.on-school.com\/blog\/wp-content\/uploads\/2014\/11\/gestion-del-cambio11.jpg","type":"image\/jpeg"}],"author":"Daniela Robles","twitter_card":"summary_large_image","twitter_creator":"@dannyrq0103","twitter_site":"@dannyrq0103","twitter_misc":{"Written by":"Daniela Robles","Est. reading time":"2 minutes"},"schema":{"@context":"https:\/\/schema.org","@graph":[{"@type":"Article","@id":"https:\/\/www.on-school.com\/blog\/analsis-sobre-foro-de-gestion-educativa\/#article","isPartOf":{"@id":"https:\/\/www.on-school.com\/blog\/analsis-sobre-foro-de-gestion-educativa\/"},"author":{"name":"Daniela Robles","@id":"https:\/\/www.on-school.com\/blog\/#\/schema\/person\/9f7167a86251ef6b0fd1af6e5a5cf30b"},"headline":"An\u00e1lsis sobre foro de Gesti\u00f3n Educativa","datePublished":"2014-10-21T04:51:10+00:00","dateModified":"2014-11-09T05:11:08+00:00","mainEntityOfPage":{"@id":"https:\/\/www.on-school.com\/blog\/analsis-sobre-foro-de-gestion-educativa\/"},"wordCount":477,"commentCount":0,"publisher":{"@id":"https:\/\/www.on-school.com\/blog\/#organization"},"image":{"@id":"https:\/\/www.on-school.com\/blog\/analsis-sobre-foro-de-gestion-educativa\/#primaryimage"},"thumbnailUrl":"https:\/\/www.on-school.com\/blog\/wp-content\/uploads\/2014\/11\/gestion-del-cambio11.jpg","keywords":["autonom\u00eda","coherencia","colaboraci\u00f3n","honestidad","Liliana Farjat","participaci\u00f3n","profesionalismo","responsabilidad","solidaridad","valufactura"],"articleSection":["Gesti\u00f3n Educativa"],"inLanguage":"en-US","potentialAction":[{"@type":"CommentAction","name":"Comment","target":["https:\/\/www.on-school.com\/blog\/analsis-sobre-foro-de-gestion-educativa\/#respond"]}]},{"@type":"WebPage","@id":"https:\/\/www.on-school.com\/blog\/analsis-sobre-foro-de-gestion-educativa\/","url":"https:\/\/www.on-school.com\/blog\/analsis-sobre-foro-de-gestion-educativa\/","name":"An\u00e1lsis sobre foro de Gesti\u00f3n Educativa - On-School","isPartOf":{"@id":"https:\/\/www.on-school.com\/blog\/#website"},"primaryImageOfPage":{"@id":"https:\/\/www.on-school.com\/blog\/analsis-sobre-foro-de-gestion-educativa\/#primaryimage"},"image":{"@id":"https:\/\/www.on-school.com\/blog\/analsis-sobre-foro-de-gestion-educativa\/#primaryimage"},"thumbnailUrl":"https:\/\/www.on-school.com\/blog\/wp-content\/uploads\/2014\/11\/gestion-del-cambio11.jpg","datePublished":"2014-10-21T04:51:10+00:00","dateModified":"2014-11-09T05:11:08+00:00","description":"An\u00e1lsis sobre foro de Gesti\u00f3n Educativa","breadcrumb":{"@id":"https:\/\/www.on-school.com\/blog\/analsis-sobre-foro-de-gestion-educativa\/#breadcrumb"},"inLanguage":"en-US","potentialAction":[{"@type":"ReadAction","target":["https:\/\/www.on-school.com\/blog\/analsis-sobre-foro-de-gestion-educativa\/"]}]},{"@type":"ImageObject","inLanguage":"en-US","@id":"https:\/\/www.on-school.com\/blog\/analsis-sobre-foro-de-gestion-educativa\/#primaryimage","url":"https:\/\/www.on-school.com\/blog\/wp-content\/uploads\/2014\/11\/gestion-del-cambio11.jpg","contentUrl":"https:\/\/www.on-school.com\/blog\/wp-content\/uploads\/2014\/11\/gestion-del-cambio11.jpg","width":1201,"height":1201,"caption":"Gesti\u00f3n del Cambio"},{"@type":"BreadcrumbList","@id":"https:\/\/www.on-school.com\/blog\/analsis-sobre-foro-de-gestion-educativa\/#breadcrumb","itemListElement":[{"@type":"ListItem","position":1,"name":"Inicio","item":"https:\/\/www.on-school.com\/blog\/"},{"@type":"ListItem","position":2,"name":"An\u00e1lsis sobre foro de Gesti\u00f3n Educativa"}]},{"@type":"WebSite","@id":"https:\/\/www.on-school.com\/blog\/#website","url":"https:\/\/www.on-school.com\/blog\/","name":"On-School","description":"Aula Virtual Educativa","publisher":{"@id":"https:\/\/www.on-school.com\/blog\/#organization"},"potentialAction":[{"@type":"SearchAction","target":{"@type":"EntryPoint","urlTemplate":"https:\/\/www.on-school.com\/blog\/?s={search_term_string}"},"query-input":{"@type":"PropertyValueSpecification","valueRequired":true,"valueName":"search_term_string"}}],"inLanguage":"en-US"},{"@type":"Organization","@id":"https:\/\/www.on-school.com\/blog\/#organization","name":"On-School","url":"https:\/\/www.on-school.com\/blog\/","logo":{"@type":"ImageObject","inLanguage":"en-US","@id":"https:\/\/www.on-school.com\/blog\/#\/schema\/logo\/image\/","url":"https:\/\/www.on-school.com\/blog\/wp-content\/uploads\/2025\/09\/logoNewSchool.jpg","contentUrl":"https:\/\/www.on-school.com\/blog\/wp-content\/uploads\/2025\/09\/logoNewSchool.jpg","width":778,"height":777,"caption":"On-School"},"image":{"@id":"https:\/\/www.on-school.com\/blog\/#\/schema\/logo\/image\/"},"sameAs":["https:\/\/www.facebook.com\/pages\/On-School-Plataforma-Educativa-Virtual\/359347014214506","https:\/\/x.com\/dannyrq0103"]},{"@type":"Person","@id":"https:\/\/www.on-school.com\/blog\/#\/schema\/person\/9f7167a86251ef6b0fd1af6e5a5cf30b","name":"Daniela Robles","image":{"@type":"ImageObject","inLanguage":"en-US","@id":"https:\/\/secure.gravatar.com\/avatar\/d9ff050e27a23563c6b56ef3c34936d00257a29266068c8d767674f6773c1467?s=96&d=mm&r=g","url":"https:\/\/secure.gravatar.com\/avatar\/d9ff050e27a23563c6b56ef3c34936d00257a29266068c8d767674f6773c1467?s=96&d=mm&r=g","contentUrl":"https:\/\/secure.gravatar.com\/avatar\/d9ff050e27a23563c6b56ef3c34936d00257a29266068c8d767674f6773c1467?s=96&d=mm&r=g","caption":"Daniela Robles"},"description":"Apasionada de los temas educativos. Mam\u00e1 de Luis Leonardo y Diana Camila. Licenciada en Ciencias de la Educaci\u00f3n por el Instituto Tecnol\u00f3gico y de Estudios Superiores de Occidente (ITESO). Maestr\u00eda en Inovaci\u00f3n tecnol\u00f3gica con Orientaci\u00f3n Educativa por la UVM","sameAs":["http:\/\/www.on-school.com","https:\/\/www.facebook.com\/dannyrq03","https:\/\/x.com\/dannyrq0103"],"url":"https:\/\/www.on-school.com\/blog\/author\/dannyrq0103\/"}]}},"jetpack_publicize_connections":[],"jetpack_featured_media_url":"https:\/\/www.on-school.com\/blog\/wp-content\/uploads\/2014\/11\/gestion-del-cambio11.jpg","jetpack_shortlink":"https:\/\/wp.me\/p4Yboc-6L","jetpack_sharing_enabled":true,"jetpack-related-posts":[{"id":428,"url":"https:\/\/www.on-school.com\/blog\/reporte-de-lectura-gestion-educativa-institucional-de-las-intenciones-a-las-concreciones-la-autonomia-como-consecuencia-liliana-farjat\/","url_meta":{"origin":419,"position":0},"title":"Reporte de lectura &#8220;Gesti\u00f3n educativa institucional. De las intenciones a las concreciones. La autonom\u00eda como consecuencia&#8221; (Liliana Farjat)","author":"Daniela Robles","date":"25\/10\/2014","format":false,"excerpt":"El tema que nos indica la lectura, menciona que profesionalizar no es lo mismo que capacitar, profesionalizar une la idea de hacer mejor nuestro trabajo, va m\u00e1s all\u00e1 que el conocimiento. Un profesional debe tener claro los contenidos de su trabajo, es decir, la selecci\u00f3n de contenidos, actitud frente a\u2026","rel":"","context":"In &quot;Gesti\u00f3n Educativa&quot;","block_context":{"text":"Gesti\u00f3n Educativa","link":"https:\/\/www.on-school.com\/blog\/category\/procesos-educativos\/gestion-educativa\/"},"img":{"alt_text":"Educaci\u00f3n y Autonom\u00eda","src":"https:\/\/i0.wp.com\/www.on-school.com\/blog\/wp-content\/uploads\/2014\/11\/Diapositiva11.jpg?resize=350%2C200&ssl=1","width":350,"height":200,"srcset":"https:\/\/i0.wp.com\/www.on-school.com\/blog\/wp-content\/uploads\/2014\/11\/Diapositiva11.jpg?resize=350%2C200&ssl=1 1x, https:\/\/i0.wp.com\/www.on-school.com\/blog\/wp-content\/uploads\/2014\/11\/Diapositiva11.jpg?resize=525%2C300&ssl=1 1.5x, https:\/\/i0.wp.com\/www.on-school.com\/blog\/wp-content\/uploads\/2014\/11\/Diapositiva11.jpg?resize=700%2C400&ssl=1 2x"},"classes":[]},{"id":431,"url":"https:\/\/www.on-school.com\/blog\/reporte-de-lectura-la-gestion-pedagogica-de-la-escuela-furlan-landesmann-y-pasillas\/","url_meta":{"origin":419,"position":1},"title":"Reporte de lectura &#8220;La gesti\u00f3n pedag\u00f3gica de la escuela&#8221; (Furlan, Landesmann y Pasillas)","author":"Daniela Robles","date":"26\/10\/2014","format":false,"excerpt":"Furl\u00e1n nos indica en esta lectura, una breve explicaci\u00f3n de la gesti\u00f3n pedag\u00f3gica dentro de una instituci\u00f3n, comenta que esta acci\u00f3n debe ser el labor primordial para que la educaci\u00f3n sea un autentico instrumento en la transformaci\u00f3n social del ser humano, es decir, se necesita de un cambio educativo donde\u2026","rel":"","context":"In &quot;Gesti\u00f3n Educativa&quot;","block_context":{"text":"Gesti\u00f3n Educativa","link":"https:\/\/www.on-school.com\/blog\/category\/procesos-educativos\/gestion-educativa\/"},"img":{"alt_text":"Gesti\u00f3n de la Escuela","src":"https:\/\/i0.wp.com\/www.on-school.com\/blog\/wp-content\/uploads\/2014\/11\/grafico051.jpg?resize=350%2C200&ssl=1","width":350,"height":200,"srcset":"https:\/\/i0.wp.com\/www.on-school.com\/blog\/wp-content\/uploads\/2014\/11\/grafico051.jpg?resize=350%2C200&ssl=1 1x, https:\/\/i0.wp.com\/www.on-school.com\/blog\/wp-content\/uploads\/2014\/11\/grafico051.jpg?resize=525%2C300&ssl=1 1.5x"},"classes":[]},{"id":425,"url":"https:\/\/www.on-school.com\/blog\/reporte-de-lectura-estrategias-de-desarrollo-y-educacion-el-desafio-de-la-gestion-juan-carlos-tedesco\/","url_meta":{"origin":419,"position":2},"title":"Reporte de lectura &#8220;Estrategias de desarrollo y Educaci\u00f3n: El desaf\u00edo de la gesti\u00f3n&#8221; (Juan Carlos Tedesco)","author":"Daniela Robles","date":"23\/10\/2014","format":false,"excerpt":"La lectura nos dice que la educaci\u00f3n vuelve a ser considerada una prioridad en la agenda de discusiones sobre estrategias del desarrollo, se involucran las pol\u00edticas p\u00fablicas y familiares. As\u00ed mismo, nos menciona que la educaci\u00f3n es considerada como una actividad sistem\u00e1tica, efectuada desde la escuela y orientada a formar\u2026","rel":"","context":"In &quot;Gesti\u00f3n Educativa&quot;","block_context":{"text":"Gesti\u00f3n Educativa","link":"https:\/\/www.on-school.com\/blog\/category\/procesos-educativos\/gestion-educativa\/"},"img":{"alt_text":"Juan Carlos Tedesco","src":"https:\/\/i0.wp.com\/www.on-school.com\/blog\/wp-content\/uploads\/2014\/11\/072Tedesco.jpg?resize=350%2C200&ssl=1","width":350,"height":200,"srcset":"https:\/\/i0.wp.com\/www.on-school.com\/blog\/wp-content\/uploads\/2014\/11\/072Tedesco.jpg?resize=350%2C200&ssl=1 1x, https:\/\/i0.wp.com\/www.on-school.com\/blog\/wp-content\/uploads\/2014\/11\/072Tedesco.jpg?resize=525%2C300&ssl=1 1.5x, https:\/\/i0.wp.com\/www.on-school.com\/blog\/wp-content\/uploads\/2014\/11\/072Tedesco.jpg?resize=700%2C400&ssl=1 2x"},"classes":[]},{"id":27,"url":"https:\/\/www.on-school.com\/blog\/gestion-de-servicios-y-la-educacion-vista-como-un-sistema-de-servicio\/","url_meta":{"origin":419,"position":3},"title":"Gesti\u00f3n de Servicios y la Educaci\u00f3n vista como un Sistema de Servicio (I)","author":"jolusafe5","date":"23\/08\/2014","format":false,"excerpt":"Un tema por dem\u00e1s interesante y pol\u00e9mico para m\u00ed es la Educaci\u00f3n en M\u00e9xico. Es un tema que me apasiona desde el punto de vista de educar a la sociedad para que M\u00e9xico salga adelante. Esto me ha llevado a enfocar mi tema de servicios hacia la educaci\u00f3n, en todos\u2026","rel":"","context":"In &quot;Gesti\u00f3n de Servicios de TI&quot;","block_context":{"text":"Gesti\u00f3n de Servicios de TI","link":"https:\/\/www.on-school.com\/blog\/category\/tecnologias-de-la-informacion\/informatica-aplicada\/gestion-de-servicios-de-ti\/"},"img":{"alt_text":"Educaci\u00f3n como Servicio","src":"https:\/\/i0.wp.com\/www.on-school.com\/blog\/wp-content\/uploads\/2014\/08\/Servicio-Pa%C3%ADs-Educaci%C3%B3n1.jpg?resize=350%2C200&ssl=1","width":350,"height":200,"srcset":"https:\/\/i0.wp.com\/www.on-school.com\/blog\/wp-content\/uploads\/2014\/08\/Servicio-Pa%C3%ADs-Educaci%C3%B3n1.jpg?resize=350%2C200&ssl=1 1x, https:\/\/i0.wp.com\/www.on-school.com\/blog\/wp-content\/uploads\/2014\/08\/Servicio-Pa%C3%ADs-Educaci%C3%B3n1.jpg?resize=525%2C300&ssl=1 1.5x, https:\/\/i0.wp.com\/www.on-school.com\/blog\/wp-content\/uploads\/2014\/08\/Servicio-Pa%C3%ADs-Educaci%C3%B3n1.jpg?resize=700%2C400&ssl=1 2x"},"classes":[]},{"id":87,"url":"https:\/\/www.on-school.com\/blog\/gestion-de-servicios-y-la-educacion-vista-como-un-sistema-de-servicio-x\/","url_meta":{"origin":419,"position":4},"title":"Gesti\u00f3n de Servicios y la Educaci\u00f3n vista como un Sistema de Servicio (X)","author":"jolusafe5","date":"31\/08\/2014","format":false,"excerpt":"Michael Porter argument\u00f3 3 estrategias competitivas gen\u00e9ricas para poder hacerle frente al muy competitivo ambiente de los servicios: Liderazgo de costo total. Porter se refiere principalmente a bajar los precios. Diferenciaci\u00f3n. Generar un producto o servicio \u00fanico en el mercado. Enfoque a un segmento espec\u00edfico en el mercado. Enfocarse en\u2026","rel":"","context":"In &quot;Gesti\u00f3n de Servicios de TI&quot;","block_context":{"text":"Gesti\u00f3n de Servicios de TI","link":"https:\/\/www.on-school.com\/blog\/category\/tecnologias-de-la-informacion\/informatica-aplicada\/gestion-de-servicios-de-ti\/"},"img":{"alt_text":"An\u00e1lisis FODA\/SWOT","src":"https:\/\/i0.wp.com\/www.on-school.com\/blog\/wp-content\/uploads\/2014\/09\/gestion02.jpg?resize=350%2C200&ssl=1","width":350,"height":200},"classes":[]},{"id":56,"url":"https:\/\/www.on-school.com\/blog\/gestion-de-servicios-y-la-educacion-vista-como-un-sistema-de-servicio-vi\/","url_meta":{"origin":419,"position":5},"title":"Gesti\u00f3n de Servicios y la Educaci\u00f3n vista como un Sistema de Servicio (VI)","author":"jolusafe5","date":"27\/08\/2014","format":false,"excerpt":"Un tema que se me hace importante y que pudiera ser de gran ayuda para nuestro nuevo sistema de educaci\u00f3n basado en servicios es el tema de Paquete de Servicios. De acuerdo a Fitzimmons (2001), \u00e9ste paquete consiste de cinco caracter\u00edsticas: - Instalaciones de apoyo - Facilitar mercanc\u00edas - Informaci\u00f3n\u2026","rel":"","context":"In &quot;Gesti\u00f3n de Servicios de TI&quot;","block_context":{"text":"Gesti\u00f3n de Servicios de TI","link":"https:\/\/www.on-school.com\/blog\/category\/tecnologias-de-la-informacion\/informatica-aplicada\/gestion-de-servicios-de-ti\/"},"img":{"alt_text":"Aprendizaje","src":"https:\/\/i0.wp.com\/www.on-school.com\/blog\/wp-content\/uploads\/2014\/08\/aprendizaje_01.png?resize=350%2C200&ssl=1","width":350,"height":200,"srcset":"https:\/\/i0.wp.com\/www.on-school.com\/blog\/wp-content\/uploads\/2014\/08\/aprendizaje_01.png?resize=350%2C200&ssl=1 1x, https:\/\/i0.wp.com\/www.on-school.com\/blog\/wp-content\/uploads\/2014\/08\/aprendizaje_01.png?resize=525%2C300&ssl=1 1.5x, https:\/\/i0.wp.com\/www.on-school.com\/blog\/wp-content\/uploads\/2014\/08\/aprendizaje_01.png?resize=700%2C400&ssl=1 2x"},"classes":[]}],"jetpack_likes_enabled":true,"_links":{"self":[{"href":"https:\/\/www.on-school.com\/blog\/wp-json\/wp\/v2\/posts\/419","targetHints":{"allow":["GET"]}}],"collection":[{"href":"https:\/\/www.on-school.com\/blog\/wp-json\/wp\/v2\/posts"}],"about":[{"href":"https:\/\/www.on-school.com\/blog\/wp-json\/wp\/v2\/types\/post"}],"author":[{"embeddable":true,"href":"https:\/\/www.on-school.com\/blog\/wp-json\/wp\/v2\/users\/2"}],"replies":[{"embeddable":true,"href":"https:\/\/www.on-school.com\/blog\/wp-json\/wp\/v2\/comments?post=419"}],"version-history":[{"count":1,"href":"https:\/\/www.on-school.com\/blog\/wp-json\/wp\/v2\/posts\/419\/revisions"}],"predecessor-version":[{"id":421,"href":"https:\/\/www.on-school.com\/blog\/wp-json\/wp\/v2\/posts\/419\/revisions\/421"}],"wp:featuredmedia":[{"embeddable":true,"href":"https:\/\/www.on-school.com\/blog\/wp-json\/wp\/v2\/media\/420"}],"wp:attachment":[{"href":"https:\/\/www.on-school.com\/blog\/wp-json\/wp\/v2\/media?parent=419"}],"wp:term":[{"taxonomy":"category","embeddable":true,"href":"https:\/\/www.on-school.com\/blog\/wp-json\/wp\/v2\/categories?post=419"},{"taxonomy":"post_tag","embeddable":true,"href":"https:\/\/www.on-school.com\/blog\/wp-json\/wp\/v2\/tags?post=419"}],"curies":[{"name":"wp","href":"https:\/\/api.w.org\/{rel}","templated":true}]}}