{"id":1736,"date":"2019-10-15T15:41:59","date_gmt":"2019-10-15T20:41:59","guid":{"rendered":"http:\/\/www.on-school.com\/blog\/?p=1736"},"modified":"2019-10-15T15:42:09","modified_gmt":"2019-10-15T20:42:09","slug":"desarrollo-de-competencias-especificas-de-educacion-artistica","status":"publish","type":"post","link":"https:\/\/www.on-school.com\/blog\/desarrollo-de-competencias-especificas-de-educacion-artistica\/","title":{"rendered":"Desarrollo de competencias espec\u00edficas de educaci\u00f3n art\u00edstica"},"content":{"rendered":"\n<figure class=\"wp-block-image\"><img fetchpriority=\"high\" decoding=\"async\" width=\"250\" height=\"250\" src=\"http:\/\/www.on-school.com\/blog\/wp-content\/uploads\/2019\/10\/Gestion-de-Proyectos1.png\" alt=\"Competencias espec\u00edficas de educaci\u00f3n art\u00edstica\" class=\"wp-image-1737\" srcset=\"https:\/\/www.on-school.com\/blog\/wp-content\/uploads\/2019\/10\/Gestion-de-Proyectos1.png 250w, https:\/\/www.on-school.com\/blog\/wp-content\/uploads\/2019\/10\/Gestion-de-Proyectos1-150x150.png 150w, https:\/\/www.on-school.com\/blog\/wp-content\/uploads\/2019\/10\/Gestion-de-Proyectos1-65x65.png 65w\" sizes=\"(max-width: 250px) 100vw, 250px\" \/><figcaption>Competencias espec\u00edficas de educaci\u00f3n art\u00edstica<\/figcaption><\/figure>\n\n\n\n<p>Leal, Pino. (2000), en su estudio titulado\u00a0<em><a rel=\"noreferrer noopener\" aria-label=\"Pedagog\u00eda  (opens in a new tab)\" href=\"http:\/\/www.on-school.com\/blog\/pedagogia\/\" target=\"_blank\">Pedagog\u00eda <\/a>de proyectos: Una alternativa educativa. Una experiencia a nivel de aula,<\/em>\u00a0parte del concepto de aprendizaje significativo propuesto por Aussubel y Gardner, entendi\u00e9ndolo como las relaciones significativas entre lo que sabe el estudiante y lo que va a\u00a0 aprender y de esta manera, la pedagog\u00eda de proyecto se\u00a0 propone como una alternativa para que el estudiante construya su propio aprendizaje, con el apoyo de sus compa\u00f1eros, el docente, su familia y su comunidad, integrando, su mundo particular, el entorno y la experiencia de vida a la\u00a0 reflexi\u00f3n educativa. (competencias espec\u00edficas de educaci\u00f3n art\u00edstica)<\/p>\n\n\n\n<p>La&nbsp;Educaci\u00f3n&nbsp;trata siempre de situarse entre los temas fundamentales de toda sociedad; se interpreta como un n\u00facleo intr\u00ednsecamente unido a las&nbsp;posibilidades de evolucionar, de formarse, en definitiva, de construir&nbsp;conocimiento\u2026&nbsp;Considerando el sentido de cada forma expresiva \u2014obra art\u00edstica\u2014, se puede&nbsp;inferir que puede haber un mismo principio de creaci\u00f3n en todas las disciplinas&nbsp;art\u00edsticas, que no es otro que la&nbsp;expresividad. La expresividad est\u00e1 en la base de&nbsp;todas las artes y su lenguaje son las met\u00e1foras, verdaderos veh\u00edculos de su fuerza&nbsp;simb\u00f3lica. Y es a trav\u00e9s de la met\u00e1fora que el argumento art\u00edstico, la energ\u00eda de la&nbsp;m\u00fasica, de la pintura, del teatro, de la danza, puede llegar a conectar con el sentimiento&nbsp;de cada persona&nbsp;(Sanchez S\u00e1nchez, J, 2010, p.27).<\/p>\n\n\n\n<p>Los proyectos de investigaci\u00f3n en el aula pueden fortalecer y desarrollar procesos de ense\u00f1anza y aprendizaje desde diferentes \u00e1reas del conocimiento. En el campo de las artes se configuran como una forma de llegar a la expresi\u00f3n art\u00edstica ppor medio de propuestas desde la danza, el teatro, la m\u00fasica, la pintura, los lenguajes visuales, entre otros; sin dejar de lado el conocimiento conceptual propio de la disciplina espec\u00edfica del arte como \u00e1rea del&nbsp;conocimiento.<\/p>\n\n\n\n<p>El MEN (2006) hace \u00e9nfasis en la importancia de que en toda pr\u00e1ctica educativa se deben facilitar ambientes que desde el aula posibiliten situaciones de aprendizaje en las que por medio de la formulaci\u00f3n de problemas, la b\u00fasqueda de respuestas a preguntas establecidas, el estudio de referentes te\u00f3ricos, el debate argumentado y la evaluaci\u00f3n permanente.<\/p>\n\n\n\n<p>Desde las competencias b\u00e1sicas de la educaci\u00f3n b\u00e1sica y media en lenguaje, matem\u00e1ticas, ciencias y competencias ciudadanas, los estudiantes ser\u00e1n&nbsp;capaces de enfrentar las situaciones problema presentadas en sus proyectos de investigaci\u00f3n en el aula.<\/p>\n\n\n\n<p>La conferencia mundial sobre Educaci\u00f3n Art\u00edstica realizada en Mayo de 2010,&nbsp;dedica tres objetivos de la educaci\u00f3n art\u00edstica a la investigaci\u00f3n:<\/p>\n\n\n\n<ul class=\"wp-block-list\"><li>Estimular el intercambio entre la investigaci\u00f3n y la pr\u00e1ctica en Educaci\u00f3n Art\u00edstica.<\/li><li>Apoyar globalmente la investigaci\u00f3n y la teor\u00eda en Educaci\u00f3n Art\u00edstica y la relaci\u00f3n entre teor\u00eda, investigaci\u00f3n y pr\u00e1ctica.<\/li><li>Fomentar la cooperaci\u00f3n para desarrollar la investigaci\u00f3n en Educaci\u00f3n Art\u00edstica y distribuir sus\u00a0resultados as\u00ed como las pr\u00e1cticas ejemplares a trav\u00e9s de estructuras internacionales tales como instituciones y observatorios.\u00a0(UNESCO, 2010,pp\u00a0p. 6-7).<\/li><\/ul>\n\n\n\n<p>Se puede observar que estos objetivos est\u00e1n estrechamente ligados a la pr\u00e1ctica educativa que realizan los docentes en las aulas de clase y que las competencias propuestas, buscan, no solo alcanzar el conocimiento y producci\u00f3n de productos art\u00edsticos, sino la formaci\u00f3n de los estudiantes desde la cultura investigativa.<\/p>\n\n\n\n<p>Desde el \u00e1rea de educaci\u00f3n art\u00edstica y el desarrollo de sus competencias espec\u00edficas, sensibilidad, apreciaci\u00f3n est\u00e9tica y comunicaci\u00f3n, se propone&nbsp; que todo&nbsp; producto art\u00edstico es el resultado de un proceso de investigaci\u00f3n, que tiene como&nbsp;objetivo pedag\u00f3gico, la formaci\u00f3n en&nbsp;competencias que dialogan, refuerzan, refinan y complementan las&nbsp;competencias b\u00e1sicas, as\u00ed,&nbsp;la ejecuci\u00f3n de proyectos de investigaci\u00f3n para la creaci\u00f3n de propuestas art\u00edsticas, promueve&nbsp;la motivaci\u00f3n del estudiante frente a lo que quiere plasmar en su obra y permite al docente realizar una planeaci\u00f3n y sistematizaci\u00f3n del proceso creativo desarrollado con sus estudiantes.<\/p>\n\n\n\n<blockquote class=\"wp-block-quote is-layout-flow wp-block-quote-is-layout-flow\"><p>\u201cEl docente requiere dise\u00f1ar estrategias que permitan al estudiante indagar y descubrir c\u00f3mo las comunidades establecen y modifican la relaci\u00f3n de las personas con la diversidad cultural propia de su medio, y c\u00f3mo los educandos forman parte de la cultura, e interact\u00faan con las diferentes expresiones de la sociedad\u201d.<\/p><cite> MEN, 2010, p. 54 <\/cite><\/blockquote>\n","protected":false},"excerpt":{"rendered":"<p>Leal, Pino. (2000), en su estudio titulado\u00a0Pedagog\u00eda de proyectos: Una alternativa educativa. Una experiencia a nivel de aula,\u00a0parte del concepto de aprendizaje significativo propuesto por Aussubel y Gardner, entendi\u00e9ndolo como las relaciones significativas entre lo que sabe el estudiante y lo que va a\u00a0 aprender y de esta manera, la pedagog\u00eda de proyecto se\u00a0 propone [&hellip;]<\/p>\n","protected":false},"author":1,"featured_media":1737,"comment_status":"open","ping_status":"open","sticky":false,"template":"","format":"standard","meta":{"om_disable_all_campaigns":false,"_monsterinsights_skip_tracking":false,"_monsterinsights_sitenote_active":false,"_monsterinsights_sitenote_note":"","_monsterinsights_sitenote_category":0,"_uf_show_specific_survey":0,"_uf_disable_surveys":false,"jetpack_post_was_ever_published":false,"_jetpack_newsletter_access":"","_jetpack_dont_email_post_to_subs":false,"_jetpack_newsletter_tier_id":0,"_jetpack_memberships_contains_paywalled_content":false,"_jetpack_memberships_contains_paid_content":false,"footnotes":"","jetpack_publicize_message":"","jetpack_publicize_feature_enabled":true,"jetpack_social_post_already_shared":true,"jetpack_social_options":{"image_generator_settings":{"template":"highway","default_image_id":0,"font":"","enabled":false},"version":2}},"categories":[19],"tags":[1390,1387,1403,1404],"class_list":["post-1736","post","type-post","status-publish","format-standard","has-post-thumbnail","hentry","category-ciencias-de-la-educacion","tag-educacion-artistica","tag-investigacion","tag-pino-leal","tag-sanchez"],"yoast_head":"<!-- This site is optimized with the Yoast SEO plugin v27.5 - https:\/\/yoast.com\/product\/yoast-seo-wordpress\/ -->\n<title>Desarrollo de competencias espec\u00edficas de educaci\u00f3n art\u00edstica -<\/title>\n<meta name=\"description\" content=\"Desarrollo de competencias espec\u00edficas de educaci\u00f3n art\u00edstica La Educaci\u00f3n trata siempre de situarse entre los temas fundamentales\" \/>\n<meta name=\"robots\" content=\"index, follow, max-snippet:-1, max-image-preview:large, max-video-preview:-1\" \/>\n<link rel=\"canonical\" href=\"https:\/\/www.on-school.com\/blog\/desarrollo-de-competencias-especificas-de-educacion-artistica\/\" \/>\n<meta property=\"og:locale\" content=\"en_US\" \/>\n<meta property=\"og:type\" content=\"article\" \/>\n<meta property=\"og:title\" content=\"Desarrollo de competencias espec\u00edficas de educaci\u00f3n art\u00edstica -\" \/>\n<meta property=\"og:description\" content=\"Desarrollo de competencias espec\u00edficas de educaci\u00f3n art\u00edstica La Educaci\u00f3n trata siempre de situarse entre los temas fundamentales\" \/>\n<meta property=\"og:url\" content=\"https:\/\/www.on-school.com\/blog\/desarrollo-de-competencias-especificas-de-educacion-artistica\/\" \/>\n<meta property=\"og:site_name\" content=\"On-School\" \/>\n<meta property=\"article:publisher\" content=\"https:\/\/www.facebook.com\/pages\/On-School-Plataforma-Educativa-Virtual\/359347014214506\" \/>\n<meta property=\"article:author\" content=\"https:\/\/www.facebook.com\/jolusafe5\" \/>\n<meta property=\"article:published_time\" content=\"2019-10-15T20:41:59+00:00\" \/>\n<meta property=\"article:modified_time\" content=\"2019-10-15T20:42:09+00:00\" \/>\n<meta property=\"og:image\" content=\"https:\/\/www.on-school.com\/blog\/wp-content\/uploads\/2019\/10\/Gestion-de-Proyectos1.png\" \/>\n\t<meta property=\"og:image:width\" content=\"250\" \/>\n\t<meta property=\"og:image:height\" content=\"250\" \/>\n\t<meta property=\"og:image:type\" content=\"image\/png\" \/>\n<meta name=\"author\" content=\"jolusafe5\" \/>\n<meta name=\"twitter:card\" content=\"summary_large_image\" \/>\n<meta name=\"twitter:creator\" content=\"@jolusafe5\" \/>\n<meta name=\"twitter:site\" content=\"@dannyrq0103\" \/>\n<meta name=\"twitter:label1\" content=\"Written by\" \/>\n\t<meta name=\"twitter:data1\" content=\"jolusafe5\" \/>\n\t<meta name=\"twitter:label2\" content=\"Est. reading time\" \/>\n\t<meta name=\"twitter:data2\" content=\"4 minutes\" \/>\n<script type=\"application\/ld+json\" class=\"yoast-schema-graph\">{\"@context\":\"https:\\\/\\\/schema.org\",\"@graph\":[{\"@type\":\"Article\",\"@id\":\"https:\\\/\\\/www.on-school.com\\\/blog\\\/desarrollo-de-competencias-especificas-de-educacion-artistica\\\/#article\",\"isPartOf\":{\"@id\":\"https:\\\/\\\/www.on-school.com\\\/blog\\\/desarrollo-de-competencias-especificas-de-educacion-artistica\\\/\"},\"author\":{\"name\":\"jolusafe5\",\"@id\":\"https:\\\/\\\/www.on-school.com\\\/blog\\\/#\\\/schema\\\/person\\\/60396eb2dba803d5c761e33f467a0e58\"},\"headline\":\"Desarrollo de competencias espec\u00edficas de educaci\u00f3n art\u00edstica\",\"datePublished\":\"2019-10-15T20:41:59+00:00\",\"dateModified\":\"2019-10-15T20:42:09+00:00\",\"mainEntityOfPage\":{\"@id\":\"https:\\\/\\\/www.on-school.com\\\/blog\\\/desarrollo-de-competencias-especificas-de-educacion-artistica\\\/\"},\"wordCount\":794,\"commentCount\":0,\"publisher\":{\"@id\":\"https:\\\/\\\/www.on-school.com\\\/blog\\\/#organization\"},\"image\":{\"@id\":\"https:\\\/\\\/www.on-school.com\\\/blog\\\/desarrollo-de-competencias-especificas-de-educacion-artistica\\\/#primaryimage\"},\"thumbnailUrl\":\"https:\\\/\\\/www.on-school.com\\\/blog\\\/wp-content\\\/uploads\\\/2019\\\/10\\\/Gestion-de-Proyectos1.png\",\"keywords\":[\"educaci\u00f3n art\u00edstica\",\"investigaci\u00f3n\",\"Pino Leal\",\"S\u00e1nchez\"],\"articleSection\":[\"Ciencias de la Educaci\u00f3n\"],\"inLanguage\":\"en-US\",\"potentialAction\":[{\"@type\":\"CommentAction\",\"name\":\"Comment\",\"target\":[\"https:\\\/\\\/www.on-school.com\\\/blog\\\/desarrollo-de-competencias-especificas-de-educacion-artistica\\\/#respond\"]}]},{\"@type\":\"WebPage\",\"@id\":\"https:\\\/\\\/www.on-school.com\\\/blog\\\/desarrollo-de-competencias-especificas-de-educacion-artistica\\\/\",\"url\":\"https:\\\/\\\/www.on-school.com\\\/blog\\\/desarrollo-de-competencias-especificas-de-educacion-artistica\\\/\",\"name\":\"Desarrollo de competencias espec\u00edficas de educaci\u00f3n art\u00edstica -\",\"isPartOf\":{\"@id\":\"https:\\\/\\\/www.on-school.com\\\/blog\\\/#website\"},\"primaryImageOfPage\":{\"@id\":\"https:\\\/\\\/www.on-school.com\\\/blog\\\/desarrollo-de-competencias-especificas-de-educacion-artistica\\\/#primaryimage\"},\"image\":{\"@id\":\"https:\\\/\\\/www.on-school.com\\\/blog\\\/desarrollo-de-competencias-especificas-de-educacion-artistica\\\/#primaryimage\"},\"thumbnailUrl\":\"https:\\\/\\\/www.on-school.com\\\/blog\\\/wp-content\\\/uploads\\\/2019\\\/10\\\/Gestion-de-Proyectos1.png\",\"datePublished\":\"2019-10-15T20:41:59+00:00\",\"dateModified\":\"2019-10-15T20:42:09+00:00\",\"description\":\"Desarrollo de competencias espec\u00edficas de educaci\u00f3n art\u00edstica La Educaci\u00f3n trata siempre de situarse entre los temas fundamentales\",\"breadcrumb\":{\"@id\":\"https:\\\/\\\/www.on-school.com\\\/blog\\\/desarrollo-de-competencias-especificas-de-educacion-artistica\\\/#breadcrumb\"},\"inLanguage\":\"en-US\",\"potentialAction\":[{\"@type\":\"ReadAction\",\"target\":[\"https:\\\/\\\/www.on-school.com\\\/blog\\\/desarrollo-de-competencias-especificas-de-educacion-artistica\\\/\"]}]},{\"@type\":\"ImageObject\",\"inLanguage\":\"en-US\",\"@id\":\"https:\\\/\\\/www.on-school.com\\\/blog\\\/desarrollo-de-competencias-especificas-de-educacion-artistica\\\/#primaryimage\",\"url\":\"https:\\\/\\\/www.on-school.com\\\/blog\\\/wp-content\\\/uploads\\\/2019\\\/10\\\/Gestion-de-Proyectos1.png\",\"contentUrl\":\"https:\\\/\\\/www.on-school.com\\\/blog\\\/wp-content\\\/uploads\\\/2019\\\/10\\\/Gestion-de-Proyectos1.png\",\"width\":250,\"height\":250,\"caption\":\"Desarrollo de competencias\"},{\"@type\":\"BreadcrumbList\",\"@id\":\"https:\\\/\\\/www.on-school.com\\\/blog\\\/desarrollo-de-competencias-especificas-de-educacion-artistica\\\/#breadcrumb\",\"itemListElement\":[{\"@type\":\"ListItem\",\"position\":1,\"name\":\"Inicio\",\"item\":\"https:\\\/\\\/www.on-school.com\\\/blog\\\/\"},{\"@type\":\"ListItem\",\"position\":2,\"name\":\"Desarrollo de competencias espec\u00edficas de educaci\u00f3n art\u00edstica\"}]},{\"@type\":\"WebSite\",\"@id\":\"https:\\\/\\\/www.on-school.com\\\/blog\\\/#website\",\"url\":\"https:\\\/\\\/www.on-school.com\\\/blog\\\/\",\"name\":\"On-School\",\"description\":\"Aula Virtual Educativa\",\"publisher\":{\"@id\":\"https:\\\/\\\/www.on-school.com\\\/blog\\\/#organization\"},\"potentialAction\":[{\"@type\":\"SearchAction\",\"target\":{\"@type\":\"EntryPoint\",\"urlTemplate\":\"https:\\\/\\\/www.on-school.com\\\/blog\\\/?s={search_term_string}\"},\"query-input\":{\"@type\":\"PropertyValueSpecification\",\"valueRequired\":true,\"valueName\":\"search_term_string\"}}],\"inLanguage\":\"en-US\"},{\"@type\":\"Organization\",\"@id\":\"https:\\\/\\\/www.on-school.com\\\/blog\\\/#organization\",\"name\":\"On-School\",\"url\":\"https:\\\/\\\/www.on-school.com\\\/blog\\\/\",\"logo\":{\"@type\":\"ImageObject\",\"inLanguage\":\"en-US\",\"@id\":\"https:\\\/\\\/www.on-school.com\\\/blog\\\/#\\\/schema\\\/logo\\\/image\\\/\",\"url\":\"https:\\\/\\\/www.on-school.com\\\/blog\\\/wp-content\\\/uploads\\\/2025\\\/09\\\/logoNewSchool.jpg\",\"contentUrl\":\"https:\\\/\\\/www.on-school.com\\\/blog\\\/wp-content\\\/uploads\\\/2025\\\/09\\\/logoNewSchool.jpg\",\"width\":778,\"height\":777,\"caption\":\"On-School\"},\"image\":{\"@id\":\"https:\\\/\\\/www.on-school.com\\\/blog\\\/#\\\/schema\\\/logo\\\/image\\\/\"},\"sameAs\":[\"https:\\\/\\\/www.facebook.com\\\/pages\\\/On-School-Plataforma-Educativa-Virtual\\\/359347014214506\",\"https:\\\/\\\/x.com\\\/dannyrq0103\"]},{\"@type\":\"Person\",\"@id\":\"https:\\\/\\\/www.on-school.com\\\/blog\\\/#\\\/schema\\\/person\\\/60396eb2dba803d5c761e33f467a0e58\",\"name\":\"jolusafe5\",\"image\":{\"@type\":\"ImageObject\",\"inLanguage\":\"en-US\",\"@id\":\"https:\\\/\\\/secure.gravatar.com\\\/avatar\\\/d2a6967d3c1736c22d3eca3839cb5260e71ac1ef16ce076cb36aeea8ca491315?s=96&d=mm&r=g\",\"url\":\"https:\\\/\\\/secure.gravatar.com\\\/avatar\\\/d2a6967d3c1736c22d3eca3839cb5260e71ac1ef16ce076cb36aeea8ca491315?s=96&d=mm&r=g\",\"contentUrl\":\"https:\\\/\\\/secure.gravatar.com\\\/avatar\\\/d2a6967d3c1736c22d3eca3839cb5260e71ac1ef16ce076cb36aeea8ca491315?s=96&d=mm&r=g\",\"caption\":\"jolusafe5\"},\"description\":\"Apasionado por los temas educativos, ciencias sociales y tecnolog\u00eda. Ingeniero en Computaci\u00f3n y Sistemas por la Universidad Popular Aut\u00f3noma del Estado de Puebla (UPAEP) . Maestr\u00eda en Inform\u00e1tica Aplicada por el Instituto Tecnol\u00f3gico y de Estudios Superiores de Occidente (ITESO). Estudiante de Maestr\u00eda en Inteligencia Artificial por ALINNCO.\",\"sameAs\":[\"http:\\\/\\\/www.on-school.com\",\"https:\\\/\\\/www.facebook.com\\\/jolusafe5\",\"https:\\\/\\\/x.com\\\/jolusafe5\"],\"url\":\"https:\\\/\\\/www.on-school.com\\\/blog\\\/author\\\/jolusafe5\\\/\"}]}<\/script>\n<!-- \/ Yoast SEO plugin. -->","yoast_head_json":{"title":"Desarrollo de competencias espec\u00edficas de educaci\u00f3n art\u00edstica -","description":"Desarrollo de competencias espec\u00edficas de educaci\u00f3n art\u00edstica La Educaci\u00f3n trata siempre de situarse entre los temas fundamentales","robots":{"index":"index","follow":"follow","max-snippet":"max-snippet:-1","max-image-preview":"max-image-preview:large","max-video-preview":"max-video-preview:-1"},"canonical":"https:\/\/www.on-school.com\/blog\/desarrollo-de-competencias-especificas-de-educacion-artistica\/","og_locale":"en_US","og_type":"article","og_title":"Desarrollo de competencias espec\u00edficas de educaci\u00f3n art\u00edstica -","og_description":"Desarrollo de competencias espec\u00edficas de educaci\u00f3n art\u00edstica La Educaci\u00f3n trata siempre de situarse entre los temas fundamentales","og_url":"https:\/\/www.on-school.com\/blog\/desarrollo-de-competencias-especificas-de-educacion-artistica\/","og_site_name":"On-School","article_publisher":"https:\/\/www.facebook.com\/pages\/On-School-Plataforma-Educativa-Virtual\/359347014214506","article_author":"https:\/\/www.facebook.com\/jolusafe5","article_published_time":"2019-10-15T20:41:59+00:00","article_modified_time":"2019-10-15T20:42:09+00:00","og_image":[{"width":250,"height":250,"url":"https:\/\/www.on-school.com\/blog\/wp-content\/uploads\/2019\/10\/Gestion-de-Proyectos1.png","type":"image\/png"}],"author":"jolusafe5","twitter_card":"summary_large_image","twitter_creator":"@jolusafe5","twitter_site":"@dannyrq0103","twitter_misc":{"Written by":"jolusafe5","Est. reading time":"4 minutes"},"schema":{"@context":"https:\/\/schema.org","@graph":[{"@type":"Article","@id":"https:\/\/www.on-school.com\/blog\/desarrollo-de-competencias-especificas-de-educacion-artistica\/#article","isPartOf":{"@id":"https:\/\/www.on-school.com\/blog\/desarrollo-de-competencias-especificas-de-educacion-artistica\/"},"author":{"name":"jolusafe5","@id":"https:\/\/www.on-school.com\/blog\/#\/schema\/person\/60396eb2dba803d5c761e33f467a0e58"},"headline":"Desarrollo de competencias espec\u00edficas de educaci\u00f3n art\u00edstica","datePublished":"2019-10-15T20:41:59+00:00","dateModified":"2019-10-15T20:42:09+00:00","mainEntityOfPage":{"@id":"https:\/\/www.on-school.com\/blog\/desarrollo-de-competencias-especificas-de-educacion-artistica\/"},"wordCount":794,"commentCount":0,"publisher":{"@id":"https:\/\/www.on-school.com\/blog\/#organization"},"image":{"@id":"https:\/\/www.on-school.com\/blog\/desarrollo-de-competencias-especificas-de-educacion-artistica\/#primaryimage"},"thumbnailUrl":"https:\/\/www.on-school.com\/blog\/wp-content\/uploads\/2019\/10\/Gestion-de-Proyectos1.png","keywords":["educaci\u00f3n art\u00edstica","investigaci\u00f3n","Pino Leal","S\u00e1nchez"],"articleSection":["Ciencias de la Educaci\u00f3n"],"inLanguage":"en-US","potentialAction":[{"@type":"CommentAction","name":"Comment","target":["https:\/\/www.on-school.com\/blog\/desarrollo-de-competencias-especificas-de-educacion-artistica\/#respond"]}]},{"@type":"WebPage","@id":"https:\/\/www.on-school.com\/blog\/desarrollo-de-competencias-especificas-de-educacion-artistica\/","url":"https:\/\/www.on-school.com\/blog\/desarrollo-de-competencias-especificas-de-educacion-artistica\/","name":"Desarrollo de competencias espec\u00edficas de educaci\u00f3n art\u00edstica -","isPartOf":{"@id":"https:\/\/www.on-school.com\/blog\/#website"},"primaryImageOfPage":{"@id":"https:\/\/www.on-school.com\/blog\/desarrollo-de-competencias-especificas-de-educacion-artistica\/#primaryimage"},"image":{"@id":"https:\/\/www.on-school.com\/blog\/desarrollo-de-competencias-especificas-de-educacion-artistica\/#primaryimage"},"thumbnailUrl":"https:\/\/www.on-school.com\/blog\/wp-content\/uploads\/2019\/10\/Gestion-de-Proyectos1.png","datePublished":"2019-10-15T20:41:59+00:00","dateModified":"2019-10-15T20:42:09+00:00","description":"Desarrollo de competencias espec\u00edficas de educaci\u00f3n art\u00edstica La Educaci\u00f3n trata siempre de situarse entre los temas fundamentales","breadcrumb":{"@id":"https:\/\/www.on-school.com\/blog\/desarrollo-de-competencias-especificas-de-educacion-artistica\/#breadcrumb"},"inLanguage":"en-US","potentialAction":[{"@type":"ReadAction","target":["https:\/\/www.on-school.com\/blog\/desarrollo-de-competencias-especificas-de-educacion-artistica\/"]}]},{"@type":"ImageObject","inLanguage":"en-US","@id":"https:\/\/www.on-school.com\/blog\/desarrollo-de-competencias-especificas-de-educacion-artistica\/#primaryimage","url":"https:\/\/www.on-school.com\/blog\/wp-content\/uploads\/2019\/10\/Gestion-de-Proyectos1.png","contentUrl":"https:\/\/www.on-school.com\/blog\/wp-content\/uploads\/2019\/10\/Gestion-de-Proyectos1.png","width":250,"height":250,"caption":"Desarrollo de competencias"},{"@type":"BreadcrumbList","@id":"https:\/\/www.on-school.com\/blog\/desarrollo-de-competencias-especificas-de-educacion-artistica\/#breadcrumb","itemListElement":[{"@type":"ListItem","position":1,"name":"Inicio","item":"https:\/\/www.on-school.com\/blog\/"},{"@type":"ListItem","position":2,"name":"Desarrollo de competencias espec\u00edficas de educaci\u00f3n art\u00edstica"}]},{"@type":"WebSite","@id":"https:\/\/www.on-school.com\/blog\/#website","url":"https:\/\/www.on-school.com\/blog\/","name":"On-School","description":"Aula Virtual Educativa","publisher":{"@id":"https:\/\/www.on-school.com\/blog\/#organization"},"potentialAction":[{"@type":"SearchAction","target":{"@type":"EntryPoint","urlTemplate":"https:\/\/www.on-school.com\/blog\/?s={search_term_string}"},"query-input":{"@type":"PropertyValueSpecification","valueRequired":true,"valueName":"search_term_string"}}],"inLanguage":"en-US"},{"@type":"Organization","@id":"https:\/\/www.on-school.com\/blog\/#organization","name":"On-School","url":"https:\/\/www.on-school.com\/blog\/","logo":{"@type":"ImageObject","inLanguage":"en-US","@id":"https:\/\/www.on-school.com\/blog\/#\/schema\/logo\/image\/","url":"https:\/\/www.on-school.com\/blog\/wp-content\/uploads\/2025\/09\/logoNewSchool.jpg","contentUrl":"https:\/\/www.on-school.com\/blog\/wp-content\/uploads\/2025\/09\/logoNewSchool.jpg","width":778,"height":777,"caption":"On-School"},"image":{"@id":"https:\/\/www.on-school.com\/blog\/#\/schema\/logo\/image\/"},"sameAs":["https:\/\/www.facebook.com\/pages\/On-School-Plataforma-Educativa-Virtual\/359347014214506","https:\/\/x.com\/dannyrq0103"]},{"@type":"Person","@id":"https:\/\/www.on-school.com\/blog\/#\/schema\/person\/60396eb2dba803d5c761e33f467a0e58","name":"jolusafe5","image":{"@type":"ImageObject","inLanguage":"en-US","@id":"https:\/\/secure.gravatar.com\/avatar\/d2a6967d3c1736c22d3eca3839cb5260e71ac1ef16ce076cb36aeea8ca491315?s=96&d=mm&r=g","url":"https:\/\/secure.gravatar.com\/avatar\/d2a6967d3c1736c22d3eca3839cb5260e71ac1ef16ce076cb36aeea8ca491315?s=96&d=mm&r=g","contentUrl":"https:\/\/secure.gravatar.com\/avatar\/d2a6967d3c1736c22d3eca3839cb5260e71ac1ef16ce076cb36aeea8ca491315?s=96&d=mm&r=g","caption":"jolusafe5"},"description":"Apasionado por los temas educativos, ciencias sociales y tecnolog\u00eda. Ingeniero en Computaci\u00f3n y Sistemas por la Universidad Popular Aut\u00f3noma del Estado de Puebla (UPAEP) . Maestr\u00eda en Inform\u00e1tica Aplicada por el Instituto Tecnol\u00f3gico y de Estudios Superiores de Occidente (ITESO). Estudiante de Maestr\u00eda en Inteligencia Artificial por ALINNCO.","sameAs":["http:\/\/www.on-school.com","https:\/\/www.facebook.com\/jolusafe5","https:\/\/x.com\/jolusafe5"],"url":"https:\/\/www.on-school.com\/blog\/author\/jolusafe5\/"}]}},"jetpack_publicize_connections":[],"jetpack_featured_media_url":"https:\/\/www.on-school.com\/blog\/wp-content\/uploads\/2019\/10\/Gestion-de-Proyectos1.png","jetpack_shortlink":"https:\/\/wp.me\/p4Yboc-s0","jetpack_sharing_enabled":true,"jetpack-related-posts":[{"id":1714,"url":"https:\/\/www.on-school.com\/blog\/competencias-en-la-educacion-artistica\/","url_meta":{"origin":1736,"position":0},"title":"Competencias en la educaci\u00f3n art\u00edstica","author":"jolusafe5","date":"12\/10\/2019","format":false,"excerpt":"Competencias en la Educaci\u00f3n Art\u00edstica Como se explic\u00f3 anteriormente, el sistema educativo plantea unas competencias b\u00e1sicas o generales para la educaci\u00f3n b\u00e1sica y media, sin embargo cada \u00e1rea obligatoria o fundamental tiene unas competencias espec\u00edficas como objetivo de aprendizaje para desarrollar en los estudiantes. El \u00e1rea de educaci\u00f3n art\u00edstica tiene\u2026","rel":"","context":"In &quot;Ciencias de la Educaci\u00f3n&quot;","block_context":{"text":"Ciencias de la Educaci\u00f3n","link":"https:\/\/www.on-school.com\/blog\/category\/ciencias-de-la-educacion\/"},"img":{"alt_text":"Competencias en la Educaci\u00f3n Art\u00edstica","src":"https:\/\/i0.wp.com\/www.on-school.com\/blog\/wp-content\/uploads\/2019\/10\/Exprscuela-Infantil_11.jpg?resize=350%2C200&ssl=1","width":350,"height":200,"srcset":"https:\/\/i0.wp.com\/www.on-school.com\/blog\/wp-content\/uploads\/2019\/10\/Exprscuela-Infantil_11.jpg?resize=350%2C200&ssl=1 1x, https:\/\/i0.wp.com\/www.on-school.com\/blog\/wp-content\/uploads\/2019\/10\/Exprscuela-Infantil_11.jpg?resize=525%2C300&ssl=1 1.5x, https:\/\/i0.wp.com\/www.on-school.com\/blog\/wp-content\/uploads\/2019\/10\/Exprscuela-Infantil_11.jpg?resize=700%2C400&ssl=1 2x"},"classes":[]},{"id":1733,"url":"https:\/\/www.on-school.com\/blog\/desarrollo-de-competencias-basicas-de-educacion-media\/","url_meta":{"origin":1736,"position":1},"title":"Desarrollo de competencias b\u00e1sicas de educaci\u00f3n media","author":"jolusafe5","date":"15\/10\/2019","format":false,"excerpt":"Desarrollo de competencias De acuerdo con los lineamientos y orientaciones curriculares y pedag\u00f3gicas\u00a0del sistema educativo colombiano, todas las \u00e1reas del conocimiento deben contribuir al desarrollo de las competencias b\u00e1sicas por medio de la transversalizaci\u00f3n y operacionalizaci\u00f3n de las din\u00e1micas de clase orientadas al alcance de estas. Por medio de los\u2026","rel":"","context":"In &quot;Ciencias de la Educaci\u00f3n&quot;","block_context":{"text":"Ciencias de la Educaci\u00f3n","link":"https:\/\/www.on-school.com\/blog\/category\/ciencias-de-la-educacion\/"},"img":{"alt_text":"Desarrollo de competencias","src":"https:\/\/i0.wp.com\/www.on-school.com\/blog\/wp-content\/uploads\/2019\/10\/desarrollo-de-modelos-de-gestion-por-competencias1.png?resize=350%2C200&ssl=1","width":350,"height":200},"classes":[]},{"id":1711,"url":"https:\/\/www.on-school.com\/blog\/diseno-curricular-de-la-educacion-artistica\/","url_meta":{"origin":1736,"position":2},"title":"Dise\u00f1o curricular de la educaci\u00f3n art\u00edstica","author":"jolusafe5","date":"12\/10\/2019","format":false,"excerpt":"Dise\u00f1o curricular de la educaci\u00f3n art\u00edstica Dentro de las propuestas de desarrollo curricular de la educaci\u00f3n art\u00edstica, se propone la formaci\u00f3n de sujetos conscientes de su patrimonio cultural con habilidades y destrezas que se pueden expresar desde los diferentes lenguajes art\u00edsticos,\u00a0para que el estudiante se asuma como un sujeto capaz\u2026","rel":"","context":"In &quot;Dise\u00f1o Curricular&quot;","block_context":{"text":"Dise\u00f1o Curricular","link":"https:\/\/www.on-school.com\/blog\/category\/ciencias-de-la-educacion\/diseno-curricular\/"},"img":{"alt_text":"Dise\u00f1o curricular de la educaci\u00f3n art\u00edstica","src":"https:\/\/i0.wp.com\/www.on-school.com\/blog\/wp-content\/uploads\/2019\/10\/arts494308980-495x4001.jpg?resize=350%2C200&ssl=1","width":350,"height":200},"classes":[]},{"id":1727,"url":"https:\/\/www.on-school.com\/blog\/investigacion-desde-la-educacion-artistica\/","url_meta":{"origin":1736,"position":3},"title":"Investigaci\u00f3n desde la educaci\u00f3n art\u00edstica","author":"jolusafe5","date":"15\/10\/2019","format":false,"excerpt":"Investigaci\u00f3n en el aula desde la educaci\u00f3n art\u00edstica Todas las asignaturas dentro del curr\u00edculo se convierten en retos investigativos desde su dise\u00f1o y ejecuci\u00f3n, porque los contenidos, el qu\u00e9 ense\u00f1ar y el c\u00f3mo ense\u00f1ar, deben estar sustentados desde un diagn\u00f3stico y estudio previo del contexto, que respondan a los objetivos\u2026","rel":"","context":"In &quot;Ciencias de la Educaci\u00f3n&quot;","block_context":{"text":"Ciencias de la Educaci\u00f3n","link":"https:\/\/www.on-school.com\/blog\/category\/ciencias-de-la-educacion\/"},"img":{"alt_text":"Investigaci\u00f3n en el aula desde la educaci\u00f3n art\u00edstica","src":"https:\/\/i0.wp.com\/www.on-school.com\/blog\/wp-content\/uploads\/2019\/10\/artes1.jpg?resize=350%2C200&ssl=1","width":350,"height":200,"srcset":"https:\/\/i0.wp.com\/www.on-school.com\/blog\/wp-content\/uploads\/2019\/10\/artes1.jpg?resize=350%2C200&ssl=1 1x, https:\/\/i0.wp.com\/www.on-school.com\/blog\/wp-content\/uploads\/2019\/10\/artes1.jpg?resize=525%2C300&ssl=1 1.5x, https:\/\/i0.wp.com\/www.on-school.com\/blog\/wp-content\/uploads\/2019\/10\/artes1.jpg?resize=700%2C400&ssl=1 2x"},"classes":[]},{"id":566,"url":"https:\/\/www.on-school.com\/blog\/las-competencias-educativas-y-su-actualidad\/","url_meta":{"origin":1736,"position":4},"title":"Las competencias educativas y su actualidad","author":"jolusafe5","date":"28\/11\/2014","format":false,"excerpt":"Las reflexiones que pueden hacerse respecto del tema y de sus consecuencias sobre la educaci\u00f3n son muchas y de variada naturaleza. Este trabajo procura dar respuesta a preguntas que para el objetivo del estudio, tienen prioridad: 1. \u00bfC\u00f3mo es que se ha llegado a optar por un enfoque por competencias\u2026","rel":"","context":"In &quot;Estrategias del aprendizaje y ense\u00f1anza&quot;","block_context":{"text":"Estrategias del aprendizaje y ense\u00f1anza","link":"https:\/\/www.on-school.com\/blog\/category\/procesos-educativos\/estrategias-del-aprendizaje-y-ensenanza\/"},"img":{"alt_text":"Habilidad lectora","src":"https:\/\/i0.wp.com\/www.on-school.com\/blog\/wp-content\/uploads\/2014\/12\/fotolia_732248_XS1.jpg?resize=350%2C200&ssl=1","width":350,"height":200},"classes":[]},{"id":1867,"url":"https:\/\/www.on-school.com\/blog\/la-pedagogia-y-la-didactica\/","url_meta":{"origin":1736,"position":5},"title":"La pedagog\u00eda y la did\u00e1ctica","author":"jolusafe5","date":"30\/10\/2019","format":false,"excerpt":"La pedagog\u00eda y la did\u00e1ctica Dentro del campo de la educaci\u00f3n se encuentra la pedagog\u00eda, entendida no solo como discurso sino tambi\u00e9n como pr\u00e1ctica formativa, en donde se evidencian los saberes, los valores y las actitudes de las personas, como lo afirma Guerrero (2009, p. 12) \u201cLa Pedagog\u00eda es necesaria\u2026","rel":"","context":"In &quot;Pedagog\u00eda&quot;","block_context":{"text":"Pedagog\u00eda","link":"https:\/\/www.on-school.com\/blog\/category\/ciencias-de-la-educacion\/pedagogia\/"},"img":{"alt_text":"La pedagog\u00eda y la did\u00e1ctica","src":"https:\/\/i0.wp.com\/www.on-school.com\/blog\/wp-content\/uploads\/2019\/10\/pedagogia-y-didactica-aliadas-estrategicas-de-la-educacion1.jpg?resize=350%2C200&ssl=1","width":350,"height":200,"srcset":"https:\/\/i0.wp.com\/www.on-school.com\/blog\/wp-content\/uploads\/2019\/10\/pedagogia-y-didactica-aliadas-estrategicas-de-la-educacion1.jpg?resize=350%2C200&ssl=1 1x, https:\/\/i0.wp.com\/www.on-school.com\/blog\/wp-content\/uploads\/2019\/10\/pedagogia-y-didactica-aliadas-estrategicas-de-la-educacion1.jpg?resize=525%2C300&ssl=1 1.5x"},"classes":[]}],"jetpack_likes_enabled":true,"_links":{"self":[{"href":"https:\/\/www.on-school.com\/blog\/wp-json\/wp\/v2\/posts\/1736","targetHints":{"allow":["GET"]}}],"collection":[{"href":"https:\/\/www.on-school.com\/blog\/wp-json\/wp\/v2\/posts"}],"about":[{"href":"https:\/\/www.on-school.com\/blog\/wp-json\/wp\/v2\/types\/post"}],"author":[{"embeddable":true,"href":"https:\/\/www.on-school.com\/blog\/wp-json\/wp\/v2\/users\/1"}],"replies":[{"embeddable":true,"href":"https:\/\/www.on-school.com\/blog\/wp-json\/wp\/v2\/comments?post=1736"}],"version-history":[{"count":1,"href":"https:\/\/www.on-school.com\/blog\/wp-json\/wp\/v2\/posts\/1736\/revisions"}],"predecessor-version":[{"id":1738,"href":"https:\/\/www.on-school.com\/blog\/wp-json\/wp\/v2\/posts\/1736\/revisions\/1738"}],"wp:featuredmedia":[{"embeddable":true,"href":"https:\/\/www.on-school.com\/blog\/wp-json\/wp\/v2\/media\/1737"}],"wp:attachment":[{"href":"https:\/\/www.on-school.com\/blog\/wp-json\/wp\/v2\/media?parent=1736"}],"wp:term":[{"taxonomy":"category","embeddable":true,"href":"https:\/\/www.on-school.com\/blog\/wp-json\/wp\/v2\/categories?post=1736"},{"taxonomy":"post_tag","embeddable":true,"href":"https:\/\/www.on-school.com\/blog\/wp-json\/wp\/v2\/tags?post=1736"}],"curies":[{"name":"wp","href":"https:\/\/api.w.org\/{rel}","templated":true}]}}