{"id":1690,"date":"2019-10-11T12:01:21","date_gmt":"2019-10-11T17:01:21","guid":{"rendered":"http:\/\/www.on-school.com\/blog\/?p=1690"},"modified":"2019-10-11T12:08:49","modified_gmt":"2019-10-11T17:08:49","slug":"cuales-son-los-modelos-curriculares","status":"publish","type":"post","link":"https:\/\/www.on-school.com\/blog\/cuales-son-los-modelos-curriculares\/","title":{"rendered":"\u00bfCUALES SON LOS MODELOS CURRICULARES?"},"content":{"rendered":"\n<h2 class=\"wp-block-heading\">MODELOS CURRICULARES<\/h2>\n\n\n\n<p>Los modelos curriculares que han guiado la educaci\u00f3n de los seres humanos, han estados mediados por diferentes factores, entre los que se puede citar: la cultura, el desarrollo econ\u00f3mico, las tradiciones, las nuevas teor\u00edas, los avances tecnol\u00f3gicos y cient\u00edficos, entre otros.<\/p>\n\n\n\n<figure class=\"wp-block-image\"><img fetchpriority=\"high\" decoding=\"async\" width=\"422\" height=\"250\" src=\"http:\/\/www.on-school.com\/blog\/wp-content\/uploads\/2019\/10\/1002727_445364698893764_632456147_n1.jpg\" alt=\"Modelos curriculares\" class=\"wp-image-1691\" srcset=\"https:\/\/www.on-school.com\/blog\/wp-content\/uploads\/2019\/10\/1002727_445364698893764_632456147_n1.jpg 422w, https:\/\/www.on-school.com\/blog\/wp-content\/uploads\/2019\/10\/1002727_445364698893764_632456147_n1-300x178.jpg 300w\" sizes=\"(max-width: 422px) 100vw, 422px\" \/><figcaption>Modelos curriculares<\/figcaption><\/figure>\n\n\n\n<p>El <a href=\"http:\/\/www.on-school.com\/blog\/el-curriculo-en-la-educacion\/\" target=\"_blank\" rel=\"noreferrer noopener\" aria-label=\"curr\u00edculo  (opens in a new tab)\">curr\u00edculo <\/a>nacional en la mayor parte del mundo consiste en una relaci\u00f3n de temas prescritos para cada nivel y grado de ense\u00f1anza, con un ajustado n\u00famero de horas por semana y a\u00f1o. Se recomiendan objetivos para los distintos niveles, as\u00ed como los fines y contenidos para cada asignatura.<\/p>\n\n\n\n<h3 class=\"wp-block-heading\">Perspectiva Humanista Cl\u00e1sica<\/h3>\n\n\n\n<p>La perspectiva humanista cl\u00e1sica nace con los\npensadores griegos, pasando a los romanos y resurgiendo en el Renacimiento de\nla mano de personajes como Miguel \u00c1ngel, Leonardo da Vinci,&nbsp; Galileo Galilei, Rafael, entre otros, que\ncontribuyeron dar vida a las artes, las ciencias y las humanidades.<\/p>\n\n\n\n<p>El curr\u00edculo de estos personajes era personal y cada\nuno ten\u00eda un tipo de pedagog\u00eda para transmitir sus conocimientos a sus\ndisc\u00edpulos.<\/p>\n\n\n\n<h3 class=\"wp-block-heading\">Perspectiva Doctrinal<\/h3>\n\n\n\n<p>Durante la&nbsp;\nhegemon\u00eda del imperio romano y tras haber sido evangelizada&nbsp; y convertido al cristianismo el emperador\nConstantino, la Iglesia perseguida pasa a ser protegida, gener\u00e1ndose muchas\ndoctrinas oficiales sobre el c\u00f3mo ense\u00f1ar y qu\u00e9 ense\u00f1ar.<\/p>\n\n\n\n<p>Por tanto, San Agust\u00edn y Santo Tom\u00e1s de Aquino\nrepresentan la mentalidad del cristianismo y la b\u00fasqueda por salvar el alma,\nbajo los lineamientos y presupuestos te\u00f3ricos de la filosof\u00eda aristot\u00e9lica.<\/p>\n\n\n\n<p>En este tiempo, las ense\u00f1anzas se instauran en un\ncurr\u00edculo m\u00e1s o menos definido en cuanto a contenidos. Si bien Agust\u00edn y Tom\u00e1s\nde Aquino vivieron en \u00e9pocas diferentes, sus ense\u00f1anzas ten\u00edan a ser hasta\ncierto punto homog\u00e9neas. De aqu\u00ed naci\u00f3 el curr\u00edculo doctrinal, dado por la\nescol\u00e1stica, esa escuela eclesial que domin\u00f3 el pensamiento no hace pocos\nsiglos atr\u00e1s.<\/p>\n\n\n\n<h3 class=\"wp-block-heading\">Perspectiva Cient\u00edfica Conductual<\/h3>\n\n\n\n<p>A finales del siglo XIX, se inician los\ndescubrimientos sobre la modulaci\u00f3n de la conducta humana. La separaci\u00f3n de la\npsicolog\u00eda, de la filosof\u00eda y la teolog\u00eda, propici\u00f3 a que se generen aportes\npsicol\u00f3gicos y pedag\u00f3gicos, tomando en consideraci\u00f3n la conducta del ser humano\nque es diferente en cada uno.<\/p>\n\n\n\n<p>El estructuralismo, la Gestalt, el Funcionalismo, el\nConductismo, el Psicoan\u00e1lisis, son modelos que han estudiado la conducta del\nser humano desde los postulados cient\u00edficos, es decir con&nbsp; verificaci\u00f3n experimentable. De esto se\ndesprende un curr\u00edculo que hac\u00eda \u00e9nfasis en modular la conducta del sujeto,\ncomo un objeto de estudio y por tanto estructurar una escuela de acuerdo a los\nintereses y postulados de cada corriente psicopedag\u00f3gica.<\/p>\n\n\n\n<h3 class=\"wp-block-heading\">Perspectiva Humanista Moderna<\/h3>\n\n\n\n<p>El humanismo moderno difiere de los aportes de los\nsabios griegos, ya que hace que sus objetivos se dirijan hacia el bienestar del\nser humano.<\/p>\n\n\n\n<p>Con el nacimiento de la psicolog\u00eda humanista, se da\ninicio a un enfoque en el ser humano; por tanto el curr\u00edculo humanista tiene\nque ver con el desarrollo del alumno, naciendo as\u00ed una pedagog\u00eda centrada en el\nestudiante. (Rogers en S\u00e1nchez \u2013 Barranco, 2006).<\/p>\n\n\n\n<h3 class=\"wp-block-heading\"> Perspectiva Cognitiva<\/h3>\n\n\n\n<p>La perspectiva cognitiva pertenece a las corrientes pedag\u00f3gicas \u2013 curriculares contempor\u00e1neas, sin desconocer que <a rel=\"noreferrer noopener\" aria-label=\"Piaget  (opens in a new tab)\" href=\"http:\/\/www.on-school.com\/blog\/teoria-de-piaget\/\" target=\"_blank\">Piaget <\/a>y Vygotsky son los pilares fundamentales sobre los cuales los pedagogos contempor\u00e1neos teorizan y construyen los nuevos modelos curriculares.<\/p>\n\n\n\n<h3 class=\"wp-block-heading\">Nuevos Modelos Curriculares<\/h3>\n\n\n\n<p>Los nuevos modelos curriculares responden a la\ndemandas que la sociedad del conocimiento hace a la ciencia pedag\u00f3gica y\ncurricular, de all\u00ed nacen los modelos de ense\u00f1anza de contenidos, entre los que\nse puede citar a los Hermanos Miguel y Juli\u00e1n de Zubir\u00eda con la pedagog\u00eda conceptual,\nmodelo que nuestro pa\u00edsha tomado desde los finales de siglo pasado, con el cual\nha desarrollado las \u00faltimas reformas al curr\u00edculo de educaci\u00f3n b\u00e1sica y de\nbachillerato.<\/p>\n\n\n\n<p>Al igual que Ausubel, Gardner, G\u00f3leman, Sternberg,\nlos Hnos. de Zubir\u00eda sientan sus bases en los aportes de Piaget y Vygotsky. De\nesta forma el curr\u00edculo educativo se centra en los aportes de la psicolog\u00eda\ncognitiva y puede ser desarrollado por las instituciones de educaci\u00f3n en base a\nlos aportes proporcionados por los disc\u00edpulos de Piaget, Vygotsky y Ausubel,\nentre otros.<\/p>\n","protected":false},"excerpt":{"rendered":"<p>MODELOS CURRICULARES Los modelos curriculares que han guiado la educaci\u00f3n de los seres humanos, han estados mediados por diferentes factores, entre los que se puede citar: la cultura, el desarrollo econ\u00f3mico, las tradiciones, las nuevas teor\u00edas, los avances tecnol\u00f3gicos y cient\u00edficos, entre otros. El curr\u00edculo nacional en la mayor parte del mundo consiste en una [&hellip;]<\/p>\n","protected":false},"author":1,"featured_media":1691,"comment_status":"open","ping_status":"open","sticky":false,"template":"","format":"standard","meta":{"om_disable_all_campaigns":false,"_monsterinsights_skip_tracking":false,"_monsterinsights_sitenote_active":false,"_monsterinsights_sitenote_note":"","_monsterinsights_sitenote_category":0,"_uf_show_specific_survey":0,"_uf_disable_surveys":false,"jetpack_post_was_ever_published":false,"_jetpack_newsletter_access":"","_jetpack_dont_email_post_to_subs":false,"_jetpack_newsletter_tier_id":0,"_jetpack_memberships_contains_paywalled_content":false,"_jetpack_memberships_contains_paid_content":false,"footnotes":"","jetpack_publicize_message":"","jetpack_publicize_feature_enabled":true,"jetpack_social_post_already_shared":true,"jetpack_social_options":{"image_generator_settings":{"template":"highway","default_image_id":0,"font":"","enabled":false},"version":2}},"categories":[628],"tags":[502,1364,1367,1366,1365,1368,1370,1362,1363,1369,695,1371],"class_list":["post-1690","post","type-post","status-publish","format-standard","has-post-thumbnail","hentry","category-diseno-curricular","tag-ausubel","tag-clasica","tag-cognitiva","tag-conductual","tag-doctrinal","tag-gardner","tag-goleman","tag-modelo","tag-perspectiva","tag-sternberg","tag-vygotsky","tag-zubiria"],"yoast_head":"<!-- This site is optimized with the Yoast SEO plugin v27.5 - https:\/\/yoast.com\/product\/yoast-seo-wordpress\/ -->\n<title>\u00bfCUALES SON LOS MODELOS CURRICULARES? - Dise\u00f1o Curricular<\/title>\n<meta name=\"description\" content=\"\u00bfCUALES SON LOS MODELOS CURRICULARES? Han guiado la educaci\u00f3n de los seres humanos, han estado mediados por diferentes factores.\" \/>\n<meta name=\"robots\" content=\"index, follow, max-snippet:-1, max-image-preview:large, max-video-preview:-1\" \/>\n<link rel=\"canonical\" href=\"https:\/\/www.on-school.com\/blog\/cuales-son-los-modelos-curriculares\/\" \/>\n<meta property=\"og:locale\" content=\"en_US\" \/>\n<meta property=\"og:type\" content=\"article\" \/>\n<meta property=\"og:title\" content=\"\u00bfCUALES SON LOS MODELOS CURRICULARES? - Dise\u00f1o Curricular\" \/>\n<meta property=\"og:description\" content=\"\u00bfCUALES SON LOS MODELOS CURRICULARES? Han guiado la educaci\u00f3n de los seres humanos, han estado mediados por diferentes factores.\" \/>\n<meta property=\"og:url\" content=\"https:\/\/www.on-school.com\/blog\/cuales-son-los-modelos-curriculares\/\" \/>\n<meta property=\"og:site_name\" content=\"On-School\" \/>\n<meta property=\"article:publisher\" content=\"https:\/\/www.facebook.com\/pages\/On-School-Plataforma-Educativa-Virtual\/359347014214506\" \/>\n<meta property=\"article:author\" content=\"https:\/\/www.facebook.com\/jolusafe5\" \/>\n<meta property=\"article:published_time\" content=\"2019-10-11T17:01:21+00:00\" \/>\n<meta property=\"article:modified_time\" content=\"2019-10-11T17:08:49+00:00\" \/>\n<meta property=\"og:image\" content=\"https:\/\/www.on-school.com\/blog\/wp-content\/uploads\/2019\/10\/1002727_445364698893764_632456147_n1.jpg\" \/>\n\t<meta property=\"og:image:width\" content=\"422\" \/>\n\t<meta property=\"og:image:height\" content=\"250\" \/>\n\t<meta property=\"og:image:type\" content=\"image\/jpeg\" \/>\n<meta name=\"author\" content=\"jolusafe5\" \/>\n<meta name=\"twitter:card\" content=\"summary_large_image\" \/>\n<meta name=\"twitter:creator\" content=\"@jolusafe5\" \/>\n<meta name=\"twitter:site\" content=\"@dannyrq0103\" \/>\n<meta name=\"twitter:label1\" content=\"Written by\" \/>\n\t<meta name=\"twitter:data1\" content=\"jolusafe5\" \/>\n\t<meta name=\"twitter:label2\" content=\"Est. reading time\" \/>\n\t<meta name=\"twitter:data2\" content=\"4 minutes\" \/>\n<script type=\"application\/ld+json\" class=\"yoast-schema-graph\">{\"@context\":\"https:\\\/\\\/schema.org\",\"@graph\":[{\"@type\":\"Article\",\"@id\":\"https:\\\/\\\/www.on-school.com\\\/blog\\\/cuales-son-los-modelos-curriculares\\\/#article\",\"isPartOf\":{\"@id\":\"https:\\\/\\\/www.on-school.com\\\/blog\\\/cuales-son-los-modelos-curriculares\\\/\"},\"author\":{\"name\":\"jolusafe5\",\"@id\":\"https:\\\/\\\/www.on-school.com\\\/blog\\\/#\\\/schema\\\/person\\\/60396eb2dba803d5c761e33f467a0e58\"},\"headline\":\"\u00bfCUALES SON LOS MODELOS CURRICULARES?\",\"datePublished\":\"2019-10-11T17:01:21+00:00\",\"dateModified\":\"2019-10-11T17:08:49+00:00\",\"mainEntityOfPage\":{\"@id\":\"https:\\\/\\\/www.on-school.com\\\/blog\\\/cuales-son-los-modelos-curriculares\\\/\"},\"wordCount\":740,\"commentCount\":0,\"publisher\":{\"@id\":\"https:\\\/\\\/www.on-school.com\\\/blog\\\/#organization\"},\"image\":{\"@id\":\"https:\\\/\\\/www.on-school.com\\\/blog\\\/cuales-son-los-modelos-curriculares\\\/#primaryimage\"},\"thumbnailUrl\":\"https:\\\/\\\/www.on-school.com\\\/blog\\\/wp-content\\\/uploads\\\/2019\\\/10\\\/1002727_445364698893764_632456147_n1.jpg\",\"keywords\":[\"Ausubel\",\"cl\u00e1sica\",\"cognitiva\",\"conductual\",\"doctrinal\",\"Gardner\",\"G\u00f3leman\",\"modelo\",\"perspectiva\",\"Sternberg\",\"Vygotsky\",\"Zubir\u00eda\"],\"articleSection\":[\"Dise\u00f1o Curricular\"],\"inLanguage\":\"en-US\",\"potentialAction\":[{\"@type\":\"CommentAction\",\"name\":\"Comment\",\"target\":[\"https:\\\/\\\/www.on-school.com\\\/blog\\\/cuales-son-los-modelos-curriculares\\\/#respond\"]}]},{\"@type\":\"WebPage\",\"@id\":\"https:\\\/\\\/www.on-school.com\\\/blog\\\/cuales-son-los-modelos-curriculares\\\/\",\"url\":\"https:\\\/\\\/www.on-school.com\\\/blog\\\/cuales-son-los-modelos-curriculares\\\/\",\"name\":\"\u00bfCUALES SON LOS MODELOS CURRICULARES? - Dise\u00f1o Curricular\",\"isPartOf\":{\"@id\":\"https:\\\/\\\/www.on-school.com\\\/blog\\\/#website\"},\"primaryImageOfPage\":{\"@id\":\"https:\\\/\\\/www.on-school.com\\\/blog\\\/cuales-son-los-modelos-curriculares\\\/#primaryimage\"},\"image\":{\"@id\":\"https:\\\/\\\/www.on-school.com\\\/blog\\\/cuales-son-los-modelos-curriculares\\\/#primaryimage\"},\"thumbnailUrl\":\"https:\\\/\\\/www.on-school.com\\\/blog\\\/wp-content\\\/uploads\\\/2019\\\/10\\\/1002727_445364698893764_632456147_n1.jpg\",\"datePublished\":\"2019-10-11T17:01:21+00:00\",\"dateModified\":\"2019-10-11T17:08:49+00:00\",\"description\":\"\u00bfCUALES SON LOS MODELOS CURRICULARES? Han guiado la educaci\u00f3n de los seres humanos, han estado mediados por diferentes factores.\",\"breadcrumb\":{\"@id\":\"https:\\\/\\\/www.on-school.com\\\/blog\\\/cuales-son-los-modelos-curriculares\\\/#breadcrumb\"},\"inLanguage\":\"en-US\",\"potentialAction\":[{\"@type\":\"ReadAction\",\"target\":[\"https:\\\/\\\/www.on-school.com\\\/blog\\\/cuales-son-los-modelos-curriculares\\\/\"]}]},{\"@type\":\"ImageObject\",\"inLanguage\":\"en-US\",\"@id\":\"https:\\\/\\\/www.on-school.com\\\/blog\\\/cuales-son-los-modelos-curriculares\\\/#primaryimage\",\"url\":\"https:\\\/\\\/www.on-school.com\\\/blog\\\/wp-content\\\/uploads\\\/2019\\\/10\\\/1002727_445364698893764_632456147_n1.jpg\",\"contentUrl\":\"https:\\\/\\\/www.on-school.com\\\/blog\\\/wp-content\\\/uploads\\\/2019\\\/10\\\/1002727_445364698893764_632456147_n1.jpg\",\"width\":422,\"height\":250,\"caption\":\"Modelos curriculares\"},{\"@type\":\"BreadcrumbList\",\"@id\":\"https:\\\/\\\/www.on-school.com\\\/blog\\\/cuales-son-los-modelos-curriculares\\\/#breadcrumb\",\"itemListElement\":[{\"@type\":\"ListItem\",\"position\":1,\"name\":\"Inicio\",\"item\":\"https:\\\/\\\/www.on-school.com\\\/blog\\\/\"},{\"@type\":\"ListItem\",\"position\":2,\"name\":\"\u00bfCUALES SON LOS MODELOS CURRICULARES?\"}]},{\"@type\":\"WebSite\",\"@id\":\"https:\\\/\\\/www.on-school.com\\\/blog\\\/#website\",\"url\":\"https:\\\/\\\/www.on-school.com\\\/blog\\\/\",\"name\":\"On-School\",\"description\":\"Aula Virtual Educativa\",\"publisher\":{\"@id\":\"https:\\\/\\\/www.on-school.com\\\/blog\\\/#organization\"},\"potentialAction\":[{\"@type\":\"SearchAction\",\"target\":{\"@type\":\"EntryPoint\",\"urlTemplate\":\"https:\\\/\\\/www.on-school.com\\\/blog\\\/?s={search_term_string}\"},\"query-input\":{\"@type\":\"PropertyValueSpecification\",\"valueRequired\":true,\"valueName\":\"search_term_string\"}}],\"inLanguage\":\"en-US\"},{\"@type\":\"Organization\",\"@id\":\"https:\\\/\\\/www.on-school.com\\\/blog\\\/#organization\",\"name\":\"On-School\",\"url\":\"https:\\\/\\\/www.on-school.com\\\/blog\\\/\",\"logo\":{\"@type\":\"ImageObject\",\"inLanguage\":\"en-US\",\"@id\":\"https:\\\/\\\/www.on-school.com\\\/blog\\\/#\\\/schema\\\/logo\\\/image\\\/\",\"url\":\"https:\\\/\\\/www.on-school.com\\\/blog\\\/wp-content\\\/uploads\\\/2025\\\/09\\\/logoNewSchool.jpg\",\"contentUrl\":\"https:\\\/\\\/www.on-school.com\\\/blog\\\/wp-content\\\/uploads\\\/2025\\\/09\\\/logoNewSchool.jpg\",\"width\":778,\"height\":777,\"caption\":\"On-School\"},\"image\":{\"@id\":\"https:\\\/\\\/www.on-school.com\\\/blog\\\/#\\\/schema\\\/logo\\\/image\\\/\"},\"sameAs\":[\"https:\\\/\\\/www.facebook.com\\\/pages\\\/On-School-Plataforma-Educativa-Virtual\\\/359347014214506\",\"https:\\\/\\\/x.com\\\/dannyrq0103\"]},{\"@type\":\"Person\",\"@id\":\"https:\\\/\\\/www.on-school.com\\\/blog\\\/#\\\/schema\\\/person\\\/60396eb2dba803d5c761e33f467a0e58\",\"name\":\"jolusafe5\",\"image\":{\"@type\":\"ImageObject\",\"inLanguage\":\"en-US\",\"@id\":\"https:\\\/\\\/secure.gravatar.com\\\/avatar\\\/d2a6967d3c1736c22d3eca3839cb5260e71ac1ef16ce076cb36aeea8ca491315?s=96&d=mm&r=g\",\"url\":\"https:\\\/\\\/secure.gravatar.com\\\/avatar\\\/d2a6967d3c1736c22d3eca3839cb5260e71ac1ef16ce076cb36aeea8ca491315?s=96&d=mm&r=g\",\"contentUrl\":\"https:\\\/\\\/secure.gravatar.com\\\/avatar\\\/d2a6967d3c1736c22d3eca3839cb5260e71ac1ef16ce076cb36aeea8ca491315?s=96&d=mm&r=g\",\"caption\":\"jolusafe5\"},\"description\":\"Apasionado por los temas educativos, ciencias sociales y tecnolog\u00eda. Ingeniero en Computaci\u00f3n y Sistemas por la Universidad Popular Aut\u00f3noma del Estado de Puebla (UPAEP) . Maestr\u00eda en Inform\u00e1tica Aplicada por el Instituto Tecnol\u00f3gico y de Estudios Superiores de Occidente (ITESO). Estudiante de Maestr\u00eda en Inteligencia Artificial por ALINNCO.\",\"sameAs\":[\"http:\\\/\\\/www.on-school.com\",\"https:\\\/\\\/www.facebook.com\\\/jolusafe5\",\"https:\\\/\\\/x.com\\\/jolusafe5\"],\"url\":\"https:\\\/\\\/www.on-school.com\\\/blog\\\/author\\\/jolusafe5\\\/\"}]}<\/script>\n<!-- \/ Yoast SEO plugin. -->","yoast_head_json":{"title":"\u00bfCUALES SON LOS MODELOS CURRICULARES? - Dise\u00f1o Curricular","description":"\u00bfCUALES SON LOS MODELOS CURRICULARES? Han guiado la educaci\u00f3n de los seres humanos, han estado mediados por diferentes factores.","robots":{"index":"index","follow":"follow","max-snippet":"max-snippet:-1","max-image-preview":"max-image-preview:large","max-video-preview":"max-video-preview:-1"},"canonical":"https:\/\/www.on-school.com\/blog\/cuales-son-los-modelos-curriculares\/","og_locale":"en_US","og_type":"article","og_title":"\u00bfCUALES SON LOS MODELOS CURRICULARES? - Dise\u00f1o Curricular","og_description":"\u00bfCUALES SON LOS MODELOS CURRICULARES? Han guiado la educaci\u00f3n de los seres humanos, han estado mediados por diferentes factores.","og_url":"https:\/\/www.on-school.com\/blog\/cuales-son-los-modelos-curriculares\/","og_site_name":"On-School","article_publisher":"https:\/\/www.facebook.com\/pages\/On-School-Plataforma-Educativa-Virtual\/359347014214506","article_author":"https:\/\/www.facebook.com\/jolusafe5","article_published_time":"2019-10-11T17:01:21+00:00","article_modified_time":"2019-10-11T17:08:49+00:00","og_image":[{"width":422,"height":250,"url":"https:\/\/www.on-school.com\/blog\/wp-content\/uploads\/2019\/10\/1002727_445364698893764_632456147_n1.jpg","type":"image\/jpeg"}],"author":"jolusafe5","twitter_card":"summary_large_image","twitter_creator":"@jolusafe5","twitter_site":"@dannyrq0103","twitter_misc":{"Written by":"jolusafe5","Est. reading time":"4 minutes"},"schema":{"@context":"https:\/\/schema.org","@graph":[{"@type":"Article","@id":"https:\/\/www.on-school.com\/blog\/cuales-son-los-modelos-curriculares\/#article","isPartOf":{"@id":"https:\/\/www.on-school.com\/blog\/cuales-son-los-modelos-curriculares\/"},"author":{"name":"jolusafe5","@id":"https:\/\/www.on-school.com\/blog\/#\/schema\/person\/60396eb2dba803d5c761e33f467a0e58"},"headline":"\u00bfCUALES SON LOS MODELOS CURRICULARES?","datePublished":"2019-10-11T17:01:21+00:00","dateModified":"2019-10-11T17:08:49+00:00","mainEntityOfPage":{"@id":"https:\/\/www.on-school.com\/blog\/cuales-son-los-modelos-curriculares\/"},"wordCount":740,"commentCount":0,"publisher":{"@id":"https:\/\/www.on-school.com\/blog\/#organization"},"image":{"@id":"https:\/\/www.on-school.com\/blog\/cuales-son-los-modelos-curriculares\/#primaryimage"},"thumbnailUrl":"https:\/\/www.on-school.com\/blog\/wp-content\/uploads\/2019\/10\/1002727_445364698893764_632456147_n1.jpg","keywords":["Ausubel","cl\u00e1sica","cognitiva","conductual","doctrinal","Gardner","G\u00f3leman","modelo","perspectiva","Sternberg","Vygotsky","Zubir\u00eda"],"articleSection":["Dise\u00f1o Curricular"],"inLanguage":"en-US","potentialAction":[{"@type":"CommentAction","name":"Comment","target":["https:\/\/www.on-school.com\/blog\/cuales-son-los-modelos-curriculares\/#respond"]}]},{"@type":"WebPage","@id":"https:\/\/www.on-school.com\/blog\/cuales-son-los-modelos-curriculares\/","url":"https:\/\/www.on-school.com\/blog\/cuales-son-los-modelos-curriculares\/","name":"\u00bfCUALES SON LOS MODELOS CURRICULARES? - Dise\u00f1o Curricular","isPartOf":{"@id":"https:\/\/www.on-school.com\/blog\/#website"},"primaryImageOfPage":{"@id":"https:\/\/www.on-school.com\/blog\/cuales-son-los-modelos-curriculares\/#primaryimage"},"image":{"@id":"https:\/\/www.on-school.com\/blog\/cuales-son-los-modelos-curriculares\/#primaryimage"},"thumbnailUrl":"https:\/\/www.on-school.com\/blog\/wp-content\/uploads\/2019\/10\/1002727_445364698893764_632456147_n1.jpg","datePublished":"2019-10-11T17:01:21+00:00","dateModified":"2019-10-11T17:08:49+00:00","description":"\u00bfCUALES SON LOS MODELOS CURRICULARES? Han guiado la educaci\u00f3n de los seres humanos, han estado mediados por diferentes factores.","breadcrumb":{"@id":"https:\/\/www.on-school.com\/blog\/cuales-son-los-modelos-curriculares\/#breadcrumb"},"inLanguage":"en-US","potentialAction":[{"@type":"ReadAction","target":["https:\/\/www.on-school.com\/blog\/cuales-son-los-modelos-curriculares\/"]}]},{"@type":"ImageObject","inLanguage":"en-US","@id":"https:\/\/www.on-school.com\/blog\/cuales-son-los-modelos-curriculares\/#primaryimage","url":"https:\/\/www.on-school.com\/blog\/wp-content\/uploads\/2019\/10\/1002727_445364698893764_632456147_n1.jpg","contentUrl":"https:\/\/www.on-school.com\/blog\/wp-content\/uploads\/2019\/10\/1002727_445364698893764_632456147_n1.jpg","width":422,"height":250,"caption":"Modelos curriculares"},{"@type":"BreadcrumbList","@id":"https:\/\/www.on-school.com\/blog\/cuales-son-los-modelos-curriculares\/#breadcrumb","itemListElement":[{"@type":"ListItem","position":1,"name":"Inicio","item":"https:\/\/www.on-school.com\/blog\/"},{"@type":"ListItem","position":2,"name":"\u00bfCUALES SON LOS MODELOS CURRICULARES?"}]},{"@type":"WebSite","@id":"https:\/\/www.on-school.com\/blog\/#website","url":"https:\/\/www.on-school.com\/blog\/","name":"On-School","description":"Aula Virtual Educativa","publisher":{"@id":"https:\/\/www.on-school.com\/blog\/#organization"},"potentialAction":[{"@type":"SearchAction","target":{"@type":"EntryPoint","urlTemplate":"https:\/\/www.on-school.com\/blog\/?s={search_term_string}"},"query-input":{"@type":"PropertyValueSpecification","valueRequired":true,"valueName":"search_term_string"}}],"inLanguage":"en-US"},{"@type":"Organization","@id":"https:\/\/www.on-school.com\/blog\/#organization","name":"On-School","url":"https:\/\/www.on-school.com\/blog\/","logo":{"@type":"ImageObject","inLanguage":"en-US","@id":"https:\/\/www.on-school.com\/blog\/#\/schema\/logo\/image\/","url":"https:\/\/www.on-school.com\/blog\/wp-content\/uploads\/2025\/09\/logoNewSchool.jpg","contentUrl":"https:\/\/www.on-school.com\/blog\/wp-content\/uploads\/2025\/09\/logoNewSchool.jpg","width":778,"height":777,"caption":"On-School"},"image":{"@id":"https:\/\/www.on-school.com\/blog\/#\/schema\/logo\/image\/"},"sameAs":["https:\/\/www.facebook.com\/pages\/On-School-Plataforma-Educativa-Virtual\/359347014214506","https:\/\/x.com\/dannyrq0103"]},{"@type":"Person","@id":"https:\/\/www.on-school.com\/blog\/#\/schema\/person\/60396eb2dba803d5c761e33f467a0e58","name":"jolusafe5","image":{"@type":"ImageObject","inLanguage":"en-US","@id":"https:\/\/secure.gravatar.com\/avatar\/d2a6967d3c1736c22d3eca3839cb5260e71ac1ef16ce076cb36aeea8ca491315?s=96&d=mm&r=g","url":"https:\/\/secure.gravatar.com\/avatar\/d2a6967d3c1736c22d3eca3839cb5260e71ac1ef16ce076cb36aeea8ca491315?s=96&d=mm&r=g","contentUrl":"https:\/\/secure.gravatar.com\/avatar\/d2a6967d3c1736c22d3eca3839cb5260e71ac1ef16ce076cb36aeea8ca491315?s=96&d=mm&r=g","caption":"jolusafe5"},"description":"Apasionado por los temas educativos, ciencias sociales y tecnolog\u00eda. Ingeniero en Computaci\u00f3n y Sistemas por la Universidad Popular Aut\u00f3noma del Estado de Puebla (UPAEP) . Maestr\u00eda en Inform\u00e1tica Aplicada por el Instituto Tecnol\u00f3gico y de Estudios Superiores de Occidente (ITESO). Estudiante de Maestr\u00eda en Inteligencia Artificial por ALINNCO.","sameAs":["http:\/\/www.on-school.com","https:\/\/www.facebook.com\/jolusafe5","https:\/\/x.com\/jolusafe5"],"url":"https:\/\/www.on-school.com\/blog\/author\/jolusafe5\/"}]}},"jetpack_publicize_connections":[],"jetpack_featured_media_url":"https:\/\/www.on-school.com\/blog\/wp-content\/uploads\/2019\/10\/1002727_445364698893764_632456147_n1.jpg","jetpack_shortlink":"https:\/\/wp.me\/p4Yboc-rg","jetpack_sharing_enabled":true,"jetpack-related-posts":[{"id":1706,"url":"https:\/\/www.on-school.com\/blog\/curriculo-por-competencias\/","url_meta":{"origin":1690,"position":0},"title":"Curr\u00edculo por Competencias","author":"jolusafe5","date":"12\/10\/2019","format":false,"excerpt":"Curr\u00edculo por Competencias Hacia finales del siglo XX se empieza a desarrollar una reforma educativa a nivel mundial, cuestionando los modelos tradicionales de aprendizaje, tratando de proponer\u00a0 estrategias y modelos de aprendizaje significativo en los que los estudiantes pusieran en pr\u00e1ctica sus conocimientos, para\u00a0vida diaria y\u00a0laboral. El\u00a0concepto de curr\u00edculo por\u2026","rel":"","context":"In &quot;Dise\u00f1o Curricular&quot;","block_context":{"text":"Dise\u00f1o Curricular","link":"https:\/\/www.on-school.com\/blog\/category\/ciencias-de-la-educacion\/diseno-curricular\/"},"img":{"alt_text":"Desarrollo de competencias","src":"https:\/\/i0.wp.com\/www.on-school.com\/blog\/wp-content\/uploads\/2015\/03\/12733_desarrollocompetencias1.jpg?resize=350%2C200&ssl=1","width":350,"height":200,"srcset":"https:\/\/i0.wp.com\/www.on-school.com\/blog\/wp-content\/uploads\/2015\/03\/12733_desarrollocompetencias1.jpg?resize=350%2C200&ssl=1 1x, https:\/\/i0.wp.com\/www.on-school.com\/blog\/wp-content\/uploads\/2015\/03\/12733_desarrollocompetencias1.jpg?resize=525%2C300&ssl=1 1.5x"},"classes":[]},{"id":1703,"url":"https:\/\/www.on-school.com\/blog\/el-papel-del-curriculo-en-la-escuela\/","url_meta":{"origin":1690,"position":1},"title":"El papel del curr\u00edculo en la escuela","author":"jolusafe5","date":"11\/10\/2019","format":false,"excerpt":"Curr\u00edculo en la escuela El curr\u00edculo en la escuela juega un papel determinante, ya que esta es la protagonista de todo su dise\u00f1o y desarrollo, para la escuela el curriculum est\u00e1 definido como un plan prescriptivo de lo que el estudiante debe aprender, por medio de un programa o plan\u2026","rel":"","context":"In &quot;Dise\u00f1o Curricular&quot;","block_context":{"text":"Dise\u00f1o Curricular","link":"https:\/\/www.on-school.com\/blog\/category\/ciencias-de-la-educacion\/diseno-curricular\/"},"img":{"alt_text":"Curr\u00edculo en la escuela","src":"https:\/\/i0.wp.com\/www.on-school.com\/blog\/wp-content\/uploads\/2019\/10\/138565486034741.jpg?resize=350%2C200&ssl=1","width":350,"height":200,"srcset":"https:\/\/i0.wp.com\/www.on-school.com\/blog\/wp-content\/uploads\/2019\/10\/138565486034741.jpg?resize=350%2C200&ssl=1 1x, https:\/\/i0.wp.com\/www.on-school.com\/blog\/wp-content\/uploads\/2019\/10\/138565486034741.jpg?resize=525%2C300&ssl=1 1.5x"},"classes":[]},{"id":1700,"url":"https:\/\/www.on-school.com\/blog\/curriculo-y-escuela\/","url_meta":{"origin":1690,"position":2},"title":"Curr\u00edculo y escuela","author":"jolusafe5","date":"11\/10\/2019","format":false,"excerpt":"Curr\u00edculo y Escuela Curr\u00edculo y escuela. El curr\u00edculo se considera como la carta de navegaci\u00f3n del componente acad\u00e9mico de la instituci\u00f3n educativa, sin embargo, existen diferentes puntos de vista frente a lo que debe contener y como se debe dise\u00f1ar e implementar en la vida pr\u00e1ctica dentro de la escuela.\u2026","rel":"","context":"In &quot;Dise\u00f1o Curricular&quot;","block_context":{"text":"Dise\u00f1o Curricular","link":"https:\/\/www.on-school.com\/blog\/category\/ciencias-de-la-educacion\/diseno-curricular\/"},"img":{"alt_text":"Curr\u00edculo y Escuela","src":"https:\/\/i0.wp.com\/www.on-school.com\/blog\/wp-content\/uploads\/2019\/10\/1506426170_048146_1506426684_noticia_normal_recorte11.jpg?resize=350%2C200&ssl=1","width":350,"height":200,"srcset":"https:\/\/i0.wp.com\/www.on-school.com\/blog\/wp-content\/uploads\/2019\/10\/1506426170_048146_1506426684_noticia_normal_recorte11.jpg?resize=350%2C200&ssl=1 1x, https:\/\/i0.wp.com\/www.on-school.com\/blog\/wp-content\/uploads\/2019\/10\/1506426170_048146_1506426684_noticia_normal_recorte11.jpg?resize=525%2C300&ssl=1 1.5x, https:\/\/i0.wp.com\/www.on-school.com\/blog\/wp-content\/uploads\/2019\/10\/1506426170_048146_1506426684_noticia_normal_recorte11.jpg?resize=700%2C400&ssl=1 2x, https:\/\/i0.wp.com\/www.on-school.com\/blog\/wp-content\/uploads\/2019\/10\/1506426170_048146_1506426684_noticia_normal_recorte11.jpg?resize=1050%2C600&ssl=1 3x, https:\/\/i0.wp.com\/www.on-school.com\/blog\/wp-content\/uploads\/2019\/10\/1506426170_048146_1506426684_noticia_normal_recorte11.jpg?resize=1400%2C800&ssl=1 4x"},"classes":[]},{"id":1684,"url":"https:\/\/www.on-school.com\/blog\/modelos-pedagogicos\/","url_meta":{"origin":1690,"position":3},"title":"Modelos Pedag\u00f3gicos","author":"jolusafe5","date":"07\/10\/2019","format":false,"excerpt":"Modelos Pedag\u00f3gicos Modelos Pedag\u00f3gicos LAS CONCEPCIONES Y TEOR\u00cdAS PSICOL\u00d3GICAS COMO ANTECESORES DE LOS MODELOS PEDAG\u00d3GICOS. Al finalizar el siglo XIX, los avances en las ciencias experimentales produjeron un cambio en la concepci\u00f3n de una de las disciplinas humanista, la Psicolog\u00eda. En el laboratorio de la Universidad de Leipzig (Alemania), el\u2026","rel":"","context":"In &quot;Pedagog\u00eda&quot;","block_context":{"text":"Pedagog\u00eda","link":"https:\/\/www.on-school.com\/blog\/category\/ciencias-de-la-educacion\/pedagogia\/"},"img":{"alt_text":"Modelos Educativos","src":"https:\/\/i0.wp.com\/www.on-school.com\/blog\/wp-content\/uploads\/2019\/10\/2015-08-03_13-45-231.jpg?resize=350%2C200&ssl=1","width":350,"height":200,"srcset":"https:\/\/i0.wp.com\/www.on-school.com\/blog\/wp-content\/uploads\/2019\/10\/2015-08-03_13-45-231.jpg?resize=350%2C200&ssl=1 1x, https:\/\/i0.wp.com\/www.on-school.com\/blog\/wp-content\/uploads\/2019\/10\/2015-08-03_13-45-231.jpg?resize=525%2C300&ssl=1 1.5x, https:\/\/i0.wp.com\/www.on-school.com\/blog\/wp-content\/uploads\/2019\/10\/2015-08-03_13-45-231.jpg?resize=700%2C400&ssl=1 2x"},"classes":[]},{"id":1870,"url":"https:\/\/www.on-school.com\/blog\/modelos-pedagogicos-2\/","url_meta":{"origin":1690,"position":4},"title":"Modelos pedag\u00f3gicos","author":"jolusafe5","date":"30\/10\/2019","format":false,"excerpt":"Modelos Pedag\u00f3gicos El IPARM, objeto de esta investigaci\u00f3n, no posee un modelos pedag\u00f3gicos formal, sin embargo, s\u00ed se ve influenciada por diversas corrientes que afectan la manera en que se desarrollan las pr\u00e1cticas educativas de cada docente en el aula de clase, incluyendo la manera en que se eval\u00faa, en\u2026","rel":"","context":"In &quot;Gesti\u00f3n Educativa&quot;","block_context":{"text":"Gesti\u00f3n Educativa","link":"https:\/\/www.on-school.com\/blog\/category\/procesos-educativos\/gestion-educativa\/"},"img":{"alt_text":"Modelos Pedag\u00f3gicos","src":"https:\/\/i0.wp.com\/www.on-school.com\/blog\/wp-content\/uploads\/2019\/10\/estu-11.jpg?resize=350%2C200&ssl=1","width":350,"height":200,"srcset":"https:\/\/i0.wp.com\/www.on-school.com\/blog\/wp-content\/uploads\/2019\/10\/estu-11.jpg?resize=350%2C200&ssl=1 1x, https:\/\/i0.wp.com\/www.on-school.com\/blog\/wp-content\/uploads\/2019\/10\/estu-11.jpg?resize=525%2C300&ssl=1 1.5x, https:\/\/i0.wp.com\/www.on-school.com\/blog\/wp-content\/uploads\/2019\/10\/estu-11.jpg?resize=700%2C400&ssl=1 2x"},"classes":[]},{"id":476,"url":"https:\/\/www.on-school.com\/blog\/internet-como-problema-educativo\/","url_meta":{"origin":1690,"position":5},"title":"Internet como problema educativo","author":"jolusafe5","date":"07\/11\/2014","format":false,"excerpt":"A trav\u00e9s de nuestras relaciones con otras personas fuera del \u00e1mbito escolar logramos una enorme variedad de aprendizajes informales, mediando informaci\u00f3n proveniente de la televisi\u00f3n, de las TIC y especialmente de Internet. Los j\u00f3venes, por ejemplo, cada vez se informan m\u00e1s -y no necesariamente gracias a los planes de estudio\u2026","rel":"","context":"In &quot;Innovaci\u00f3n Tecnol\u00f3gica&quot;","block_context":{"text":"Innovaci\u00f3n Tecnol\u00f3gica","link":"https:\/\/www.on-school.com\/blog\/category\/procesos-educativos\/innovacion-tecnologica\/"},"img":{"alt_text":"Internet desde la Infancia","src":"https:\/\/i0.wp.com\/www.on-school.com\/blog\/wp-content\/uploads\/2014\/11\/ID-100306651.jpeg?resize=350%2C200&ssl=1","width":350,"height":200},"classes":[]}],"jetpack_likes_enabled":true,"_links":{"self":[{"href":"https:\/\/www.on-school.com\/blog\/wp-json\/wp\/v2\/posts\/1690","targetHints":{"allow":["GET"]}}],"collection":[{"href":"https:\/\/www.on-school.com\/blog\/wp-json\/wp\/v2\/posts"}],"about":[{"href":"https:\/\/www.on-school.com\/blog\/wp-json\/wp\/v2\/types\/post"}],"author":[{"embeddable":true,"href":"https:\/\/www.on-school.com\/blog\/wp-json\/wp\/v2\/users\/1"}],"replies":[{"embeddable":true,"href":"https:\/\/www.on-school.com\/blog\/wp-json\/wp\/v2\/comments?post=1690"}],"version-history":[{"count":2,"href":"https:\/\/www.on-school.com\/blog\/wp-json\/wp\/v2\/posts\/1690\/revisions"}],"predecessor-version":[{"id":1694,"href":"https:\/\/www.on-school.com\/blog\/wp-json\/wp\/v2\/posts\/1690\/revisions\/1694"}],"wp:featuredmedia":[{"embeddable":true,"href":"https:\/\/www.on-school.com\/blog\/wp-json\/wp\/v2\/media\/1691"}],"wp:attachment":[{"href":"https:\/\/www.on-school.com\/blog\/wp-json\/wp\/v2\/media?parent=1690"}],"wp:term":[{"taxonomy":"category","embeddable":true,"href":"https:\/\/www.on-school.com\/blog\/wp-json\/wp\/v2\/categories?post=1690"},{"taxonomy":"post_tag","embeddable":true,"href":"https:\/\/www.on-school.com\/blog\/wp-json\/wp\/v2\/tags?post=1690"}],"curies":[{"name":"wp","href":"https:\/\/api.w.org\/{rel}","templated":true}]}}