{"id":1687,"date":"2019-10-08T10:17:23","date_gmt":"2019-10-08T15:17:23","guid":{"rendered":"http:\/\/www.on-school.com\/blog\/?p=1687"},"modified":"2019-10-12T13:18:31","modified_gmt":"2019-10-12T18:18:31","slug":"el-curriculo-en-la-educacion","status":"publish","type":"post","link":"https:\/\/www.on-school.com\/blog\/el-curriculo-en-la-educacion\/","title":{"rendered":"El curr\u00edculo en la educaci\u00f3n"},"content":{"rendered":"\n<h2 class=\"wp-block-heading\">EL CURR\u00cdCULO DENTRO DE LA EDUCACI\u00d3N<\/h2>\n\n\n\n<figure class=\"wp-block-image\"><img fetchpriority=\"high\" decoding=\"async\" width=\"550\" height=\"300\" src=\"http:\/\/www.on-school.com\/blog\/wp-content\/uploads\/2019\/10\/que-es-curriculo-educativ1.jpg\" alt=\"Curr\u00edculo en la educaci\u00f3n\" class=\"wp-image-1688\" srcset=\"https:\/\/www.on-school.com\/blog\/wp-content\/uploads\/2019\/10\/que-es-curriculo-educativ1.jpg 550w, https:\/\/www.on-school.com\/blog\/wp-content\/uploads\/2019\/10\/que-es-curriculo-educativ1-300x164.jpg 300w\" sizes=\"(max-width: 550px) 100vw, 550px\" \/><figcaption>Curr\u00edculo en la educaci\u00f3n<\/figcaption><\/figure>\n\n\n\n<h3 class=\"wp-block-heading\">DEFINICI\u00d3N<\/h3>\n\n\n\n<p>En coherencia con los conceptos de enfoque y <a href=\"http:\/\/www.on-school.com\/blog\/modelos-pedagogicos\/\" target=\"_blank\" rel=\"noreferrer noopener\" aria-label=\"modelo pedag\u00f3gico (opens in a new tab)\">modelo pedag\u00f3gico<\/a>, el enfoque curricular responde a las diferentes formas te\u00f3ricas de ver y explicar el curr\u00edculo en la educaci\u00f3n.<\/p>\n\n\n\n<blockquote class=\"wp-block-quote is-layout-flow wp-block-quote-is-layout-flow\"><p>\u201cCurr\u00edculo es el conjunto de criterios, planes de estudio, programas, metodolog\u00edas, y procesos que contribuyen a la formaci\u00f3n integral y a la construcci\u00f3n de la identidad cultural nacional, regional y local\u2026. &#8220;<\/p><\/blockquote>\n\n\n\n<p>El Curr\u00edculo o\nCurr\u00edculum se lo considera, en un sentido amplio, como el proceso de ense\u00f1anza y aprendizaje\nsistem\u00e1ticamente organizado; en un sentido\nrestringido, es considerado como secuencia de los temas de estudio en los distintos grados 7 niveles de ense\u00f1anza.<\/p>\n\n\n\n<p>Por su parte, Sacrist\u00e1n (1995) expone: El t\u00e9rmino curr\u00edculo proviene de la palabra\nlatina currere, que hace referencia a carrera, a un recorrido que debe ser\nrealizado y por derivaci\u00f3n, a su representaci\u00f3n o presentaci\u00f3n. La escolaridad\nes un recorrido para los alumnos y el curr\u00edculo es su relleno, su contenido, la\ngu\u00eda de su progreso por la escolaridad.<\/p>\n\n\n\n<p>En&nbsp; el \u00e1mbito\nde la educaci\u00f3n el t\u00e9rmino curr\u00edculo ha sido conceptualizado de diferentes\nmaneras; as\u00ed que es frecuente encontrarlo como un proceso, como un producto, o\ncomo ambos; incluso, hay autores que lo visualizan como una posibilidad de\ninvestigaci\u00f3n permanente. <\/p>\n\n\n\n<p>En fin se podr\u00eda decir que el curr\u00edculo es la forma\nde organizar la ense\u00f1anza y el aprendizaje en coherencia con enfoque y el\nmodelo pedag\u00f3gico que le corresponde, sobre la base de una organizaci\u00f3n de\nobjetivos, m\u00e9todos, recursos y formas de evaluaci\u00f3n, en procura de favorecer\nniveles de formaci\u00f3n.<\/p>\n\n\n\n<h3 class=\"wp-block-heading\">EL CURR\u00cdCULO COMO UN MECANISMO DE ORDENACI\u00d3N DE LA PR\u00c1CTICA EDUCATIVA.<\/h3>\n\n\n\n<p>La pr\u00e1ctica educativa de una instituci\u00f3n debe estar\nguiada por los lineamientos de un plan\ncurricular que se denomina PE\u00cd. Este PE\u00cd es una herramienta que permite\ntrabajar los contenidos de una manera m\u00e1s pedag\u00f3gica y dotar de espacios y\nmateriales de educaci\u00f3n de una forma did\u00e1ctica.<\/p>\n\n\n\n<p>En las \u00faltimas d\u00e9cadas del siglo XX la ense\u00f1anza secundaria y media superior ha llegado a ser universal y las diferencias entre\nambos niveles han pasado a ser m\u00e1s\nrotundas: la ense\u00f1anza secundaria (con un curr\u00edculo com\u00fan b\u00e1sico) y la media superior (con un curr\u00edculo m\u00e1s\nespecializado). Los debates se han centrado\nen defender la especializaci\u00f3n como referencia curricular (m\u00e1s limitada), u ofrecer una visi\u00f3n m\u00e1s generalizada y\nabierta de los conocimientos en los niveles superiores del sistema escolar.<\/p>\n\n\n\n<p>En algunos pa\u00edses la amplitud tiene prioridad sobre la\nprofundizaci\u00f3n de los conocimientos,\nmientras que en otros se ha optado m\u00e1s por la especializaci\u00f3n. (Microsof Encarta, 2009).<\/p>\n\n\n\n<p>En nuestro pa\u00eds, se vive\nlo que cita el texto anterior. Hasta los a\u00f1os 95 del siglo pasado no se experimentaba un cambio en la pr\u00e1ctica educativa y curricular.\nPocas han sido las instituciones que han surgido con una novedosa pr\u00e1ctica\npedag\u00f3gica, que responda a las demandas que plantea el mundo contempor\u00e1neo.<\/p>\n\n\n\n<h4 class=\"wp-block-heading\">Importancia del curr\u00edculo<\/h4>\n\n\n\n<p>La importancia\ndel curr\u00edculo est\u00e1 definido\nen el numeral 3.1 y se puede concretar\nsosteniendo que un proceso de ense\u00f1anza \u2014 aprendizaje que no est\u00e9 sistematizado\nno puede ser aplicable a los procesos pedag\u00f3gicos y educativos, ya que el caos que se viva en la escuela y el\nsistema educativo, repercutir\u00e1 en la vida\nadecuada, posterior, de la sociedad en la cual se ejecute el curr\u00edculo.<\/p>\n\n\n\n<p>Para que los maestros de los\nmismos a\u00f1os, de diferentes centros educativos, ense\u00f1en y hagan descubrir a sus estudiantes\ncontenidos similares, es necesario que un organismo rector de la\neducaci\u00f3n vele por el dise\u00f1o y el correcto cumplimiento\nde un plan curricular que rija la educaci\u00f3n y la pr\u00e1ctica pedag\u00f3gica en todos los centros en donde se\nrelacionen maestros y estudiantes, sean\ndel nivel que fueren.<\/p>\n","protected":false},"excerpt":{"rendered":"<p>EL CURR\u00cdCULO DENTRO DE LA EDUCACI\u00d3N DEFINICI\u00d3N En coherencia con los conceptos de enfoque y modelo pedag\u00f3gico, el enfoque curricular responde a las diferentes formas te\u00f3ricas de ver y explicar el curr\u00edculo en la educaci\u00f3n. \u201cCurr\u00edculo es el conjunto de criterios, planes de estudio, programas, metodolog\u00edas, y procesos que contribuyen a la formaci\u00f3n integral y [&hellip;]<\/p>\n","protected":false},"author":1,"featured_media":1688,"comment_status":"open","ping_status":"open","sticky":false,"template":"","format":"standard","meta":{"om_disable_all_campaigns":false,"_monsterinsights_skip_tracking":false,"_monsterinsights_sitenote_active":false,"_monsterinsights_sitenote_note":"","_monsterinsights_sitenote_category":0,"_uf_show_specific_survey":0,"_uf_disable_surveys":false,"jetpack_post_was_ever_published":false,"_jetpack_newsletter_access":"","_jetpack_dont_email_post_to_subs":false,"_jetpack_newsletter_tier_id":0,"_jetpack_memberships_contains_paywalled_content":false,"_jetpack_memberships_contains_paid_content":false,"footnotes":"","jetpack_publicize_message":"","jetpack_publicize_feature_enabled":true,"jetpack_social_post_already_shared":true,"jetpack_social_options":{"image_generator_settings":{"template":"highway","default_image_id":0,"font":"","enabled":false},"version":2}},"categories":[367],"tags":[1360,17,1361,249],"class_list":["post-1687","post","type-post","status-publish","format-standard","has-post-thumbnail","hentry","category-gestion-educativa","tag-curriculo","tag-educacion","tag-modelo-pedagogico","tag-pedagogia"],"yoast_head":"<!-- This site is optimized with the Yoast SEO plugin v27.5 - https:\/\/yoast.com\/product\/yoast-seo-wordpress\/ -->\n<title>El curr\u00edculo en la educaci\u00f3n - Gesti\u00f3n Educativa<\/title>\n<meta name=\"description\" content=\"El curr\u00edculo en la educaci\u00f3n Curr\u00edculo es el conjunto de criterios, planes de estudio, programas, metodolog\u00edas, y procesos\" \/>\n<meta name=\"robots\" content=\"index, follow, max-snippet:-1, max-image-preview:large, max-video-preview:-1\" \/>\n<link rel=\"canonical\" href=\"https:\/\/www.on-school.com\/blog\/el-curriculo-en-la-educacion\/\" \/>\n<meta property=\"og:locale\" content=\"en_US\" \/>\n<meta property=\"og:type\" content=\"article\" \/>\n<meta property=\"og:title\" content=\"El curr\u00edculo en la educaci\u00f3n - Gesti\u00f3n Educativa\" \/>\n<meta property=\"og:description\" content=\"El curr\u00edculo en la educaci\u00f3n Curr\u00edculo es el conjunto de criterios, planes de estudio, programas, metodolog\u00edas, y procesos\" \/>\n<meta property=\"og:url\" content=\"https:\/\/www.on-school.com\/blog\/el-curriculo-en-la-educacion\/\" \/>\n<meta property=\"og:site_name\" content=\"On-School\" \/>\n<meta property=\"article:publisher\" content=\"https:\/\/www.facebook.com\/pages\/On-School-Plataforma-Educativa-Virtual\/359347014214506\" \/>\n<meta property=\"article:author\" content=\"https:\/\/www.facebook.com\/jolusafe5\" \/>\n<meta property=\"article:published_time\" content=\"2019-10-08T15:17:23+00:00\" \/>\n<meta property=\"article:modified_time\" content=\"2019-10-12T18:18:31+00:00\" \/>\n<meta property=\"og:image\" content=\"https:\/\/www.on-school.com\/blog\/wp-content\/uploads\/2019\/10\/que-es-curriculo-educativ1.jpg\" \/>\n\t<meta property=\"og:image:width\" content=\"550\" \/>\n\t<meta property=\"og:image:height\" content=\"300\" \/>\n\t<meta property=\"og:image:type\" content=\"image\/jpeg\" \/>\n<meta name=\"author\" content=\"jolusafe5\" \/>\n<meta name=\"twitter:card\" content=\"summary_large_image\" \/>\n<meta name=\"twitter:creator\" content=\"@jolusafe5\" \/>\n<meta name=\"twitter:site\" content=\"@dannyrq0103\" \/>\n<meta name=\"twitter:label1\" content=\"Written by\" \/>\n\t<meta name=\"twitter:data1\" content=\"jolusafe5\" \/>\n\t<meta name=\"twitter:label2\" content=\"Est. reading time\" \/>\n\t<meta name=\"twitter:data2\" content=\"3 minutes\" \/>\n<script type=\"application\/ld+json\" class=\"yoast-schema-graph\">{\"@context\":\"https:\\\/\\\/schema.org\",\"@graph\":[{\"@type\":\"Article\",\"@id\":\"https:\\\/\\\/www.on-school.com\\\/blog\\\/el-curriculo-en-la-educacion\\\/#article\",\"isPartOf\":{\"@id\":\"https:\\\/\\\/www.on-school.com\\\/blog\\\/el-curriculo-en-la-educacion\\\/\"},\"author\":{\"name\":\"jolusafe5\",\"@id\":\"https:\\\/\\\/www.on-school.com\\\/blog\\\/#\\\/schema\\\/person\\\/60396eb2dba803d5c761e33f467a0e58\"},\"headline\":\"El curr\u00edculo en la educaci\u00f3n\",\"datePublished\":\"2019-10-08T15:17:23+00:00\",\"dateModified\":\"2019-10-12T18:18:31+00:00\",\"mainEntityOfPage\":{\"@id\":\"https:\\\/\\\/www.on-school.com\\\/blog\\\/el-curriculo-en-la-educacion\\\/\"},\"wordCount\":696,\"commentCount\":0,\"publisher\":{\"@id\":\"https:\\\/\\\/www.on-school.com\\\/blog\\\/#organization\"},\"image\":{\"@id\":\"https:\\\/\\\/www.on-school.com\\\/blog\\\/el-curriculo-en-la-educacion\\\/#primaryimage\"},\"thumbnailUrl\":\"https:\\\/\\\/www.on-school.com\\\/blog\\\/wp-content\\\/uploads\\\/2019\\\/10\\\/que-es-curriculo-educativ1.jpg\",\"keywords\":[\"curr\u00edculo\",\"educaci\u00f3n\",\"modelo pedag\u00f3gico\",\"pedagog\u00eda\"],\"articleSection\":[\"Gesti\u00f3n Educativa\"],\"inLanguage\":\"en-US\",\"potentialAction\":[{\"@type\":\"CommentAction\",\"name\":\"Comment\",\"target\":[\"https:\\\/\\\/www.on-school.com\\\/blog\\\/el-curriculo-en-la-educacion\\\/#respond\"]}]},{\"@type\":\"WebPage\",\"@id\":\"https:\\\/\\\/www.on-school.com\\\/blog\\\/el-curriculo-en-la-educacion\\\/\",\"url\":\"https:\\\/\\\/www.on-school.com\\\/blog\\\/el-curriculo-en-la-educacion\\\/\",\"name\":\"El curr\u00edculo en la educaci\u00f3n - Gesti\u00f3n Educativa\",\"isPartOf\":{\"@id\":\"https:\\\/\\\/www.on-school.com\\\/blog\\\/#website\"},\"primaryImageOfPage\":{\"@id\":\"https:\\\/\\\/www.on-school.com\\\/blog\\\/el-curriculo-en-la-educacion\\\/#primaryimage\"},\"image\":{\"@id\":\"https:\\\/\\\/www.on-school.com\\\/blog\\\/el-curriculo-en-la-educacion\\\/#primaryimage\"},\"thumbnailUrl\":\"https:\\\/\\\/www.on-school.com\\\/blog\\\/wp-content\\\/uploads\\\/2019\\\/10\\\/que-es-curriculo-educativ1.jpg\",\"datePublished\":\"2019-10-08T15:17:23+00:00\",\"dateModified\":\"2019-10-12T18:18:31+00:00\",\"description\":\"El curr\u00edculo en la educaci\u00f3n Curr\u00edculo es el conjunto de criterios, planes de estudio, programas, metodolog\u00edas, y procesos\",\"breadcrumb\":{\"@id\":\"https:\\\/\\\/www.on-school.com\\\/blog\\\/el-curriculo-en-la-educacion\\\/#breadcrumb\"},\"inLanguage\":\"en-US\",\"potentialAction\":[{\"@type\":\"ReadAction\",\"target\":[\"https:\\\/\\\/www.on-school.com\\\/blog\\\/el-curriculo-en-la-educacion\\\/\"]}]},{\"@type\":\"ImageObject\",\"inLanguage\":\"en-US\",\"@id\":\"https:\\\/\\\/www.on-school.com\\\/blog\\\/el-curriculo-en-la-educacion\\\/#primaryimage\",\"url\":\"https:\\\/\\\/www.on-school.com\\\/blog\\\/wp-content\\\/uploads\\\/2019\\\/10\\\/que-es-curriculo-educativ1.jpg\",\"contentUrl\":\"https:\\\/\\\/www.on-school.com\\\/blog\\\/wp-content\\\/uploads\\\/2019\\\/10\\\/que-es-curriculo-educativ1.jpg\",\"width\":550,\"height\":300,\"caption\":\"Curr\u00edculo en la educaci\u00f3n\"},{\"@type\":\"BreadcrumbList\",\"@id\":\"https:\\\/\\\/www.on-school.com\\\/blog\\\/el-curriculo-en-la-educacion\\\/#breadcrumb\",\"itemListElement\":[{\"@type\":\"ListItem\",\"position\":1,\"name\":\"Inicio\",\"item\":\"https:\\\/\\\/www.on-school.com\\\/blog\\\/\"},{\"@type\":\"ListItem\",\"position\":2,\"name\":\"El curr\u00edculo en la educaci\u00f3n\"}]},{\"@type\":\"WebSite\",\"@id\":\"https:\\\/\\\/www.on-school.com\\\/blog\\\/#website\",\"url\":\"https:\\\/\\\/www.on-school.com\\\/blog\\\/\",\"name\":\"On-School\",\"description\":\"Aula Virtual Educativa\",\"publisher\":{\"@id\":\"https:\\\/\\\/www.on-school.com\\\/blog\\\/#organization\"},\"potentialAction\":[{\"@type\":\"SearchAction\",\"target\":{\"@type\":\"EntryPoint\",\"urlTemplate\":\"https:\\\/\\\/www.on-school.com\\\/blog\\\/?s={search_term_string}\"},\"query-input\":{\"@type\":\"PropertyValueSpecification\",\"valueRequired\":true,\"valueName\":\"search_term_string\"}}],\"inLanguage\":\"en-US\"},{\"@type\":\"Organization\",\"@id\":\"https:\\\/\\\/www.on-school.com\\\/blog\\\/#organization\",\"name\":\"On-School\",\"url\":\"https:\\\/\\\/www.on-school.com\\\/blog\\\/\",\"logo\":{\"@type\":\"ImageObject\",\"inLanguage\":\"en-US\",\"@id\":\"https:\\\/\\\/www.on-school.com\\\/blog\\\/#\\\/schema\\\/logo\\\/image\\\/\",\"url\":\"https:\\\/\\\/www.on-school.com\\\/blog\\\/wp-content\\\/uploads\\\/2025\\\/09\\\/logoNewSchool.jpg\",\"contentUrl\":\"https:\\\/\\\/www.on-school.com\\\/blog\\\/wp-content\\\/uploads\\\/2025\\\/09\\\/logoNewSchool.jpg\",\"width\":778,\"height\":777,\"caption\":\"On-School\"},\"image\":{\"@id\":\"https:\\\/\\\/www.on-school.com\\\/blog\\\/#\\\/schema\\\/logo\\\/image\\\/\"},\"sameAs\":[\"https:\\\/\\\/www.facebook.com\\\/pages\\\/On-School-Plataforma-Educativa-Virtual\\\/359347014214506\",\"https:\\\/\\\/x.com\\\/dannyrq0103\"]},{\"@type\":\"Person\",\"@id\":\"https:\\\/\\\/www.on-school.com\\\/blog\\\/#\\\/schema\\\/person\\\/60396eb2dba803d5c761e33f467a0e58\",\"name\":\"jolusafe5\",\"image\":{\"@type\":\"ImageObject\",\"inLanguage\":\"en-US\",\"@id\":\"https:\\\/\\\/secure.gravatar.com\\\/avatar\\\/d2a6967d3c1736c22d3eca3839cb5260e71ac1ef16ce076cb36aeea8ca491315?s=96&d=mm&r=g\",\"url\":\"https:\\\/\\\/secure.gravatar.com\\\/avatar\\\/d2a6967d3c1736c22d3eca3839cb5260e71ac1ef16ce076cb36aeea8ca491315?s=96&d=mm&r=g\",\"contentUrl\":\"https:\\\/\\\/secure.gravatar.com\\\/avatar\\\/d2a6967d3c1736c22d3eca3839cb5260e71ac1ef16ce076cb36aeea8ca491315?s=96&d=mm&r=g\",\"caption\":\"jolusafe5\"},\"description\":\"Apasionado por los temas educativos, ciencias sociales y tecnolog\u00eda. Ingeniero en Computaci\u00f3n y Sistemas por la Universidad Popular Aut\u00f3noma del Estado de Puebla (UPAEP) . Maestr\u00eda en Inform\u00e1tica Aplicada por el Instituto Tecnol\u00f3gico y de Estudios Superiores de Occidente (ITESO). Estudiante de Maestr\u00eda en Inteligencia Artificial por ALINNCO.\",\"sameAs\":[\"http:\\\/\\\/www.on-school.com\",\"https:\\\/\\\/www.facebook.com\\\/jolusafe5\",\"https:\\\/\\\/x.com\\\/jolusafe5\"],\"url\":\"https:\\\/\\\/www.on-school.com\\\/blog\\\/author\\\/jolusafe5\\\/\"}]}<\/script>\n<!-- \/ Yoast SEO plugin. -->","yoast_head_json":{"title":"El curr\u00edculo en la educaci\u00f3n - Gesti\u00f3n Educativa","description":"El curr\u00edculo en la educaci\u00f3n Curr\u00edculo es el conjunto de criterios, planes de estudio, programas, metodolog\u00edas, y procesos","robots":{"index":"index","follow":"follow","max-snippet":"max-snippet:-1","max-image-preview":"max-image-preview:large","max-video-preview":"max-video-preview:-1"},"canonical":"https:\/\/www.on-school.com\/blog\/el-curriculo-en-la-educacion\/","og_locale":"en_US","og_type":"article","og_title":"El curr\u00edculo en la educaci\u00f3n - Gesti\u00f3n Educativa","og_description":"El curr\u00edculo en la educaci\u00f3n Curr\u00edculo es el conjunto de criterios, planes de estudio, programas, metodolog\u00edas, y procesos","og_url":"https:\/\/www.on-school.com\/blog\/el-curriculo-en-la-educacion\/","og_site_name":"On-School","article_publisher":"https:\/\/www.facebook.com\/pages\/On-School-Plataforma-Educativa-Virtual\/359347014214506","article_author":"https:\/\/www.facebook.com\/jolusafe5","article_published_time":"2019-10-08T15:17:23+00:00","article_modified_time":"2019-10-12T18:18:31+00:00","og_image":[{"width":550,"height":300,"url":"https:\/\/www.on-school.com\/blog\/wp-content\/uploads\/2019\/10\/que-es-curriculo-educativ1.jpg","type":"image\/jpeg"}],"author":"jolusafe5","twitter_card":"summary_large_image","twitter_creator":"@jolusafe5","twitter_site":"@dannyrq0103","twitter_misc":{"Written by":"jolusafe5","Est. reading time":"3 minutes"},"schema":{"@context":"https:\/\/schema.org","@graph":[{"@type":"Article","@id":"https:\/\/www.on-school.com\/blog\/el-curriculo-en-la-educacion\/#article","isPartOf":{"@id":"https:\/\/www.on-school.com\/blog\/el-curriculo-en-la-educacion\/"},"author":{"name":"jolusafe5","@id":"https:\/\/www.on-school.com\/blog\/#\/schema\/person\/60396eb2dba803d5c761e33f467a0e58"},"headline":"El curr\u00edculo en la educaci\u00f3n","datePublished":"2019-10-08T15:17:23+00:00","dateModified":"2019-10-12T18:18:31+00:00","mainEntityOfPage":{"@id":"https:\/\/www.on-school.com\/blog\/el-curriculo-en-la-educacion\/"},"wordCount":696,"commentCount":0,"publisher":{"@id":"https:\/\/www.on-school.com\/blog\/#organization"},"image":{"@id":"https:\/\/www.on-school.com\/blog\/el-curriculo-en-la-educacion\/#primaryimage"},"thumbnailUrl":"https:\/\/www.on-school.com\/blog\/wp-content\/uploads\/2019\/10\/que-es-curriculo-educativ1.jpg","keywords":["curr\u00edculo","educaci\u00f3n","modelo pedag\u00f3gico","pedagog\u00eda"],"articleSection":["Gesti\u00f3n Educativa"],"inLanguage":"en-US","potentialAction":[{"@type":"CommentAction","name":"Comment","target":["https:\/\/www.on-school.com\/blog\/el-curriculo-en-la-educacion\/#respond"]}]},{"@type":"WebPage","@id":"https:\/\/www.on-school.com\/blog\/el-curriculo-en-la-educacion\/","url":"https:\/\/www.on-school.com\/blog\/el-curriculo-en-la-educacion\/","name":"El curr\u00edculo en la educaci\u00f3n - Gesti\u00f3n Educativa","isPartOf":{"@id":"https:\/\/www.on-school.com\/blog\/#website"},"primaryImageOfPage":{"@id":"https:\/\/www.on-school.com\/blog\/el-curriculo-en-la-educacion\/#primaryimage"},"image":{"@id":"https:\/\/www.on-school.com\/blog\/el-curriculo-en-la-educacion\/#primaryimage"},"thumbnailUrl":"https:\/\/www.on-school.com\/blog\/wp-content\/uploads\/2019\/10\/que-es-curriculo-educativ1.jpg","datePublished":"2019-10-08T15:17:23+00:00","dateModified":"2019-10-12T18:18:31+00:00","description":"El curr\u00edculo en la educaci\u00f3n Curr\u00edculo es el conjunto de criterios, planes de estudio, programas, metodolog\u00edas, y procesos","breadcrumb":{"@id":"https:\/\/www.on-school.com\/blog\/el-curriculo-en-la-educacion\/#breadcrumb"},"inLanguage":"en-US","potentialAction":[{"@type":"ReadAction","target":["https:\/\/www.on-school.com\/blog\/el-curriculo-en-la-educacion\/"]}]},{"@type":"ImageObject","inLanguage":"en-US","@id":"https:\/\/www.on-school.com\/blog\/el-curriculo-en-la-educacion\/#primaryimage","url":"https:\/\/www.on-school.com\/blog\/wp-content\/uploads\/2019\/10\/que-es-curriculo-educativ1.jpg","contentUrl":"https:\/\/www.on-school.com\/blog\/wp-content\/uploads\/2019\/10\/que-es-curriculo-educativ1.jpg","width":550,"height":300,"caption":"Curr\u00edculo en la educaci\u00f3n"},{"@type":"BreadcrumbList","@id":"https:\/\/www.on-school.com\/blog\/el-curriculo-en-la-educacion\/#breadcrumb","itemListElement":[{"@type":"ListItem","position":1,"name":"Inicio","item":"https:\/\/www.on-school.com\/blog\/"},{"@type":"ListItem","position":2,"name":"El curr\u00edculo en la educaci\u00f3n"}]},{"@type":"WebSite","@id":"https:\/\/www.on-school.com\/blog\/#website","url":"https:\/\/www.on-school.com\/blog\/","name":"On-School","description":"Aula Virtual Educativa","publisher":{"@id":"https:\/\/www.on-school.com\/blog\/#organization"},"potentialAction":[{"@type":"SearchAction","target":{"@type":"EntryPoint","urlTemplate":"https:\/\/www.on-school.com\/blog\/?s={search_term_string}"},"query-input":{"@type":"PropertyValueSpecification","valueRequired":true,"valueName":"search_term_string"}}],"inLanguage":"en-US"},{"@type":"Organization","@id":"https:\/\/www.on-school.com\/blog\/#organization","name":"On-School","url":"https:\/\/www.on-school.com\/blog\/","logo":{"@type":"ImageObject","inLanguage":"en-US","@id":"https:\/\/www.on-school.com\/blog\/#\/schema\/logo\/image\/","url":"https:\/\/www.on-school.com\/blog\/wp-content\/uploads\/2025\/09\/logoNewSchool.jpg","contentUrl":"https:\/\/www.on-school.com\/blog\/wp-content\/uploads\/2025\/09\/logoNewSchool.jpg","width":778,"height":777,"caption":"On-School"},"image":{"@id":"https:\/\/www.on-school.com\/blog\/#\/schema\/logo\/image\/"},"sameAs":["https:\/\/www.facebook.com\/pages\/On-School-Plataforma-Educativa-Virtual\/359347014214506","https:\/\/x.com\/dannyrq0103"]},{"@type":"Person","@id":"https:\/\/www.on-school.com\/blog\/#\/schema\/person\/60396eb2dba803d5c761e33f467a0e58","name":"jolusafe5","image":{"@type":"ImageObject","inLanguage":"en-US","@id":"https:\/\/secure.gravatar.com\/avatar\/d2a6967d3c1736c22d3eca3839cb5260e71ac1ef16ce076cb36aeea8ca491315?s=96&d=mm&r=g","url":"https:\/\/secure.gravatar.com\/avatar\/d2a6967d3c1736c22d3eca3839cb5260e71ac1ef16ce076cb36aeea8ca491315?s=96&d=mm&r=g","contentUrl":"https:\/\/secure.gravatar.com\/avatar\/d2a6967d3c1736c22d3eca3839cb5260e71ac1ef16ce076cb36aeea8ca491315?s=96&d=mm&r=g","caption":"jolusafe5"},"description":"Apasionado por los temas educativos, ciencias sociales y tecnolog\u00eda. Ingeniero en Computaci\u00f3n y Sistemas por la Universidad Popular Aut\u00f3noma del Estado de Puebla (UPAEP) . Maestr\u00eda en Inform\u00e1tica Aplicada por el Instituto Tecnol\u00f3gico y de Estudios Superiores de Occidente (ITESO). Estudiante de Maestr\u00eda en Inteligencia Artificial por ALINNCO.","sameAs":["http:\/\/www.on-school.com","https:\/\/www.facebook.com\/jolusafe5","https:\/\/x.com\/jolusafe5"],"url":"https:\/\/www.on-school.com\/blog\/author\/jolusafe5\/"}]}},"jetpack_publicize_connections":[],"jetpack_featured_media_url":"https:\/\/www.on-school.com\/blog\/wp-content\/uploads\/2019\/10\/que-es-curriculo-educativ1.jpg","jetpack_shortlink":"https:\/\/wp.me\/p4Yboc-rd","jetpack_sharing_enabled":true,"jetpack-related-posts":[{"id":1690,"url":"https:\/\/www.on-school.com\/blog\/cuales-son-los-modelos-curriculares\/","url_meta":{"origin":1687,"position":0},"title":"\u00bfCUALES SON LOS MODELOS CURRICULARES?","author":"jolusafe5","date":"11\/10\/2019","format":false,"excerpt":"MODELOS CURRICULARES Los modelos curriculares que han guiado la educaci\u00f3n de los seres humanos, han estados mediados por diferentes factores, entre los que se puede citar: la cultura, el desarrollo econ\u00f3mico, las tradiciones, las nuevas teor\u00edas, los avances tecnol\u00f3gicos y cient\u00edficos, entre otros. Modelos curriculares El curr\u00edculo nacional en la\u2026","rel":"","context":"In &quot;Dise\u00f1o Curricular&quot;","block_context":{"text":"Dise\u00f1o Curricular","link":"https:\/\/www.on-school.com\/blog\/category\/ciencias-de-la-educacion\/diseno-curricular\/"},"img":{"alt_text":"Modelos curriculares","src":"https:\/\/i0.wp.com\/www.on-school.com\/blog\/wp-content\/uploads\/2019\/10\/1002727_445364698893764_632456147_n1.jpg?resize=350%2C200&ssl=1","width":350,"height":200},"classes":[]},{"id":1706,"url":"https:\/\/www.on-school.com\/blog\/curriculo-por-competencias\/","url_meta":{"origin":1687,"position":1},"title":"Curr\u00edculo por Competencias","author":"jolusafe5","date":"12\/10\/2019","format":false,"excerpt":"Curr\u00edculo por Competencias Hacia finales del siglo XX se empieza a desarrollar una reforma educativa a nivel mundial, cuestionando los modelos tradicionales de aprendizaje, tratando de proponer\u00a0 estrategias y modelos de aprendizaje significativo en los que los estudiantes pusieran en pr\u00e1ctica sus conocimientos, para\u00a0vida diaria y\u00a0laboral. El\u00a0concepto de curr\u00edculo por\u2026","rel":"","context":"In &quot;Dise\u00f1o Curricular&quot;","block_context":{"text":"Dise\u00f1o Curricular","link":"https:\/\/www.on-school.com\/blog\/category\/ciencias-de-la-educacion\/diseno-curricular\/"},"img":{"alt_text":"Desarrollo de competencias","src":"https:\/\/i0.wp.com\/www.on-school.com\/blog\/wp-content\/uploads\/2015\/03\/12733_desarrollocompetencias1.jpg?resize=350%2C200&ssl=1","width":350,"height":200,"srcset":"https:\/\/i0.wp.com\/www.on-school.com\/blog\/wp-content\/uploads\/2015\/03\/12733_desarrollocompetencias1.jpg?resize=350%2C200&ssl=1 1x, https:\/\/i0.wp.com\/www.on-school.com\/blog\/wp-content\/uploads\/2015\/03\/12733_desarrollocompetencias1.jpg?resize=525%2C300&ssl=1 1.5x"},"classes":[]},{"id":1700,"url":"https:\/\/www.on-school.com\/blog\/curriculo-y-escuela\/","url_meta":{"origin":1687,"position":2},"title":"Curr\u00edculo y escuela","author":"jolusafe5","date":"11\/10\/2019","format":false,"excerpt":"Curr\u00edculo y Escuela Curr\u00edculo y escuela. El curr\u00edculo se considera como la carta de navegaci\u00f3n del componente acad\u00e9mico de la instituci\u00f3n educativa, sin embargo, existen diferentes puntos de vista frente a lo que debe contener y como se debe dise\u00f1ar e implementar en la vida pr\u00e1ctica dentro de la escuela.\u2026","rel":"","context":"In &quot;Dise\u00f1o Curricular&quot;","block_context":{"text":"Dise\u00f1o Curricular","link":"https:\/\/www.on-school.com\/blog\/category\/ciencias-de-la-educacion\/diseno-curricular\/"},"img":{"alt_text":"Curr\u00edculo y Escuela","src":"https:\/\/i0.wp.com\/www.on-school.com\/blog\/wp-content\/uploads\/2019\/10\/1506426170_048146_1506426684_noticia_normal_recorte11.jpg?resize=350%2C200&ssl=1","width":350,"height":200,"srcset":"https:\/\/i0.wp.com\/www.on-school.com\/blog\/wp-content\/uploads\/2019\/10\/1506426170_048146_1506426684_noticia_normal_recorte11.jpg?resize=350%2C200&ssl=1 1x, https:\/\/i0.wp.com\/www.on-school.com\/blog\/wp-content\/uploads\/2019\/10\/1506426170_048146_1506426684_noticia_normal_recorte11.jpg?resize=525%2C300&ssl=1 1.5x, https:\/\/i0.wp.com\/www.on-school.com\/blog\/wp-content\/uploads\/2019\/10\/1506426170_048146_1506426684_noticia_normal_recorte11.jpg?resize=700%2C400&ssl=1 2x, https:\/\/i0.wp.com\/www.on-school.com\/blog\/wp-content\/uploads\/2019\/10\/1506426170_048146_1506426684_noticia_normal_recorte11.jpg?resize=1050%2C600&ssl=1 3x, https:\/\/i0.wp.com\/www.on-school.com\/blog\/wp-content\/uploads\/2019\/10\/1506426170_048146_1506426684_noticia_normal_recorte11.jpg?resize=1400%2C800&ssl=1 4x"},"classes":[]},{"id":1711,"url":"https:\/\/www.on-school.com\/blog\/diseno-curricular-de-la-educacion-artistica\/","url_meta":{"origin":1687,"position":3},"title":"Dise\u00f1o curricular de la educaci\u00f3n art\u00edstica","author":"jolusafe5","date":"12\/10\/2019","format":false,"excerpt":"Dise\u00f1o curricular de la educaci\u00f3n art\u00edstica Dentro de las propuestas de desarrollo curricular de la educaci\u00f3n art\u00edstica, se propone la formaci\u00f3n de sujetos conscientes de su patrimonio cultural con habilidades y destrezas que se pueden expresar desde los diferentes lenguajes art\u00edsticos,\u00a0para que el estudiante se asuma como un sujeto capaz\u2026","rel":"","context":"In &quot;Dise\u00f1o Curricular&quot;","block_context":{"text":"Dise\u00f1o Curricular","link":"https:\/\/www.on-school.com\/blog\/category\/ciencias-de-la-educacion\/diseno-curricular\/"},"img":{"alt_text":"Dise\u00f1o curricular de la educaci\u00f3n art\u00edstica","src":"https:\/\/i0.wp.com\/www.on-school.com\/blog\/wp-content\/uploads\/2019\/10\/arts494308980-495x4001.jpg?resize=350%2C200&ssl=1","width":350,"height":200},"classes":[]},{"id":1703,"url":"https:\/\/www.on-school.com\/blog\/el-papel-del-curriculo-en-la-escuela\/","url_meta":{"origin":1687,"position":4},"title":"El papel del curr\u00edculo en la escuela","author":"jolusafe5","date":"11\/10\/2019","format":false,"excerpt":"Curr\u00edculo en la escuela El curr\u00edculo en la escuela juega un papel determinante, ya que esta es la protagonista de todo su dise\u00f1o y desarrollo, para la escuela el curriculum est\u00e1 definido como un plan prescriptivo de lo que el estudiante debe aprender, por medio de un programa o plan\u2026","rel":"","context":"In &quot;Dise\u00f1o Curricular&quot;","block_context":{"text":"Dise\u00f1o Curricular","link":"https:\/\/www.on-school.com\/blog\/category\/ciencias-de-la-educacion\/diseno-curricular\/"},"img":{"alt_text":"Curr\u00edculo en la escuela","src":"https:\/\/i0.wp.com\/www.on-school.com\/blog\/wp-content\/uploads\/2019\/10\/138565486034741.jpg?resize=350%2C200&ssl=1","width":350,"height":200,"srcset":"https:\/\/i0.wp.com\/www.on-school.com\/blog\/wp-content\/uploads\/2019\/10\/138565486034741.jpg?resize=350%2C200&ssl=1 1x, https:\/\/i0.wp.com\/www.on-school.com\/blog\/wp-content\/uploads\/2019\/10\/138565486034741.jpg?resize=525%2C300&ssl=1 1.5x"},"classes":[]},{"id":1708,"url":"https:\/\/www.on-school.com\/blog\/curriculo-e-investigacion\/","url_meta":{"origin":1687,"position":5},"title":"Curr\u00edculo e Investigaci\u00f3n","author":"jolusafe5","date":"12\/10\/2019","format":false,"excerpt":"Curr\u00edculo e Investigaci\u00f3n La integraci\u00f3n de procesos de investigaci\u00f3n en el curr\u00edculo (curr\u00edculo e investigaci\u00f3n) fortalece los procesos de ense\u00f1anza y aprendizaje,\u00a0los estudiantes y docentes pueden integrar las teor\u00eda con la pr\u00e1ctica y se fortalecen las estrategias\u00a0 did\u00e1cticas\u00a0de clase,\u00a0como el aprendizaje por proyectos y el trabajo colaborativo, a su vez\u2026","rel":"","context":"In &quot;Dise\u00f1o Curricular&quot;","block_context":{"text":"Dise\u00f1o Curricular","link":"https:\/\/www.on-school.com\/blog\/category\/ciencias-de-la-educacion\/diseno-curricular\/"},"img":{"alt_text":"Curr\u00edculo e Investigaci\u00f3n","src":"https:\/\/i0.wp.com\/www.on-school.com\/blog\/wp-content\/uploads\/2019\/10\/profesor-clase-kfAH-620x349%40abc1.jpg?resize=350%2C200&ssl=1","width":350,"height":200,"srcset":"https:\/\/i0.wp.com\/www.on-school.com\/blog\/wp-content\/uploads\/2019\/10\/profesor-clase-kfAH-620x349%40abc1.jpg?resize=350%2C200&ssl=1 1x, https:\/\/i0.wp.com\/www.on-school.com\/blog\/wp-content\/uploads\/2019\/10\/profesor-clase-kfAH-620x349%40abc1.jpg?resize=525%2C300&ssl=1 1.5x"},"classes":[]}],"jetpack_likes_enabled":true,"_links":{"self":[{"href":"https:\/\/www.on-school.com\/blog\/wp-json\/wp\/v2\/posts\/1687","targetHints":{"allow":["GET"]}}],"collection":[{"href":"https:\/\/www.on-school.com\/blog\/wp-json\/wp\/v2\/posts"}],"about":[{"href":"https:\/\/www.on-school.com\/blog\/wp-json\/wp\/v2\/types\/post"}],"author":[{"embeddable":true,"href":"https:\/\/www.on-school.com\/blog\/wp-json\/wp\/v2\/users\/1"}],"replies":[{"embeddable":true,"href":"https:\/\/www.on-school.com\/blog\/wp-json\/wp\/v2\/comments?post=1687"}],"version-history":[{"count":1,"href":"https:\/\/www.on-school.com\/blog\/wp-json\/wp\/v2\/posts\/1687\/revisions"}],"predecessor-version":[{"id":1689,"href":"https:\/\/www.on-school.com\/blog\/wp-json\/wp\/v2\/posts\/1687\/revisions\/1689"}],"wp:featuredmedia":[{"embeddable":true,"href":"https:\/\/www.on-school.com\/blog\/wp-json\/wp\/v2\/media\/1688"}],"wp:attachment":[{"href":"https:\/\/www.on-school.com\/blog\/wp-json\/wp\/v2\/media?parent=1687"}],"wp:term":[{"taxonomy":"category","embeddable":true,"href":"https:\/\/www.on-school.com\/blog\/wp-json\/wp\/v2\/categories?post=1687"},{"taxonomy":"post_tag","embeddable":true,"href":"https:\/\/www.on-school.com\/blog\/wp-json\/wp\/v2\/tags?post=1687"}],"curies":[{"name":"wp","href":"https:\/\/api.w.org\/{rel}","templated":true}]}}