{"id":1678,"date":"2019-10-07T13:43:05","date_gmt":"2019-10-07T18:43:05","guid":{"rendered":"http:\/\/www.on-school.com\/blog\/?p=1678"},"modified":"2019-10-07T13:43:14","modified_gmt":"2019-10-07T18:43:14","slug":"semejanzas-y-diferencias-entre-pedagogia-y-educacion","status":"publish","type":"post","link":"https:\/\/www.on-school.com\/blog\/semejanzas-y-diferencias-entre-pedagogia-y-educacion\/","title":{"rendered":"Semejanzas y diferencias entre Pedagog\u00eda y Educaci\u00f3n"},"content":{"rendered":"\n<figure class=\"wp-block-image\"><img fetchpriority=\"high\" decoding=\"async\" width=\"800\" height=\"400\" src=\"http:\/\/www.on-school.com\/blog\/wp-content\/uploads\/2019\/10\/pedagogia-e15469952478591.jpg\" alt=\"Pedagog\u00eda y Educaci\u00f3n\" class=\"wp-image-1679\" srcset=\"https:\/\/www.on-school.com\/blog\/wp-content\/uploads\/2019\/10\/pedagogia-e15469952478591.jpg 800w, https:\/\/www.on-school.com\/blog\/wp-content\/uploads\/2019\/10\/pedagogia-e15469952478591-300x150.jpg 300w, https:\/\/www.on-school.com\/blog\/wp-content\/uploads\/2019\/10\/pedagogia-e15469952478591-768x384.jpg 768w\" sizes=\"(max-width: 800px) 100vw, 800px\" \/><figcaption>Pedagog\u00eda y Educaci\u00f3n<\/figcaption><\/figure>\n\n\n\n<h3 class=\"wp-block-heading\">Pedagog\u00eda y Educaci\u00f3n <\/h3>\n\n\n\n<p>Como educaci\u00f3n se ha definido el proceso de formaci\u00f3n de un\ndisc\u00edpulo por parte de sus\nmaestros, en funci\u00f3n de criterios b\u00e1sicos que han guiado el proceso que buscaba la ense\u00f1anza por parte del\nmaestro y el aprendizaje por parte del alumno,\ndisc\u00edpulo, estudiante, etc.<\/p>\n\n\n\n<p><a href=\"http:\/\/www.on-school.com\/blog\/pedagogia\/\" target=\"_blank\" rel=\"noreferrer noopener\" aria-label=\"La Pedagog\u00eda (opens in a new tab)\">La Pedagog\u00eda<\/a> es una praxis que se origin\u00f3 en la Grecia Cl\u00e1sica, pas\u00f3 a los romanos y de ah\u00ed a las culturas occidentales, particularmente la nuestra. En muchas ocasiones se ha escuchado que los procesos educativos son antipedag\u00f3gicos, que las aulas son antipedag\u00f3gicas, que la did\u00e1ctica empleada no es pedag\u00f3gica, etc. Esto demuestra que la pedagog\u00eda ha estado relacionada \u00edntimamente con el proceso educativo, durante la evoluci\u00f3n de la educaci\u00f3n.<\/p>\n\n\n\n<p>Las\ndiferencias entre estos dos conceptos radican en que mientras que la pedagog\u00eda tiene una vertiente filos\u00f3fico &#8211; praxiol\u00f3gica, la\neducaci\u00f3n es un proceso que se\nrefiere al adiestramiento de las habilidades del ser humano. Se\npuede considerar que la pedagog\u00eda es la reflexi\u00f3n sobre la pr\u00e1ctica de la\neducaci\u00f3n, y que la educaci\u00f3n es la acci\u00f3n ejercida sobre los educandos, bien\nsea por los padres o los maestros. Aunque en definici\u00f3n no son&nbsp; lo mismo, se puede decir que van\nrelacionadas, de tal manera que una reflexiona (pedagog\u00eda) la acci\u00f3n que debe\nejercer la otra (educaci\u00f3n).<\/p>\n\n\n\n<p>Tanto la educaci\u00f3n como la pedagog\u00eda no son hechos aislados, est\u00e1 ligados a un mismo sistema, cuyas partes concurren a un mismo fin, conformando de esta manera un complejo sistema educativo. Hoy en d\u00eda se puede decir que la Pedagog\u00eda est\u00e1 al mando como disciplina omnicomprensiva y reflexiva de todo lo que ocurre en la educaci\u00f3n.<\/p>\n\n\n\n<p>La ciencia que tiene como objeto el conocimiento de la educaci\u00f3n recibe el nombre de Pedagog\u00eda; la que delimita la esencia, formas, grados y funciones de la educaci\u00f3n, sus leyes y categor\u00edas que se establecen en las interrelaciones y los factores y agencias sociales de la vida educativa a trav\u00e9s d e la Ontolog\u00eda y Etiolog\u00eda de la Educaci\u00f3n (Larroyo).<\/p>\n\n\n\n<h3 class=\"wp-block-heading\">Bibliograf\u00eda<\/h3>\n\n\n\n<p>Larroyo,\nF.&nbsp; <em>La ciencia de la Educaci\u00f2n.<\/em>\nM\u00e9xico: Porr\u00faa.<\/p>\n","protected":false},"excerpt":{"rendered":"<p>Pedagog\u00eda y Educaci\u00f3n Como educaci\u00f3n se ha definido el proceso de formaci\u00f3n de un disc\u00edpulo por parte de sus maestros, en funci\u00f3n de criterios b\u00e1sicos que han guiado el proceso que buscaba la ense\u00f1anza por parte del maestro y el aprendizaje por parte del alumno, disc\u00edpulo, estudiante, etc. La Pedagog\u00eda es una praxis que se [&hellip;]<\/p>\n","protected":false},"author":1,"featured_media":1679,"comment_status":"open","ping_status":"open","sticky":false,"template":"","format":"standard","meta":{"om_disable_all_campaigns":false,"_monsterinsights_skip_tracking":false,"_monsterinsights_sitenote_active":false,"_monsterinsights_sitenote_note":"","_monsterinsights_sitenote_category":0,"_uf_show_specific_survey":0,"_uf_disable_surveys":false,"jetpack_post_was_ever_published":false,"_jetpack_newsletter_access":"","_jetpack_dont_email_post_to_subs":false,"_jetpack_newsletter_tier_id":0,"_jetpack_memberships_contains_paywalled_content":false,"_jetpack_memberships_contains_paid_content":false,"footnotes":"","jetpack_publicize_message":"","jetpack_publicize_feature_enabled":true,"jetpack_social_post_already_shared":true,"jetpack_social_options":{"image_generator_settings":{"template":"highway","default_image_id":0,"font":"","enabled":false},"version":2}},"categories":[1346],"tags":[17,273,1351,249,1353],"class_list":["post-1678","post","type-post","status-publish","format-standard","has-post-thumbnail","hentry","category-pedagogia","tag-educacion","tag-filosofia","tag-grecia","tag-pedagogia","tag-proceso"],"yoast_head":"<!-- This site is optimized with the Yoast SEO plugin v27.5 - https:\/\/yoast.com\/product\/yoast-seo-wordpress\/ -->\n<title>Semejanzas y diferencias entre Pedagog\u00eda y Educaci\u00f3n -<\/title>\n<meta name=\"description\" content=\"Las diferencias radican en que la pedagog\u00eda tiene una vertiente filos\u00f3fico y la educaci\u00f3n es un proceso de adiestramiento del ser humano\" \/>\n<meta name=\"robots\" content=\"index, follow, max-snippet:-1, max-image-preview:large, max-video-preview:-1\" \/>\n<link rel=\"canonical\" href=\"https:\/\/www.on-school.com\/blog\/semejanzas-y-diferencias-entre-pedagogia-y-educacion\/\" \/>\n<meta property=\"og:locale\" content=\"en_US\" \/>\n<meta property=\"og:type\" content=\"article\" \/>\n<meta property=\"og:title\" content=\"Semejanzas y diferencias entre Pedagog\u00eda y Educaci\u00f3n -\" \/>\n<meta property=\"og:description\" content=\"Las diferencias radican en que la pedagog\u00eda tiene una vertiente filos\u00f3fico y la educaci\u00f3n es un proceso de adiestramiento del ser humano\" \/>\n<meta property=\"og:url\" content=\"https:\/\/www.on-school.com\/blog\/semejanzas-y-diferencias-entre-pedagogia-y-educacion\/\" \/>\n<meta property=\"og:site_name\" content=\"On-School\" \/>\n<meta property=\"article:publisher\" content=\"https:\/\/www.facebook.com\/pages\/On-School-Plataforma-Educativa-Virtual\/359347014214506\" \/>\n<meta property=\"article:author\" content=\"https:\/\/www.facebook.com\/jolusafe5\" \/>\n<meta property=\"article:published_time\" content=\"2019-10-07T18:43:05+00:00\" \/>\n<meta property=\"article:modified_time\" content=\"2019-10-07T18:43:14+00:00\" \/>\n<meta property=\"og:image\" content=\"https:\/\/www.on-school.com\/blog\/wp-content\/uploads\/2019\/10\/pedagogia-e15469952478591.jpg\" \/>\n\t<meta property=\"og:image:width\" content=\"800\" \/>\n\t<meta property=\"og:image:height\" content=\"400\" \/>\n\t<meta property=\"og:image:type\" content=\"image\/jpeg\" \/>\n<meta name=\"author\" content=\"jolusafe5\" \/>\n<meta name=\"twitter:card\" content=\"summary_large_image\" \/>\n<meta name=\"twitter:creator\" content=\"@jolusafe5\" \/>\n<meta name=\"twitter:site\" content=\"@dannyrq0103\" \/>\n<meta name=\"twitter:label1\" content=\"Written by\" \/>\n\t<meta name=\"twitter:data1\" content=\"jolusafe5\" \/>\n\t<meta name=\"twitter:label2\" content=\"Est. reading time\" \/>\n\t<meta name=\"twitter:data2\" content=\"2 minutes\" \/>\n<script type=\"application\/ld+json\" class=\"yoast-schema-graph\">{\"@context\":\"https:\\\/\\\/schema.org\",\"@graph\":[{\"@type\":\"Article\",\"@id\":\"https:\\\/\\\/www.on-school.com\\\/blog\\\/semejanzas-y-diferencias-entre-pedagogia-y-educacion\\\/#article\",\"isPartOf\":{\"@id\":\"https:\\\/\\\/www.on-school.com\\\/blog\\\/semejanzas-y-diferencias-entre-pedagogia-y-educacion\\\/\"},\"author\":{\"name\":\"jolusafe5\",\"@id\":\"https:\\\/\\\/www.on-school.com\\\/blog\\\/#\\\/schema\\\/person\\\/60396eb2dba803d5c761e33f467a0e58\"},\"headline\":\"Semejanzas y diferencias entre Pedagog\u00eda y Educaci\u00f3n\",\"datePublished\":\"2019-10-07T18:43:05+00:00\",\"dateModified\":\"2019-10-07T18:43:14+00:00\",\"mainEntityOfPage\":{\"@id\":\"https:\\\/\\\/www.on-school.com\\\/blog\\\/semejanzas-y-diferencias-entre-pedagogia-y-educacion\\\/\"},\"wordCount\":406,\"commentCount\":0,\"publisher\":{\"@id\":\"https:\\\/\\\/www.on-school.com\\\/blog\\\/#organization\"},\"image\":{\"@id\":\"https:\\\/\\\/www.on-school.com\\\/blog\\\/semejanzas-y-diferencias-entre-pedagogia-y-educacion\\\/#primaryimage\"},\"thumbnailUrl\":\"https:\\\/\\\/www.on-school.com\\\/blog\\\/wp-content\\\/uploads\\\/2019\\\/10\\\/pedagogia-e15469952478591.jpg\",\"keywords\":[\"educaci\u00f3n\",\"Filosof\u00eda\",\"grecia\",\"pedagog\u00eda\",\"proceso\"],\"articleSection\":[\"Pedagog\u00eda\"],\"inLanguage\":\"en-US\",\"potentialAction\":[{\"@type\":\"CommentAction\",\"name\":\"Comment\",\"target\":[\"https:\\\/\\\/www.on-school.com\\\/blog\\\/semejanzas-y-diferencias-entre-pedagogia-y-educacion\\\/#respond\"]}]},{\"@type\":\"WebPage\",\"@id\":\"https:\\\/\\\/www.on-school.com\\\/blog\\\/semejanzas-y-diferencias-entre-pedagogia-y-educacion\\\/\",\"url\":\"https:\\\/\\\/www.on-school.com\\\/blog\\\/semejanzas-y-diferencias-entre-pedagogia-y-educacion\\\/\",\"name\":\"Semejanzas y diferencias entre Pedagog\u00eda y Educaci\u00f3n -\",\"isPartOf\":{\"@id\":\"https:\\\/\\\/www.on-school.com\\\/blog\\\/#website\"},\"primaryImageOfPage\":{\"@id\":\"https:\\\/\\\/www.on-school.com\\\/blog\\\/semejanzas-y-diferencias-entre-pedagogia-y-educacion\\\/#primaryimage\"},\"image\":{\"@id\":\"https:\\\/\\\/www.on-school.com\\\/blog\\\/semejanzas-y-diferencias-entre-pedagogia-y-educacion\\\/#primaryimage\"},\"thumbnailUrl\":\"https:\\\/\\\/www.on-school.com\\\/blog\\\/wp-content\\\/uploads\\\/2019\\\/10\\\/pedagogia-e15469952478591.jpg\",\"datePublished\":\"2019-10-07T18:43:05+00:00\",\"dateModified\":\"2019-10-07T18:43:14+00:00\",\"description\":\"Las diferencias radican en que la pedagog\u00eda tiene una vertiente filos\u00f3fico y la educaci\u00f3n es un proceso de adiestramiento del ser humano\",\"breadcrumb\":{\"@id\":\"https:\\\/\\\/www.on-school.com\\\/blog\\\/semejanzas-y-diferencias-entre-pedagogia-y-educacion\\\/#breadcrumb\"},\"inLanguage\":\"en-US\",\"potentialAction\":[{\"@type\":\"ReadAction\",\"target\":[\"https:\\\/\\\/www.on-school.com\\\/blog\\\/semejanzas-y-diferencias-entre-pedagogia-y-educacion\\\/\"]}]},{\"@type\":\"ImageObject\",\"inLanguage\":\"en-US\",\"@id\":\"https:\\\/\\\/www.on-school.com\\\/blog\\\/semejanzas-y-diferencias-entre-pedagogia-y-educacion\\\/#primaryimage\",\"url\":\"https:\\\/\\\/www.on-school.com\\\/blog\\\/wp-content\\\/uploads\\\/2019\\\/10\\\/pedagogia-e15469952478591.jpg\",\"contentUrl\":\"https:\\\/\\\/www.on-school.com\\\/blog\\\/wp-content\\\/uploads\\\/2019\\\/10\\\/pedagogia-e15469952478591.jpg\",\"width\":800,\"height\":400,\"caption\":\"Pedagog\u00eda y Educaci\u00f3n\"},{\"@type\":\"BreadcrumbList\",\"@id\":\"https:\\\/\\\/www.on-school.com\\\/blog\\\/semejanzas-y-diferencias-entre-pedagogia-y-educacion\\\/#breadcrumb\",\"itemListElement\":[{\"@type\":\"ListItem\",\"position\":1,\"name\":\"Inicio\",\"item\":\"https:\\\/\\\/www.on-school.com\\\/blog\\\/\"},{\"@type\":\"ListItem\",\"position\":2,\"name\":\"Semejanzas y diferencias entre Pedagog\u00eda y Educaci\u00f3n\"}]},{\"@type\":\"WebSite\",\"@id\":\"https:\\\/\\\/www.on-school.com\\\/blog\\\/#website\",\"url\":\"https:\\\/\\\/www.on-school.com\\\/blog\\\/\",\"name\":\"On-School\",\"description\":\"Aula Virtual Educativa\",\"publisher\":{\"@id\":\"https:\\\/\\\/www.on-school.com\\\/blog\\\/#organization\"},\"potentialAction\":[{\"@type\":\"SearchAction\",\"target\":{\"@type\":\"EntryPoint\",\"urlTemplate\":\"https:\\\/\\\/www.on-school.com\\\/blog\\\/?s={search_term_string}\"},\"query-input\":{\"@type\":\"PropertyValueSpecification\",\"valueRequired\":true,\"valueName\":\"search_term_string\"}}],\"inLanguage\":\"en-US\"},{\"@type\":\"Organization\",\"@id\":\"https:\\\/\\\/www.on-school.com\\\/blog\\\/#organization\",\"name\":\"On-School\",\"url\":\"https:\\\/\\\/www.on-school.com\\\/blog\\\/\",\"logo\":{\"@type\":\"ImageObject\",\"inLanguage\":\"en-US\",\"@id\":\"https:\\\/\\\/www.on-school.com\\\/blog\\\/#\\\/schema\\\/logo\\\/image\\\/\",\"url\":\"https:\\\/\\\/www.on-school.com\\\/blog\\\/wp-content\\\/uploads\\\/2025\\\/09\\\/logoNewSchool.jpg\",\"contentUrl\":\"https:\\\/\\\/www.on-school.com\\\/blog\\\/wp-content\\\/uploads\\\/2025\\\/09\\\/logoNewSchool.jpg\",\"width\":778,\"height\":777,\"caption\":\"On-School\"},\"image\":{\"@id\":\"https:\\\/\\\/www.on-school.com\\\/blog\\\/#\\\/schema\\\/logo\\\/image\\\/\"},\"sameAs\":[\"https:\\\/\\\/www.facebook.com\\\/pages\\\/On-School-Plataforma-Educativa-Virtual\\\/359347014214506\",\"https:\\\/\\\/x.com\\\/dannyrq0103\"]},{\"@type\":\"Person\",\"@id\":\"https:\\\/\\\/www.on-school.com\\\/blog\\\/#\\\/schema\\\/person\\\/60396eb2dba803d5c761e33f467a0e58\",\"name\":\"jolusafe5\",\"image\":{\"@type\":\"ImageObject\",\"inLanguage\":\"en-US\",\"@id\":\"https:\\\/\\\/secure.gravatar.com\\\/avatar\\\/d2a6967d3c1736c22d3eca3839cb5260e71ac1ef16ce076cb36aeea8ca491315?s=96&d=mm&r=g\",\"url\":\"https:\\\/\\\/secure.gravatar.com\\\/avatar\\\/d2a6967d3c1736c22d3eca3839cb5260e71ac1ef16ce076cb36aeea8ca491315?s=96&d=mm&r=g\",\"contentUrl\":\"https:\\\/\\\/secure.gravatar.com\\\/avatar\\\/d2a6967d3c1736c22d3eca3839cb5260e71ac1ef16ce076cb36aeea8ca491315?s=96&d=mm&r=g\",\"caption\":\"jolusafe5\"},\"description\":\"Apasionado por los temas educativos, ciencias sociales y tecnolog\u00eda. Ingeniero en Computaci\u00f3n y Sistemas por la Universidad Popular Aut\u00f3noma del Estado de Puebla (UPAEP) . Maestr\u00eda en Inform\u00e1tica Aplicada por el Instituto Tecnol\u00f3gico y de Estudios Superiores de Occidente (ITESO). Estudiante de Maestr\u00eda en Inteligencia Artificial por ALINNCO.\",\"sameAs\":[\"http:\\\/\\\/www.on-school.com\",\"https:\\\/\\\/www.facebook.com\\\/jolusafe5\",\"https:\\\/\\\/x.com\\\/jolusafe5\"],\"url\":\"https:\\\/\\\/www.on-school.com\\\/blog\\\/author\\\/jolusafe5\\\/\"}]}<\/script>\n<!-- \/ Yoast SEO plugin. -->","yoast_head_json":{"title":"Semejanzas y diferencias entre Pedagog\u00eda y Educaci\u00f3n -","description":"Las diferencias radican en que la pedagog\u00eda tiene una vertiente filos\u00f3fico y la educaci\u00f3n es un proceso de adiestramiento del ser humano","robots":{"index":"index","follow":"follow","max-snippet":"max-snippet:-1","max-image-preview":"max-image-preview:large","max-video-preview":"max-video-preview:-1"},"canonical":"https:\/\/www.on-school.com\/blog\/semejanzas-y-diferencias-entre-pedagogia-y-educacion\/","og_locale":"en_US","og_type":"article","og_title":"Semejanzas y diferencias entre Pedagog\u00eda y Educaci\u00f3n -","og_description":"Las diferencias radican en que la pedagog\u00eda tiene una vertiente filos\u00f3fico y la educaci\u00f3n es un proceso de adiestramiento del ser humano","og_url":"https:\/\/www.on-school.com\/blog\/semejanzas-y-diferencias-entre-pedagogia-y-educacion\/","og_site_name":"On-School","article_publisher":"https:\/\/www.facebook.com\/pages\/On-School-Plataforma-Educativa-Virtual\/359347014214506","article_author":"https:\/\/www.facebook.com\/jolusafe5","article_published_time":"2019-10-07T18:43:05+00:00","article_modified_time":"2019-10-07T18:43:14+00:00","og_image":[{"width":800,"height":400,"url":"https:\/\/www.on-school.com\/blog\/wp-content\/uploads\/2019\/10\/pedagogia-e15469952478591.jpg","type":"image\/jpeg"}],"author":"jolusafe5","twitter_card":"summary_large_image","twitter_creator":"@jolusafe5","twitter_site":"@dannyrq0103","twitter_misc":{"Written by":"jolusafe5","Est. reading time":"2 minutes"},"schema":{"@context":"https:\/\/schema.org","@graph":[{"@type":"Article","@id":"https:\/\/www.on-school.com\/blog\/semejanzas-y-diferencias-entre-pedagogia-y-educacion\/#article","isPartOf":{"@id":"https:\/\/www.on-school.com\/blog\/semejanzas-y-diferencias-entre-pedagogia-y-educacion\/"},"author":{"name":"jolusafe5","@id":"https:\/\/www.on-school.com\/blog\/#\/schema\/person\/60396eb2dba803d5c761e33f467a0e58"},"headline":"Semejanzas y diferencias entre Pedagog\u00eda y Educaci\u00f3n","datePublished":"2019-10-07T18:43:05+00:00","dateModified":"2019-10-07T18:43:14+00:00","mainEntityOfPage":{"@id":"https:\/\/www.on-school.com\/blog\/semejanzas-y-diferencias-entre-pedagogia-y-educacion\/"},"wordCount":406,"commentCount":0,"publisher":{"@id":"https:\/\/www.on-school.com\/blog\/#organization"},"image":{"@id":"https:\/\/www.on-school.com\/blog\/semejanzas-y-diferencias-entre-pedagogia-y-educacion\/#primaryimage"},"thumbnailUrl":"https:\/\/www.on-school.com\/blog\/wp-content\/uploads\/2019\/10\/pedagogia-e15469952478591.jpg","keywords":["educaci\u00f3n","Filosof\u00eda","grecia","pedagog\u00eda","proceso"],"articleSection":["Pedagog\u00eda"],"inLanguage":"en-US","potentialAction":[{"@type":"CommentAction","name":"Comment","target":["https:\/\/www.on-school.com\/blog\/semejanzas-y-diferencias-entre-pedagogia-y-educacion\/#respond"]}]},{"@type":"WebPage","@id":"https:\/\/www.on-school.com\/blog\/semejanzas-y-diferencias-entre-pedagogia-y-educacion\/","url":"https:\/\/www.on-school.com\/blog\/semejanzas-y-diferencias-entre-pedagogia-y-educacion\/","name":"Semejanzas y diferencias entre Pedagog\u00eda y Educaci\u00f3n -","isPartOf":{"@id":"https:\/\/www.on-school.com\/blog\/#website"},"primaryImageOfPage":{"@id":"https:\/\/www.on-school.com\/blog\/semejanzas-y-diferencias-entre-pedagogia-y-educacion\/#primaryimage"},"image":{"@id":"https:\/\/www.on-school.com\/blog\/semejanzas-y-diferencias-entre-pedagogia-y-educacion\/#primaryimage"},"thumbnailUrl":"https:\/\/www.on-school.com\/blog\/wp-content\/uploads\/2019\/10\/pedagogia-e15469952478591.jpg","datePublished":"2019-10-07T18:43:05+00:00","dateModified":"2019-10-07T18:43:14+00:00","description":"Las diferencias radican en que la pedagog\u00eda tiene una vertiente filos\u00f3fico y la educaci\u00f3n es un proceso de adiestramiento del ser humano","breadcrumb":{"@id":"https:\/\/www.on-school.com\/blog\/semejanzas-y-diferencias-entre-pedagogia-y-educacion\/#breadcrumb"},"inLanguage":"en-US","potentialAction":[{"@type":"ReadAction","target":["https:\/\/www.on-school.com\/blog\/semejanzas-y-diferencias-entre-pedagogia-y-educacion\/"]}]},{"@type":"ImageObject","inLanguage":"en-US","@id":"https:\/\/www.on-school.com\/blog\/semejanzas-y-diferencias-entre-pedagogia-y-educacion\/#primaryimage","url":"https:\/\/www.on-school.com\/blog\/wp-content\/uploads\/2019\/10\/pedagogia-e15469952478591.jpg","contentUrl":"https:\/\/www.on-school.com\/blog\/wp-content\/uploads\/2019\/10\/pedagogia-e15469952478591.jpg","width":800,"height":400,"caption":"Pedagog\u00eda y Educaci\u00f3n"},{"@type":"BreadcrumbList","@id":"https:\/\/www.on-school.com\/blog\/semejanzas-y-diferencias-entre-pedagogia-y-educacion\/#breadcrumb","itemListElement":[{"@type":"ListItem","position":1,"name":"Inicio","item":"https:\/\/www.on-school.com\/blog\/"},{"@type":"ListItem","position":2,"name":"Semejanzas y diferencias entre Pedagog\u00eda y Educaci\u00f3n"}]},{"@type":"WebSite","@id":"https:\/\/www.on-school.com\/blog\/#website","url":"https:\/\/www.on-school.com\/blog\/","name":"On-School","description":"Aula Virtual Educativa","publisher":{"@id":"https:\/\/www.on-school.com\/blog\/#organization"},"potentialAction":[{"@type":"SearchAction","target":{"@type":"EntryPoint","urlTemplate":"https:\/\/www.on-school.com\/blog\/?s={search_term_string}"},"query-input":{"@type":"PropertyValueSpecification","valueRequired":true,"valueName":"search_term_string"}}],"inLanguage":"en-US"},{"@type":"Organization","@id":"https:\/\/www.on-school.com\/blog\/#organization","name":"On-School","url":"https:\/\/www.on-school.com\/blog\/","logo":{"@type":"ImageObject","inLanguage":"en-US","@id":"https:\/\/www.on-school.com\/blog\/#\/schema\/logo\/image\/","url":"https:\/\/www.on-school.com\/blog\/wp-content\/uploads\/2025\/09\/logoNewSchool.jpg","contentUrl":"https:\/\/www.on-school.com\/blog\/wp-content\/uploads\/2025\/09\/logoNewSchool.jpg","width":778,"height":777,"caption":"On-School"},"image":{"@id":"https:\/\/www.on-school.com\/blog\/#\/schema\/logo\/image\/"},"sameAs":["https:\/\/www.facebook.com\/pages\/On-School-Plataforma-Educativa-Virtual\/359347014214506","https:\/\/x.com\/dannyrq0103"]},{"@type":"Person","@id":"https:\/\/www.on-school.com\/blog\/#\/schema\/person\/60396eb2dba803d5c761e33f467a0e58","name":"jolusafe5","image":{"@type":"ImageObject","inLanguage":"en-US","@id":"https:\/\/secure.gravatar.com\/avatar\/d2a6967d3c1736c22d3eca3839cb5260e71ac1ef16ce076cb36aeea8ca491315?s=96&d=mm&r=g","url":"https:\/\/secure.gravatar.com\/avatar\/d2a6967d3c1736c22d3eca3839cb5260e71ac1ef16ce076cb36aeea8ca491315?s=96&d=mm&r=g","contentUrl":"https:\/\/secure.gravatar.com\/avatar\/d2a6967d3c1736c22d3eca3839cb5260e71ac1ef16ce076cb36aeea8ca491315?s=96&d=mm&r=g","caption":"jolusafe5"},"description":"Apasionado por los temas educativos, ciencias sociales y tecnolog\u00eda. Ingeniero en Computaci\u00f3n y Sistemas por la Universidad Popular Aut\u00f3noma del Estado de Puebla (UPAEP) . Maestr\u00eda en Inform\u00e1tica Aplicada por el Instituto Tecnol\u00f3gico y de Estudios Superiores de Occidente (ITESO). Estudiante de Maestr\u00eda en Inteligencia Artificial por ALINNCO.","sameAs":["http:\/\/www.on-school.com","https:\/\/www.facebook.com\/jolusafe5","https:\/\/x.com\/jolusafe5"],"url":"https:\/\/www.on-school.com\/blog\/author\/jolusafe5\/"}]}},"jetpack_publicize_connections":[],"jetpack_featured_media_url":"https:\/\/www.on-school.com\/blog\/wp-content\/uploads\/2019\/10\/pedagogia-e15469952478591.jpg","jetpack_shortlink":"https:\/\/wp.me\/p4Yboc-r4","jetpack_sharing_enabled":true,"jetpack-related-posts":[{"id":1681,"url":"https:\/\/www.on-school.com\/blog\/historia-del-proceso-pedagogico-educativo\/","url_meta":{"origin":1678,"position":0},"title":"Historia del Proceso Pedag\u00f3gico Educativo","author":"jolusafe5","date":"07\/10\/2019","format":false,"excerpt":"Pedagog\u00eda y Educaci\u00f3n HISTORIA DEL PROCESO PEDAG\u00d3GICO EDUCATIVO La historia del proceso pedag\u00f3gico educativo nace desde las primeras civilizaciones y se cristaliza con aquellas que han dejado sus estelas filos\u00f3ficas, teol\u00f3gicas, praxiol\u00f3gica, cient\u00edficas, humanistas, sociales, entre otras. Se entiende \u00a0por procesos pedag\u00f3gicos como el conjunto de pr\u00e1cticas, relaciones intersubjetivas y\u2026","rel":"","context":"In &quot;Pedagog\u00eda&quot;","block_context":{"text":"Pedagog\u00eda","link":"https:\/\/www.on-school.com\/blog\/category\/ciencias-de-la-educacion\/pedagogia\/"},"img":{"alt_text":"Pedagog\u00eda y Educaci\u00f3n","src":"https:\/\/i0.wp.com\/www.on-school.com\/blog\/wp-content\/uploads\/2019\/10\/el-negocio-de-la-educacion2.jpg?resize=350%2C200&ssl=1","width":350,"height":200,"srcset":"https:\/\/i0.wp.com\/www.on-school.com\/blog\/wp-content\/uploads\/2019\/10\/el-negocio-de-la-educacion2.jpg?resize=350%2C200&ssl=1 1x, https:\/\/i0.wp.com\/www.on-school.com\/blog\/wp-content\/uploads\/2019\/10\/el-negocio-de-la-educacion2.jpg?resize=525%2C300&ssl=1 1.5x, https:\/\/i0.wp.com\/www.on-school.com\/blog\/wp-content\/uploads\/2019\/10\/el-negocio-de-la-educacion2.jpg?resize=700%2C400&ssl=1 2x"},"classes":[]},{"id":1675,"url":"https:\/\/www.on-school.com\/blog\/pedagogia\/","url_meta":{"origin":1678,"position":1},"title":"Pedagog\u00eda","author":"jolusafe5","date":"07\/10\/2019","format":false,"excerpt":"CONCEPCI\u00d3N Y DEFINICIONES DEL CONCEPTO PEDAGOG\u00cdA Pedagog\u00eda DEFINICIONES La ciencia que tiene como objeto el conocimiento de la educaci\u00f3n recibe el nombre de Pedagog\u00eda; la que delimita la esencia, formas, grados y funciones de la educaci\u00f3n, sus leyes y categor\u00edas que se establecen en las interrelaciones y los factores y\u2026","rel":"","context":"In &quot;Pedagog\u00eda&quot;","block_context":{"text":"Pedagog\u00eda","link":"https:\/\/www.on-school.com\/blog\/category\/ciencias-de-la-educacion\/pedagogia\/"},"img":{"alt_text":"Pedagog\u00eda","src":"https:\/\/i0.wp.com\/www.on-school.com\/blog\/wp-content\/uploads\/2019\/10\/shutterstock_1412073761.jpg?resize=350%2C200&ssl=1","width":350,"height":200,"srcset":"https:\/\/i0.wp.com\/www.on-school.com\/blog\/wp-content\/uploads\/2019\/10\/shutterstock_1412073761.jpg?resize=350%2C200&ssl=1 1x, https:\/\/i0.wp.com\/www.on-school.com\/blog\/wp-content\/uploads\/2019\/10\/shutterstock_1412073761.jpg?resize=525%2C300&ssl=1 1.5x, https:\/\/i0.wp.com\/www.on-school.com\/blog\/wp-content\/uploads\/2019\/10\/shutterstock_1412073761.jpg?resize=700%2C400&ssl=1 2x"},"classes":[]},{"id":1693,"url":"https:\/\/www.on-school.com\/blog\/la-pedagogia-contemporanea\/","url_meta":{"origin":1678,"position":2},"title":"La pedagog\u00eda contempor\u00e1nea","author":"jolusafe5","date":"11\/10\/2019","format":false,"excerpt":"Pedagog\u00eda contempor\u00e1nea El conocimiento cient\u00edfico, a su vez, es el reflejo fenom\u00e9nico en la conciencia del hombre del ordenamiento espacio temporal del mundo material y de la sociedad, en su devenir evolutivo e hist\u00f3rico, que conlleva impl\u00edcitamente, de manera esencial, la renovaci\u00f3n constante del mismo. Lo anterior nos da las\u2026","rel":"","context":"In &quot;Pedagog\u00eda&quot;","block_context":{"text":"Pedagog\u00eda","link":"https:\/\/www.on-school.com\/blog\/category\/ciencias-de-la-educacion\/pedagogia\/"},"img":{"alt_text":"Pedagog\u00eda contempor\u00e1nea","src":"https:\/\/i0.wp.com\/www.on-school.com\/blog\/wp-content\/uploads\/2019\/10\/escuela-1024x6901.jpg?resize=350%2C200&ssl=1","width":350,"height":200,"srcset":"https:\/\/i0.wp.com\/www.on-school.com\/blog\/wp-content\/uploads\/2019\/10\/escuela-1024x6901.jpg?resize=350%2C200&ssl=1 1x, https:\/\/i0.wp.com\/www.on-school.com\/blog\/wp-content\/uploads\/2019\/10\/escuela-1024x6901.jpg?resize=525%2C300&ssl=1 1.5x, https:\/\/i0.wp.com\/www.on-school.com\/blog\/wp-content\/uploads\/2019\/10\/escuela-1024x6901.jpg?resize=700%2C400&ssl=1 2x"},"classes":[]},{"id":334,"url":"https:\/\/www.on-school.com\/blog\/emprendedor-educativo-paulo-freire\/","url_meta":{"origin":1678,"position":3},"title":"Emprendedor Educativo &#8220;Paulo Freire&#8221;","author":"Daniela Robles","date":"04\/10\/2014","format":false,"excerpt":"Paulo Freire es un pedagogo que naci\u00f3 en Brasil en 1921-1997.\u00a0 Estudio filosof\u00eda e inicio su labor como profesor\u00a0 de historia y filosof\u00eda en la Universidad de Recife. En 1947 inicio su carrera para la alfabetizaci\u00f3n de adultos, que m\u00e1s tarde lo llevar\u00eda a la pr\u00e1ctica en el noroeste de\u2026","rel":"","context":"In &quot;Innovaci\u00f3n y Gesti\u00f3n de Proyectos&quot;","block_context":{"text":"Innovaci\u00f3n y Gesti\u00f3n de Proyectos","link":"https:\/\/www.on-school.com\/blog\/category\/ciencias-de-la-educacion\/innovacion-y-gestion-de-proyectos\/"},"img":{"alt_text":"Paulo Freire","src":"https:\/\/i0.wp.com\/www.on-school.com\/blog\/wp-content\/uploads\/2014\/10\/Paulo-Freire-BW1.png?resize=350%2C200&ssl=1","width":350,"height":200,"srcset":"https:\/\/i0.wp.com\/www.on-school.com\/blog\/wp-content\/uploads\/2014\/10\/Paulo-Freire-BW1.png?resize=350%2C200&ssl=1 1x, https:\/\/i0.wp.com\/www.on-school.com\/blog\/wp-content\/uploads\/2014\/10\/Paulo-Freire-BW1.png?resize=525%2C300&ssl=1 1.5x"},"classes":[]},{"id":1867,"url":"https:\/\/www.on-school.com\/blog\/la-pedagogia-y-la-didactica\/","url_meta":{"origin":1678,"position":4},"title":"La pedagog\u00eda y la did\u00e1ctica","author":"jolusafe5","date":"30\/10\/2019","format":false,"excerpt":"La pedagog\u00eda y la did\u00e1ctica Dentro del campo de la educaci\u00f3n se encuentra la pedagog\u00eda, entendida no solo como discurso sino tambi\u00e9n como pr\u00e1ctica formativa, en donde se evidencian los saberes, los valores y las actitudes de las personas, como lo afirma Guerrero (2009, p. 12) \u201cLa Pedagog\u00eda es necesaria\u2026","rel":"","context":"In &quot;Pedagog\u00eda&quot;","block_context":{"text":"Pedagog\u00eda","link":"https:\/\/www.on-school.com\/blog\/category\/ciencias-de-la-educacion\/pedagogia\/"},"img":{"alt_text":"La pedagog\u00eda y la did\u00e1ctica","src":"https:\/\/i0.wp.com\/www.on-school.com\/blog\/wp-content\/uploads\/2019\/10\/pedagogia-y-didactica-aliadas-estrategicas-de-la-educacion1.jpg?resize=350%2C200&ssl=1","width":350,"height":200,"srcset":"https:\/\/i0.wp.com\/www.on-school.com\/blog\/wp-content\/uploads\/2019\/10\/pedagogia-y-didactica-aliadas-estrategicas-de-la-educacion1.jpg?resize=350%2C200&ssl=1 1x, https:\/\/i0.wp.com\/www.on-school.com\/blog\/wp-content\/uploads\/2019\/10\/pedagogia-y-didactica-aliadas-estrategicas-de-la-educacion1.jpg?resize=525%2C300&ssl=1 1.5x"},"classes":[]},{"id":1684,"url":"https:\/\/www.on-school.com\/blog\/modelos-pedagogicos\/","url_meta":{"origin":1678,"position":5},"title":"Modelos Pedag\u00f3gicos","author":"jolusafe5","date":"07\/10\/2019","format":false,"excerpt":"Modelos Pedag\u00f3gicos Modelos Pedag\u00f3gicos LAS CONCEPCIONES Y TEOR\u00cdAS PSICOL\u00d3GICAS COMO ANTECESORES DE LOS MODELOS PEDAG\u00d3GICOS. Al finalizar el siglo XIX, los avances en las ciencias experimentales produjeron un cambio en la concepci\u00f3n de una de las disciplinas humanista, la Psicolog\u00eda. En el laboratorio de la Universidad de Leipzig (Alemania), el\u2026","rel":"","context":"In &quot;Pedagog\u00eda&quot;","block_context":{"text":"Pedagog\u00eda","link":"https:\/\/www.on-school.com\/blog\/category\/ciencias-de-la-educacion\/pedagogia\/"},"img":{"alt_text":"Modelos Educativos","src":"https:\/\/i0.wp.com\/www.on-school.com\/blog\/wp-content\/uploads\/2019\/10\/2015-08-03_13-45-231.jpg?resize=350%2C200&ssl=1","width":350,"height":200,"srcset":"https:\/\/i0.wp.com\/www.on-school.com\/blog\/wp-content\/uploads\/2019\/10\/2015-08-03_13-45-231.jpg?resize=350%2C200&ssl=1 1x, https:\/\/i0.wp.com\/www.on-school.com\/blog\/wp-content\/uploads\/2019\/10\/2015-08-03_13-45-231.jpg?resize=525%2C300&ssl=1 1.5x, https:\/\/i0.wp.com\/www.on-school.com\/blog\/wp-content\/uploads\/2019\/10\/2015-08-03_13-45-231.jpg?resize=700%2C400&ssl=1 2x"},"classes":[]}],"jetpack_likes_enabled":true,"_links":{"self":[{"href":"https:\/\/www.on-school.com\/blog\/wp-json\/wp\/v2\/posts\/1678","targetHints":{"allow":["GET"]}}],"collection":[{"href":"https:\/\/www.on-school.com\/blog\/wp-json\/wp\/v2\/posts"}],"about":[{"href":"https:\/\/www.on-school.com\/blog\/wp-json\/wp\/v2\/types\/post"}],"author":[{"embeddable":true,"href":"https:\/\/www.on-school.com\/blog\/wp-json\/wp\/v2\/users\/1"}],"replies":[{"embeddable":true,"href":"https:\/\/www.on-school.com\/blog\/wp-json\/wp\/v2\/comments?post=1678"}],"version-history":[{"count":1,"href":"https:\/\/www.on-school.com\/blog\/wp-json\/wp\/v2\/posts\/1678\/revisions"}],"predecessor-version":[{"id":1680,"href":"https:\/\/www.on-school.com\/blog\/wp-json\/wp\/v2\/posts\/1678\/revisions\/1680"}],"wp:featuredmedia":[{"embeddable":true,"href":"https:\/\/www.on-school.com\/blog\/wp-json\/wp\/v2\/media\/1679"}],"wp:attachment":[{"href":"https:\/\/www.on-school.com\/blog\/wp-json\/wp\/v2\/media?parent=1678"}],"wp:term":[{"taxonomy":"category","embeddable":true,"href":"https:\/\/www.on-school.com\/blog\/wp-json\/wp\/v2\/categories?post=1678"},{"taxonomy":"post_tag","embeddable":true,"href":"https:\/\/www.on-school.com\/blog\/wp-json\/wp\/v2\/tags?post=1678"}],"curies":[{"name":"wp","href":"https:\/\/api.w.org\/{rel}","templated":true}]}}